{"id":21370,"date":"2023-01-18T04:48:52","date_gmt":"2023-01-18T03:48:52","guid":{"rendered":"http:\/\/www.infokuryr.cz\/n\/?p=21370"},"modified":"2023-01-18T05:35:13","modified_gmt":"2023-01-18T04:35:13","slug":"putin-se-zase-smeje","status":"publish","type":"post","link":"https:\/\/www.infokuryr.cz\/n\/2023\/01\/18\/putin-se-zase-smeje\/","title":{"rendered":"Putin se zase sm\u011bje!"},"content":{"rendered":"<div id=\"fb-root\"><\/div>\n<p><strong><span style=\"font-size: 14pt;\">Putin se zase sm\u011bje! Klaus Schwab z Davosu chce b\u00fdt letos korunov\u00e1n za d\u011bdi\u010dn\u00e9ho evropsk\u00e9ho c\u00edsa\u0159e a Brusel se chyst\u00e1 zav\u00e9st komunistick\u00e9 p\u011btiletky a p\u0159\u00edd\u011blov\u00fd syst\u00e9m!<\/span><\/strong><\/p>\n<p>Vladim\u00edr Putin i Xi Jinping se tento t\u00fdden spokojen\u011b usm\u00edvali. Sankce vyp\u00e1len\u00e9 loni z Bruselu na Rusko a letos na \u010c\u00ednu, se v\u010dera nad Asi\u00ed znenad\u00e1n\u00ed oto\u010dily, a u\u017e let\u00ed jako bumerang na EU! Nejprve indon\u00e9sk\u00fd prezident Joko Widoko zahrozil Eurokrat\u016fm, \u017ee si od nich Asie nenech\u00e1 diktovat r\u016fzn\u00e1 nesmysln\u00e1 na\u0159\u00edzen\u00ed, a \u017ee Evropa brzy uvid\u00ed, jestli Asii nep\u0159estane diktovat.\u00a0<a href=\"https:\/\/www.politico.eu\/article\/eu-green-agenda-has-its-trading-partners-seeing-red-climate-neutrality\/\">A chvilku po n\u011bm u\u017e malajsk\u00fd ministr Fadillah Yusof su\u0161e ozn\u00e1mil, \u017ee Malajsie, Indon\u00e9sie a dal\u0161\u00ed zem\u011b se domluvily, \u017ee uval\u00ed na Brusel sankce, a \u017ee zak\u00e1\u017e\u00ed v\u00fdvoz ve\u0161ker\u00e9ho palmov\u00e9ho oleje do EU<\/a>! A to nen\u00ed sranda.\u00a0<a href=\"https:\/\/www.statista.com\/statistics\/489404\/palm-kernel-oil-consumption-european-union\/\">EU spot\u0159ebuje ro\u010dn\u011b 6,7 milionu tun palmov\u00e9ho oleje<\/a>. Olej se dov\u00e1\u017e\u00ed p\u0159edev\u0161\u00edm z Malajsie, Indon\u00e9sie a Indie, a v\u00a0<a href=\"https:\/\/www.reuters.com\/markets\/commodities\/eu-palm-oil-use-imports-seen-plummeting-by-2032-2022-12-08\/\">z\u00e1padn\u00ed EU se pou\u017e\u00edv\u00e1 hlavn\u011b na produkci bionafty<\/a>, na v\u00fdkrm prasat a dr\u016fbe\u017ee v Holandsku, a na v\u00fdrobu levn\u00fdch potravin pro chud\u00fd lid. Po v\u00fdpadku dovozu milion\u016f tun ukrajinsk\u00e9ho slune\u010dnicov\u00e9ho oleje se tak zd\u00e1, \u017ee n\u00e1s d\u00edky bruselsk\u00e9 politice \u010dekaj\u00ed vskutku huben\u00e1 l\u00e9ta, t\u00edm sp\u00ed\u0161, \u017ee EU zakazuje sv\u00fdm farm\u00e1\u0159\u016fm i hnojen\u00ed!<\/p>\n<p>Politici Asie, Afriky a Ji\u017en\u00ed Ameriky se spojuj\u00ed s Ruskem a \u010c\u00ednou do nov\u00e9 protievropsk\u00e9 aliance.\u00a0<a href=\"https:\/\/maritime-executive.com\/article\/south-africa-plans-naval-drills-with-russia-and-china\">24. \u00fanora 2023 na oslavu 1. v\u00fdro\u010d\u00ed p\u0159epaden\u00ed Ukrajiny z Jihoafrick\u00e9ho p\u0159\u00edstavu vypluj\u00ed ke spole\u010dn\u00fdm man\u00e9vr\u016fm 2 rusk\u00e9, 1 jihoafrick\u00e1 a 3 \u010d\u00ednsk\u00e9 v\u00e1le\u010dn\u00e9 lod\u011b<\/a>. Jihoafrick\u00fd prezident Cyril Ramaphosa je star\u00fd p\u0159\u00edtel Putina i Xi Jinpinga. Letos v prosinci nechal na nejv\u011bt\u0161\u00ed vojenskou n\u00e1mo\u0159n\u00ed z\u00e1kladnu v Ji\u017en\u00ed Africe<a href=\"https:\/\/www.defenceweb.co.za\/featured\/mysterious-russian-cargo-ship-lady-r-exits-simons-town\/\">\u00a0tajn\u011b vplout ruskou n\u00e1kladn\u00ed lo\u010f Lady R<\/a>. Lady R je na sank\u010dn\u00edm seznamu USA, proto\u017ee podle Washingtonu po cel\u00e9m sv\u011bt\u011b letos rozv\u00e1\u017e\u00ed rusk\u00e9 zbran\u011b, a nesm\u00ed vplout do \u017e\u00e1dn\u00e9ho p\u0159\u00edstavu na sv\u011bt\u011b bez hn\u011bvu USA. Na vojensk\u00e9 z\u00e1kladn\u011b Simon Town se ale z Lady R po noc\u00edch usilovn\u011b vykl\u00e1daly kontejnery, auta, a dal\u0161\u00ed vybaven\u00ed. USA marn\u011b protestovaly. Washington je v konc\u00edch.<a href=\"https:\/\/www.defenceweb.co.za\/featured\/saimi-welcomes-project-thusano-expansion-to-include-maritime-services\/\">\u00a0V Ji\u017en\u00ed Africe je u\u017e n\u011bkolik let na n\u00e1mo\u0159n\u00edch z\u00e1kladn\u00e1ch um\u00edst\u011bno n\u011bkolik tis\u00edc tzv. kub\u00e1nsk\u00fdch technik\u016f.<\/a>\u00a0Ji\u017en\u00ed Afrika za jejich slu\u017eby plat\u00ed Kub\u011b miliardy dolar\u016f za \u201cznovuobnoven\u00ed\u201d sv\u00e9ho zbrojn\u00edho pr\u016fmyslu. Jihoafri\u010dt\u00ed d\u016fstojn\u00edci studuj\u00ed na Kub\u011b. Jihoafrick\u00e1 republika bohatne a jej\u00ed pr\u016fmysl se vzpamatov\u00e1v\u00e1 z krize zejm\u00e9na d\u00edky rostouc\u00edmu obchodu s \u010c\u00ednou, Indi\u00ed a Ruskem. Vykl\u00e1d\u00e1n\u00ed zbran\u00ed z rusk\u00e9 lodi Lady R na z\u00e1kladn\u011b Simon Town ale vyd\u011bsilo mnohem v\u00edc Brusel ne\u017e Washington. V sousedn\u00edm Mosambiku Brusel letos dostav\u011bl nejdra\u017e\u0161\u00ed stavbu v d\u011bjin\u00e1ch EU \u2013 plynov\u00fd termin\u00e1l v provincii Delgado. Koncem listopadu z n\u011bj vyrazily prvn\u00ed lodi nalo\u017een\u00e9 plynem, kter\u00fd m\u00e1 zachr\u00e1nit Evropu p\u0159ed koncem rusk\u00fdch dod\u00e1vek. A v prosinci se u\u017e kousek vedle rafinerie za\u010daly tajn\u011b vykl\u00e1dat rusk\u00e9 zbran\u011b. P\u0159ipo\u010dteme-li, \u017ee v Mosambiku vl\u00e1dne star\u00fd marxista a p\u0159\u00edtel Putina Filipe Nyusi, a\u00a0<a href=\"https:\/\/issafrica.org\/iss-today\/wagner-is-being-used-in-africa-as-a-proxy-to-target-civilians\">ten u\u017e v roce 2019 povolal do zem\u011b Putinova kucha\u0159e Prigo\u017eina<\/a>, a jihoafrick\u00e9 soukrom\u00e1 komanda, aby ve vzbou\u0159en\u00e9 provincii Delgado obnovili po\u0159\u00e1dek, tak nyn\u00ed, k<span class=\"mw-page-title-main\">dy\u017e si Putin usmysl\u00ed, \u010derstv\u011b vyzbrojen\u00fd W\u00e1gner ur\u010dit\u011b r\u00e1d poskytne rafinerii LNG v Delgadu n\u00e1le\u017eitou ochranu p\u0159ed v\u0161emi hrozbami sabot\u00e1\u017eemi a v\u00fdbuchy, ne? Co \u0159\u00edk\u00e1te, \u017ee by Putin chystal pomstu za Nord Stream 2?\u00a0 (<a href=\"https:\/\/web.archive.org\/web\/20191012174058\/https:\/\/www.austrianworldsummit.com\/event\/speaker\/nyusi\">Ostatn\u011b Filipe Nyussi je absolventem Vojensk\u00e9 akademie Anton\u00edna Z\u00e1potock\u00e9ho v Brn\u011b<\/a>, a byl zde vyhl\u00e1\u0161en nejlep\u0161\u00edm studentem.\u00a0<a href=\"https:\/\/echo24.cz\/a\/HzQtN\/zpravy-domov-analyza-historik-blazek-ucili-spionske-praxi\">Na Akademii Z\u00e1potock\u00e9ho byl jeho spolu\u017e\u00e1kem i \u010desk\u00fd prezidentsk\u00fd kandid\u00e1t Petr Pavel, kter\u00e9ho tam do kurzu \u0161pion\u016f poslala STB<\/a>.\u00a0 Nad\u011bjn\u00e9ho komunistick\u00e9ho partyz\u00e1na Nyussi tam zase poslali na studia jeho\u00a0<a href=\"https:\/\/en.wikipedia.org\/wiki\/FRELIMO\">nad\u0159\u00edzen\u00ed z marxistick\u00e9 organizace Frelimo<\/a>! V roce 2017 \u010delil Nyussi v Mosambiku nejist\u00e9 budoucnosti, a spekulovalo se, \u017ee padne.\u00a0<a href=\"https:\/\/www.controlrisks.com\/our-thinking\/insights\/party-and-state-mozambiques-politics-and-policy?utm_referrer=https:\/\/www.google.com\">Le\u010d se rychle osobn\u011b setkal s Angelou Merklovou<\/a>, hned mu za\u010daly proudit evropsk\u00e9 miliardy. Angela Merklov\u00e1 byla evidovan\u00e1 jako agentka STASI \u2013\u00a0<em>Erika,\u00a0<\/em>a m\u011bla velmi bl\u00edzko k agentu KGB Putinovi.<a href=\"https:\/\/antilobby.files.wordpress.com\/2012\/04\/stasi.pdf\">\u00a0Jako agentka Erika m\u011bla na starosti sh\u00e1n\u011bn\u00ed financ\u00ed a zbran\u00ed pro marxistick\u00e9 hnut\u00ed Frelimo<\/a>. Kdy\u017e u\u017e jsme u t\u011bch star\u00fdch zn\u00e1most\u00ed Angela Merklov\u00e1 ned\u00e1vno vyhl\u00e1sila, \u017ee Minsk\u00e9 dohody, kter\u00e9 prosadila, byly podvod, kter\u00fd m\u011bl z\u00edskat Ukrajin\u011b \u010das. Ot\u00e1zka je ov\u0161em pro koho ve skute\u010dnosti ten podvod m\u011bl z\u00edskat \u010das.\u00a0<a href=\"https:\/\/www.michalapetr.com\/wp-admin\/post.php?post=2173&amp;action=edit\">Proto\u017ee v roce 2014 Putin a Xi Jinping uzav\u0159eli smlouvu o vybudov\u00e1n\u00ed plynovodu, a ten byl pr\u00e1v\u011b letos dokon\u010den! Bez toho plynovodu by Rusko tak snadno neo\u017eelelo dod\u00e1vky plynu do EU!<\/a>)<\/span><\/p>\n<p><a href=\"https:\/\/www.michalapetr.com\/mip-116-jak-dopravit-do-ceska-levny-plyn-prekvapive-jednoduche-stejnym-plynovodem-jak-to-udelal-vcera-orban\/\">To \u017ee se v\u0161echny zem\u011b sv\u011bta proti EU kv\u016fli poplatk\u016fm CBAM spoj\u00ed, jsme p\u0159edpov\u011bd\u011bli u\u017e v anal\u00fdze z 1. z\u00e1\u0159\u00ed 2022!<\/a><\/p>\n<p>D\u016fvod pro\u010d politici cel\u00e9ho neanglosask\u00e9ho sv\u011bta spojuj\u00ed s\u00edly proti Bruselu je prost\u00fd a\u00a0<a href=\"http:\/\/michalapetr.cz\/doku.php#map_1079_eu_zdrazovani_mohammed_chachim_zavadi_novy_euro-poplatek_ktery_budou_platit_do_bruselu_vsichni_obcane_eu\">m\u016f\u017ee za n\u011bj vlivn\u00fd eurokrat Mohammed Chahim<\/a>. (foto dole)\u00a0<a href=\"https:\/\/www.politico.eu\/article\/eu-green-agenda-has-its-trading-partners-seeing-red-climate-neutrality\/\">Europoslanec Chachim je hlavn\u00edm autorem na\u0159\u00edzen\u00ed CBAM<\/a>, kter\u00e9 se povedlo d\u00edky p\u0159edsednictv\u00ed \u010desk\u00e9 fialov\u00e9 vl\u00e1dy koncem minul\u00e9ho roku protla\u010dit v Bruselu. Krom miliardov\u00fdch poplatk\u016f do Bruselsk\u00e9 kasy, na\u0159\u00edzen\u00fdch vyhl\u00e1\u0161kou CBAM, kter\u00e9 budou muset platit \u010ce\u0161i i Slov\u00e1ci, za to \u017ee bydl\u00ed, jed\u00ed, sprchuj\u00ed se, a pij\u00ed vodu a jezd\u00ed do pr\u00e1ce a do \u0161koly, je tak\u00e9 na\u0159\u00edzen\u00ed CBAM nam\u00ed\u0159eno proti zem\u00edm Asie, Ji\u017en\u00ed Ameriky a Afriky. Brusel se rozhodl, \u017ee uval\u00ed poplatek CBAM i na ka\u017edou zemi, kter\u00e1 do EU dov\u00e1\u017e\u00ed n\u011bjak\u00e9 zbo\u017e\u00ed, produkty a nebo slu\u017eby! V\u0161echny tyto zem\u011b si tak budou muset na evropsk\u00e9 burze nakupovat tzv. emisn\u00ed povolenky. Chud\u00e9 zem\u011b sv\u011bta jsou z toho vzteky bez sebe \u2013 maj\u00ed do Bruselu platit stejn\u00e9 poplatky jako je budou platit \u010ce\u0161i i Slov\u00e1ci! A jejich politici se rozhodli, \u017ee si to nenechaj\u00ed l\u00edbit. A jak ch\u00e1pete u Putina i Xi Jinpinga na\u0161li hlubok\u00e9 pochopen\u00ed. Ostatn\u011b je to legra\u010dn\u00ed. Cel\u00e1 minul\u00e1 desetilet\u00ed nech\u00e1val Brusel\u00a0vypalovat pralesy, aby se na vyp\u00e1len\u00e9 p\u016fd\u011b p\u011bstoval palmov\u00fd olej a s\u00f3ja, proto\u017ee Z\u00e1padn\u00ed Evropa pot\u0159ebovala p\u0159im\u00edch\u00e1vat bioslo\u017eky do nafty. A te\u010f zase EU chce, aby tyto zem\u011b platily do Bruselu poplatky, za to \u017ee p\u011bstuj\u00ed palmov\u00fd olej a s\u00f3ju na vyp\u00e1len\u00e9 pralesn\u00ed p\u016fd\u011b!<\/p>\n<p><img decoding=\"async\" loading=\"lazy\" class=\"size-full wp-image-2756 aligncenter\" src=\"https:\/\/www.michalapetr.com\/wp-content\/uploads\/2023\/01\/mohammed-chahim-uit-helmond-is-europarlemtarier.jpg\" sizes=\"(max-width: 400px) 100vw, 400px\" srcset=\"https:\/\/www.michalapetr.com\/wp-content\/uploads\/2023\/01\/mohammed-chahim-uit-helmond-is-europarlemtarier.jpg 400w, https:\/\/www.michalapetr.com\/wp-content\/uploads\/2023\/01\/mohammed-chahim-uit-helmond-is-europarlemtarier-300x215.jpg 300w\" alt=\"\" width=\"400\" height=\"287\" \/><\/p>\n<p>(Mohamad Chachim, vlivn\u00fd europoslanec, kter\u00fd s pomoc\u00ed fialov\u00e9ho p\u0159edsednictv\u00ed EU prosadil uvalen\u00ed poplatk\u016f CBAM na obyvatele EU, a zem\u011b cel\u00e9ho sv\u011bta. Letos se u\u017e posti\u017een\u00e9 zem\u011b sv\u011bta spojuj\u00ed s Ruskem a \u010c\u00ednou, aby uvalily odvetn\u00e9 sankce na EU! Tak to se povedlo!)<\/p>\n<p>C\u00edlem poplatk\u016f CBAM je zabr\u00e1nit zem\u00edm, kter\u00e9 maj\u00ed levn\u00e9 energie, aby mohly vyv\u00e1\u017eet sv\u00e9 produkty do EU. Je to ochrann\u00e9 opat\u0159en\u00ed na z\u00e1chranu evropsk\u00e9ho pr\u016fmyslu. Jen\u017ee vyvolalo odvetnou reakci. Evropa tak p\u0159ijde o suroviny a levn\u00e9 pr\u016fmyslov\u00e9 polotovary, kter\u00e9 nutn\u011b pot\u0159ebuje, a nav\u00edc jej\u00ed drah\u00e9 zbo\u017e\u00ed zat\u00ed\u017een\u00e9 poplatky CBAM bude mimo EU stejn\u011b neprodejn\u00e9.<\/p>\n<p>Aby Brusel zachr\u00e1nil evropsk\u00fd pr\u016fmysl p\u0159ed krachem a \u00faprkem do USA, \u010c\u00edny, Indie a dal\u0161\u00edch zem\u00ed,\u00a0<a href=\"https:\/\/jungefreiheit.de\/politik\/ausland\/2023\/frankreich-will-planvorgaben\/\">vymyslel ve spolupr\u00e1ci s Macronem nov\u00fd pl\u00e1n<\/a>. Jeho podstatou je vytvo\u0159en\u00ed maxim\u00e1ln\u00edch v\u00fdrobn\u00edch kv\u00f3t pro jednotliv\u00e9 evropsk\u00e9 zem\u011b, aby si nekonkurovaly. Tedy stejn\u011b jako v RVHP se nov\u011b v EU bude na\u0159izovat, kter\u00e1 zem\u011b m\u016f\u017ee kolik zbo\u017e\u00ed a potravin vyrobit! Brusel tak zav\u00e1d\u00ed p\u0159\u00edd\u011blov\u00fd syst\u00e9m a chce dokonce zav\u00e9st pl\u00e1novan\u00ed v\u00fdroby, jak si jej pamatujete z komunismu.<\/p>\n<p><a href=\"https:\/\/jungefreiheit.de\/politik\/ausland\/2023\/frankreich-will-planvorgaben\/\">Pl\u00e1n m\u00e1 \u010delit subvenc\u00edm 391 miliard USD, kter\u00e9 Washington schv\u00e1lil na podporu p\u0159echodu USA na zelenou energetiku<\/a>. V\u00fdrobky z USA tak budou levn\u00e9, proto\u017ee budou dotovan\u00e9. USA tak zni\u010d\u00ed evropsk\u00e1 pracovn\u00ed m\u00edsta! Aby tomu tak nebylo, Brusel vymyslel vlastn\u00ed pl\u00e1n za 500 miliard EUR. Jen\u017ee na rozd\u00edl od USA, kter\u00e9 391 miliard USD prost\u011b vytisknou, si je Brusel hodl\u00e1 p\u016fj\u010dit podle mechanismu SURE u bank\u00e9\u0159\u016f na Lucembursk\u00e9 burze.\u00a0<a href=\"https:\/\/data.worldbank.org\/indicator\/NY.GNP.MKTP.CD?locations=EU\">\u010ce\u0161i tak budou povinni podle mechanismu SURE ru\u010dit cel\u00fdm sv\u00fdm majetkem za 1,56%<\/a>\u00a0cel\u00e9 t\u00e9to bruselsk\u00e9 p\u016fj\u010dky, (195 miliard korun), a Slov\u00e1ci za 0,666%, (3,3 miliardy EUR)! \u00daroky v tom nejsou zapo\u010dten\u00e9. Podle ust\u00e1len\u00e9ho zvyku se tyto dluhopisy budou prod\u00e1vat na Lucembursk\u00e9 burze a Lucembursko na dan\u00edch z nich vyd\u011bl\u00e1 zase raketu. T\u011bchto 500 miliard se bude spl\u00e1cet 5 a\u017e 30 let, jak je zvykem u p\u016fj\u010dek SURE.\u00a0<a href=\"https:\/\/economy-finance.ec.europa.eu\/eu-financial-assistance\/sure_en#eu-sure-social-bond\">Letos 14. prosince dostala fialov\u00e1 vl\u00e1da z Bruselu posledn\u00ed tran\u0161i z programu SURE-COVID 4,5 miliardy EUR!<\/a>\u00a0\u010cesko mus\u00ed celou \u010d\u00e1stku do Bruselu zaplatit i s \u00faroky, nejedn\u00e1 se tedy o dotaci, ale o p\u016fj\u010dku. Brusel p\u0159itom rozhoduje, na co \u010cesko sm\u00ed tyto pen\u00edze utratit! Obdobn\u00e9 to bude i u nov\u00e9 p\u016fj\u010dky SURE na 500 miliard. (<a href=\"https:\/\/economy-finance.ec.europa.eu\/eu-financial-assistance\/sure_en#eu-sure-social-bond\">Pod\u00edl z\u00e1ruk se po\u010d\u00edt\u00e1 podle pom\u011bru GNI ka\u017ed\u00e9 zem\u011b na celkov\u00e9m GNI EU<\/a>.)<\/p>\n<p>P\u016fj\u010dky SURE jsou v\u00fdhodn\u00e9 hlavn\u011b pro It\u00e1lii. Ta dostala 28% z cel\u00e9 p\u016fj\u010dky SURE-COVID, ale ru\u010d\u00ed jen za 12,42% cel\u00e9 p\u016fj\u010dky. Obdobn\u011b jsou p\u016fj\u010dky SURE v\u00fdhodn\u00e9 pro \u0160pan\u011blsko, Francii, \u0158ecko a Portugalsko. A pr\u00e1v\u011b na t\u00e9to v\u00fdhodnosti je zalo\u017een nejnov\u011bj\u0161\u00ed Bruselsk\u00fd pl\u00e1n na zaveden\u00ed kv\u00f3t pro v\u00fdrobu. Zem\u011b s vysokou nezam\u011bstnanost\u00ed budou, tak jako v mechanismu COVID zv\u00fdhodn\u011bny p\u0159ed zem\u011bmi s n\u00edzkou nezam\u011bstnanost\u00ed. Je to jak jsme odhalili u\u017e v minulosti \u2013 v\u00fdroba elektro-automobil\u016f se m\u00e1 pomoc\u00ed dotac\u00ed p\u0159esunout hlavn\u011b do z\u00e1padn\u00ed Evropy, proto\u017ee V\u00fdchodoevropan\u00e9 maj\u00ed b\u00fdt u\u017e tak chud\u00ed, \u017ee si elektro-automobily nebudou kupovat! Nast\u00e1v\u00e1 velk\u00fd n\u00e1vrat do komunismu!<\/p>\n<p>Nejv\u011bt\u0161\u00ed perli\u010dka, ale p\u0159i\u0161la z Davosu. Tam \u00fa\u0159edn\u00edci Clause Schwaba, kter\u00fd \u0159\u00edd\u00ed WEF (Sv\u011btov\u00e9 ekonomick\u00e9 f\u00f3rum) pod z\u00e1rukou absolutn\u00edho utajen\u00ed potvrdili, \u017ee WEF dost\u00e1v\u00e1 ro\u010dn\u00ed poplatky 390 milion\u016f dolar\u016f, \u017ee WEF je soukrom\u00e1 nadace Clause Schwaba, a \u017ee se m\u00edsto jej\u00edho \u0159editele bude d\u011bdit v rodin\u011b, proto\u017ee Schwab, kter\u00e9mu je letos 85 let, odstoupit nehodl\u00e1, dokud neum\u0159e, a jeho n\u00e1stupce mus\u00ed b\u00fdt podle stanov WEF jmenov\u00e1n Schwabem. U\u017e te\u010f stanovy WEF na\u0159izuj\u00ed, \u017ee jeho \u017eena Hilda, a d\u011bti Nicole a Oliviere maj\u00ed zaru\u010den\u00e1 m\u00edsta ve spr\u00e1vn\u00ed rad\u011b WEF. Cel\u00e9 sv\u011btov\u00e9 ekonomick\u00e9 f\u00f3rum, kter\u00e9 cel\u00e9mu sv\u011btu na\u0159izuje, co m\u00e1 d\u011blat a jak se\u00a0 m\u00e1 chovat, je tak \u010dist\u011b feud\u00e1ln\u00ed kr\u00e1lovsk\u00e1 a nebo c\u00edsa\u0159sk\u00e1 organizace, proto\u017ee neplat\u00ed dan\u011b, a v jeho \u010dele v\u017edy mus\u00ed st\u00e1t n\u00e1sledn\u00edk z rodiny Schwab\u016f! Jak vid\u00edte, na\u0161i evrop\u0161t\u00ed politici, kte\u0159\u00ed nejhlasit\u011bji ry\u010d\u00ed o rovnosti a demokracii, se jezd\u00ed ka\u017edoro\u010dn\u011b klan\u011bt do Davosu nik\u00fdm nevolen\u00e9mu c\u00edsa\u0159i, kter\u00fd \u017e\u00e1dn\u00e9 volby ani nep\u0159ipou\u0161t\u00ed!<\/p>\n<p><a href=\"https:\/\/www.e15.cz\/zahranicni\/svetove-ekonomicke-forum-2023-se-pokusi-zabranit-krizim-za-cesko-do-davosu-miri-sikela-1396013\">Za \u010cesko se jede nov\u00e9mu c\u00edsa\u0159i do Davosu poklonit osobn\u011b bank\u00e9\u0159 S\u00edkela<\/a>. Osoba, kter\u00e1 jako \u010dlen fialov\u00e9 vl\u00e1dy, m\u016f\u017ee letos za to, \u017ee se v \u010cesku, jako tak\u0159ka v jedin\u00e9 zemi EU, dan\u011b na elekt\u0159inu, plyn, l\u00e9ky\u00a0 a potraviny nejen nesni\u017euj\u00ed, ale dokonce zvy\u0161uj\u00ed, byl lidojedem Fialou vybr\u00e1n, aby v reprezentoval \u010cesko! Tedy jeho fialovou men\u0161inu! To dokonale p\u0159ipom\u00edn\u00e1 n\u00e1hle zhmotn\u011bnou realitu ze star\u00e9ho vtipu, kter\u00fd\u00a0p\u0159ed lety koloval v \u010ceskoslovensku. Podle n\u011bj se v Praze tajn\u011b se\u0161li na Hrad\u011b u Hus\u00e1ka Reagan a Gorba\u010dov, aby spolu domluvili pakt o sni\u017eov\u00e1n\u00ed po\u010dtu jadern\u00fdch zbran\u00ed. Jak se tak cel\u00e9 hodiny spolu h\u00e1dali o po\u010dtech tank\u016f, raket, bomb a ponorek, tak u\u017e to Hus\u00e1k nemohl vydr\u017eet, a \u0159ekl: B\u011b\u017ete do prdele oba dva! Nejni\u010div\u011bj\u0161\u00ed zbran\u011b na cel\u00e9m sv\u011bt\u011b m\u00e1m j\u00e1! Koukn\u011bte z okna, \u0159ekl, a uk\u00e1zal prstem na hradn\u00ed n\u00e1dvo\u0159\u00ed, kde post\u00e1vala skupinka ple\u0161at\u00fdch tlou\u0161t\u00edk\u016f v tesilov\u00fdch oblec\u00edch, a prohl\u00e1sil \u2013 Tak tohle jsou \u010deskosloven\u0161t\u00ed ekonomov\u00e9 a pl\u00e1nova\u010di, a kam je po\u0161lu, tam sto let tr\u00e1va neporoste! No a te\u010f si uv\u011bdomte, \u017ee Brusel letos zav\u00e1d\u00ed komunistick\u00e9 pl\u00e1nov\u00e1n\u00ed, komunistickou ekonomiku, komunistickou cenzuru, a politici se jezd\u00ed do Davosu klan\u011bt novodob\u00e9mu dikt\u00e1torovi, kter\u00e9 nehodl\u00e1 odstoupit, odm\u00edt\u00e1 volby a chce \u0159\u00eddit sv\u011bt! Sv\u011bt zni\u010den\u00fd bruselsk\u00fdmi ekonomy a pl\u00e1nova\u010di! Ostatn\u011b pr\u00e1v\u011b proto soud\u00edm, \u017ee Bruxelae mus\u00ed b\u00fdt zni\u010deno je\u0161t\u011b d\u0159\u00edv ne\u017e zni\u010d\u00ed celou planetu!<\/p>\n<p><a href=\"https:\/\/www.michalapetr.com\/map-1571-putin-se-zase-smeje-klaus-schwab-z-davosu-chce-byt-letos-korunovan-za-dedicneho-evropskeho-cisare-a-brusel-se-chysta-zavest-komunisticke-petiletky-a-pridelovy-system\/\">Michael Svato\u0161<\/a><\/p>\n<p>&nbsp;<\/p>\n<p><img decoding=\"async\" loading=\"lazy\" class=\"wp-image-19187 aligncenter\" src=\"http:\/\/www.infokuryr.cz\/n\/wp-content\/uploads\/2022\/12\/1-PRO-300x36.jpg\" alt=\"\" width=\"1258\" height=\"151\" srcset=\"https:\/\/www.infokuryr.cz\/n\/wp-content\/uploads\/2022\/12\/1-PRO-300x36.jpg 300w, https:\/\/www.infokuryr.cz\/n\/wp-content\/uploads\/2022\/12\/1-PRO.jpg 699w\" sizes=\"(max-width: 1258px) 100vw, 1258px\" \/><\/p>\n<p>&nbsp;<\/p>\n<p>&nbsp;<\/p>\n","protected":false},"excerpt":{"rendered":"<p>Putin se zase sm\u011bje! Klaus Schwab z Davosu chce b\u00fdt letos korunov\u00e1n za d\u011bdi\u010dn\u00e9ho evropsk\u00e9ho&#8230;<\/p>\n","protected":false},"author":2,"featured_media":11629,"comment_status":"closed","ping_status":"closed","sticky":false,"template":"","format":"standard","meta":[],"categories":[6],"tags":[1042,1729,291,4271,102],"_links":{"self":[{"href":"https:\/\/www.infokuryr.cz\/n\/wp-json\/wp\/v2\/posts\/21370"}],"collection":[{"href":"https:\/\/www.infokuryr.cz\/n\/wp-json\/wp\/v2\/posts"}],"about":[{"href":"https:\/\/www.infokuryr.cz\/n\/wp-json\/wp\/v2\/types\/post"}],"author":[{"embeddable":true,"href":"https:\/\/www.infokuryr.cz\/n\/wp-json\/wp\/v2\/users\/2"}],"replies":[{"embeddable":true,"href":"https:\/\/www.infokuryr.cz\/n\/wp-json\/wp\/v2\/comments?post=21370"}],"version-history":[{"count":0,"href":"https:\/\/www.infokuryr.cz\/n\/wp-json\/wp\/v2\/posts\/21370\/revisions"}],"wp:featuredmedia":[{"embeddable":true,"href":"https:\/\/www.infokuryr.cz\/n\/wp-json\/wp\/v2\/media\/11629"}],"wp:attachment":[{"href":"https:\/\/www.infokuryr.cz\/n\/wp-json\/wp\/v2\/media?parent=21370"}],"wp:term":[{"taxonomy":"category","embeddable":true,"href":"https:\/\/www.infokuryr.cz\/n\/wp-json\/wp\/v2\/categories?post=21370"},{"taxonomy":"post_tag","embeddable":true,"href":"https:\/\/www.infokuryr.cz\/n\/wp-json\/wp\/v2\/tags?post=21370"}],"curies":[{"name":"wp","href":"https:\/\/api.w.org\/{rel}","templated":true}]}}