{"id":21365,"date":"2023-01-18T04:33:40","date_gmt":"2023-01-18T03:33:40","guid":{"rendered":"http:\/\/www.infokuryr.cz\/n\/?p=21365"},"modified":"2023-01-18T04:33:40","modified_gmt":"2023-01-18T03:33:40","slug":"svedectvi-generalu-armada-kde-pavel-studoval-plne-podlehala-moskve-do-30-6-1991-a-gru","status":"publish","type":"post","link":"https:\/\/www.infokuryr.cz\/n\/2023\/01\/18\/svedectvi-generalu-armada-kde-pavel-studoval-plne-podlehala-moskve-do-30-6-1991-a-gru\/","title":{"rendered":"Sv\u011bdectv\u00ed gener\u00e1l\u016f: arm\u00e1da, kde Pavel studoval, pln\u011b podl\u00e9hala Moskv\u011b. Do 30.6.1991. A GRU?"},"content":{"rendered":"<div id=\"fb-root\"><\/div>\n<p><span style=\"font-size: 18pt;\"><strong>Na \u010detn\u00e9 \u017e\u00e1dosti repr\u00edzujeme report\u00e1\u017e o\u00a0Petr Pavlovi z\u00a0prosince 2022. Nov\u00e9 pokra\u010dov\u00e1n\u00ed u\u017e brzy. Sledujte YouTube Aby bylo jasno!<\/strong><\/span><\/p>\n<p>V\u00edte, \u017ee gener\u00e1l Pavel studoval cel\u00fd zpravodajsk\u00fd kurs pod p\u0159\u00edm\u00fdm velen\u00edm z Moskvy? V\u00edte, \u017ee na zpravodajsk\u00e9 spr\u00e1v\u011b, kde studoval, se z\u00edsk\u00e1valy informace neleg\u00e1ln\u00ed cestou, a \u017ee byla prov\u00e1z\u00e1na se sov\u011btskou vojenskou rozv\u011bdkou GRU? A v\u00edte, \u017ee toto v\u0161echno skon\u010dilo a\u017e roce 1991, kdy Petr Pavel kon\u010dil sv\u00e1 studia? Co mysl\u00edte? Byl komunistick\u00fdm zpravodajcem, co\u017e odm\u00edt\u00e1, nebo se stal demokratick\u00fdm zpravodajcem, jak o sob\u011b prohla\u0161uje? Poj\u010fme na to.<\/p>\n<p>&nbsp;<\/p>\n<p><iframe loading=\"lazy\" title=\"REPR\u00cdZA Sv\u011bdectv\u00ed gener\u00e1l\u016f: arm\u00e1da, kde Pavel studoval, pln\u011b podl\u00e9hala Moskv\u011b. Do 30.6.1991. A GRU?\" width=\"640\" height=\"360\" src=\"https:\/\/www.youtube.com\/embed\/rtye_W49Hi4?start=2&#038;feature=oembed\" frameborder=\"0\" allow=\"accelerometer; autoplay; clipboard-write; encrypted-media; gyroscope; picture-in-picture; web-share\" allowfullscreen><\/iframe><\/p>\n<p>&nbsp;<\/p>\n<p>V\u0161echna videa, rozhovory a\u00a0podcasty na jednom m\u00edst\u011b:\u00a0<a href=\"http:\/\/www.abybylojasno.cz\/\">www.abybylojasno.cz<\/a><\/p>\n<p>&nbsp;<\/p>\n<p><img decoding=\"async\" loading=\"lazy\" class=\"wp-image-19187 aligncenter\" src=\"http:\/\/www.infokuryr.cz\/n\/wp-content\/uploads\/2022\/12\/1-PRO-300x36.jpg\" alt=\"\" width=\"1250\" height=\"150\" srcset=\"https:\/\/www.infokuryr.cz\/n\/wp-content\/uploads\/2022\/12\/1-PRO-300x36.jpg 300w, https:\/\/www.infokuryr.cz\/n\/wp-content\/uploads\/2022\/12\/1-PRO.jpg 699w\" sizes=\"(max-width: 1250px) 100vw, 1250px\" \/><\/p>\n<p>&nbsp;<\/p>\n","protected":false},"excerpt":{"rendered":"<p>Na \u010detn\u00e9 \u017e\u00e1dosti repr\u00edzujeme report\u00e1\u017e o\u00a0Petr Pavlovi z\u00a0prosince 2022. Nov\u00e9 pokra\u010dov\u00e1n\u00ed u\u017e brzy. Sledujte YouTube&#8230;<\/p>\n","protected":false},"author":2,"featured_media":21366,"comment_status":"closed","ping_status":"closed","sticky":false,"template":"","format":"standard","meta":[],"categories":[6],"tags":[1110,153,1173,1104,889],"_links":{"self":[{"href":"https:\/\/www.infokuryr.cz\/n\/wp-json\/wp\/v2\/posts\/21365"}],"collection":[{"href":"https:\/\/www.infokuryr.cz\/n\/wp-json\/wp\/v2\/posts"}],"about":[{"href":"https:\/\/www.infokuryr.cz\/n\/wp-json\/wp\/v2\/types\/post"}],"author":[{"embeddable":true,"href":"https:\/\/www.infokuryr.cz\/n\/wp-json\/wp\/v2\/users\/2"}],"replies":[{"embeddable":true,"href":"https:\/\/www.infokuryr.cz\/n\/wp-json\/wp\/v2\/comments?post=21365"}],"version-history":[{"count":0,"href":"https:\/\/www.infokuryr.cz\/n\/wp-json\/wp\/v2\/posts\/21365\/revisions"}],"wp:featuredmedia":[{"embeddable":true,"href":"https:\/\/www.infokuryr.cz\/n\/wp-json\/wp\/v2\/media\/21366"}],"wp:attachment":[{"href":"https:\/\/www.infokuryr.cz\/n\/wp-json\/wp\/v2\/media?parent=21365"}],"wp:term":[{"taxonomy":"category","embeddable":true,"href":"https:\/\/www.infokuryr.cz\/n\/wp-json\/wp\/v2\/categories?post=21365"},{"taxonomy":"post_tag","embeddable":true,"href":"https:\/\/www.infokuryr.cz\/n\/wp-json\/wp\/v2\/tags?post=21365"}],"curies":[{"name":"wp","href":"https:\/\/api.w.org\/{rel}","templated":true}]}}