{"id":21360,"date":"2023-01-18T04:18:17","date_gmt":"2023-01-18T03:18:17","guid":{"rendered":"http:\/\/www.infokuryr.cz\/n\/?p=21360"},"modified":"2023-01-18T04:18:17","modified_gmt":"2023-01-18T03:18:17","slug":"andrej-babis-ma-pravdu-opravdu-hrozi-zatazeni-cr-do-valky-na-ukrajine-ale-je-to-naplanovano-trochu-jinak","status":"publish","type":"post","link":"https:\/\/www.infokuryr.cz\/n\/2023\/01\/18\/andrej-babis-ma-pravdu-opravdu-hrozi-zatazeni-cr-do-valky-na-ukrajine-ale-je-to-naplanovano-trochu-jinak\/","title":{"rendered":"Andrej Babi\u0161 m\u00e1 pravdu, opravdu hroz\u00ed zata\u017een\u00ed \u010cR do v\u00e1lky na Ukrajin\u011b, ale je to napl\u00e1nov\u00e1no trochu jinak&#8230;"},"content":{"rendered":"<div id=\"fb-root\"><\/div>\n<h4>Andrej Babi\u0161 m\u00e1 pravdu, opravdu hroz\u00ed zata\u017een\u00ed \u010cR do v\u00e1lky na Ukrajin\u011b, ale je to napl\u00e1nov\u00e1no trochu jinak, ne\u017e jak se p\u00ed\u0161e na billboardu! Vl\u00e1da Petra Fialy pot\u0159ebuje prezidenta na sv\u00e9 stran\u011b, proto\u017ee po vyhl\u00e1\u0161en\u00ed v\u00e1le\u010dn\u00e9ho stavu vl\u00e1dou se prezident stane automaticky vrchn\u00edm velitelem v\u0161evojskov\u00fdch sil A\u010cR! Pr\u00e1vn\u00edk spat\u0159uje Pavla jako (p)rezidenta NATO v \u010cR a dokl\u00e1d\u00e1 to na z\u00e1b\u011brech z volebn\u00ed demonstrace v \u00dast\u00ed nad Labem, kde vl\u00e1la obrovsk\u00e1 vlajka NATO! \u010cesk\u00e1 touha a p\u0159\u00e1n\u00ed v\u00e1lky se napl\u0148uje, po v\u00edce jak 100 letech op\u011bt mohou j\u00edt \u010ce\u0161i na frontu! Novotn\u00e9mu by mobilizace \u010desk\u00fdch syn\u016f nevadila, rad\u011bji by voli\u010de AB vym\u011bnil za vrahy!<\/h4>\n<p>Na billboardech po \u010cesk\u00e9 republice se v pond\u011bl\u00ed objevila nov\u00e1 s\u00e9rie volebn\u00edch plak\u00e1t\u016f Andreje Babi\u0161e, z nich\u017e jeden vzbudil opravdu emoce. Billboard s n\u00e1pisem: \u201c<strong><em>Nezavle\u010du \u010cesko do v\u00e1lky. Jsem diplomat. Ne voj\u00e1k<\/em><\/strong>\u201d se stal ter\u010dem k\u0159iku a povyku liber\u00e1ln\u00ed pra\u017esk\u00e9 havl\u00e9rky a voli\u010d\u016f rozv\u011bd\u010d\u00edka a b\u00fdval\u00e9ho p\u0159edsedy z\u00e1kladn\u00ed organizace KS\u010c, pozd\u011bji gener\u00e1la a p\u0159edsedy NATO Petra Pavla.<\/p>\n<p>Volebn\u00ed kampa\u0148 p\u0159ed druh\u00fdm kolem prezidentsk\u00fdch voleb se rozjela naplno a v t\u00e9to situaci je volba obyvatel \u010cR postavena do jednoduch\u00e9, pozice, \u017ee\u00a0<strong>pokud lid\u00e9 ve 2. kole nezvol\u00ed Andreje Babi\u0161e, bude m\u00edt Fialova vl\u00e1da pod kontrolou v\u0161echny mocensk\u00e9 org\u00e1ny st\u00e1tu.<\/strong>\u00a0Fialova vl\u00e1da bude ovl\u00e1dat nejen vl\u00e1du jako takovou, ale i poslaneckou sn\u011bmovnu, sen\u00e1t, prezidenta a dokonce i \u00dastavn\u00ed soud, proto\u017ee nov\u00e9 \u00fastavn\u00ed soudce v \u010dele s p\u0159edsedou soudu bude jmenovat nov\u00fd prezident, proto\u017ee Pavlu Rychetsk\u00e9mu kon\u010d\u00ed letos mand\u00e1t.<\/p>\n<figure id=\"attachment_54432\" class=\"wp-caption aligncenter\" style=\"width: 688px;\"><a href=\"https:\/\/aeronet.news\/wp-content\/uploads\/PetrPavelUstiDemo.jpg\"><img decoding=\"async\" loading=\"lazy\" class=\"wp-image-54432 \" src=\"https:\/\/aeronet.news\/wp-content\/uploads\/PetrPavelUstiDemo-1024x682.jpg\" sizes=\"(max-width: 700px) 100vw, 700px\" srcset=\"https:\/\/aeronet.news\/wp-content\/uploads\/PetrPavelUstiDemo-1024x682.jpg 1024w, https:\/\/aeronet.news\/wp-content\/uploads\/PetrPavelUstiDemo-300x200.jpg 300w, https:\/\/aeronet.news\/wp-content\/uploads\/PetrPavelUstiDemo-768x512.jpg 768w, https:\/\/aeronet.news\/wp-content\/uploads\/PetrPavelUstiDemo-700x466.jpg 700w, https:\/\/aeronet.news\/wp-content\/uploads\/PetrPavelUstiDemo-536x357.jpg 536w, https:\/\/aeronet.news\/wp-content\/uploads\/PetrPavelUstiDemo-725x483.jpg 725w, https:\/\/aeronet.news\/wp-content\/uploads\/PetrPavelUstiDemo.jpg 1280w\" alt=\"\" width=\"688\" height=\"458\" \/><\/a><figcaption class=\"wp-caption-text\">Petr Pavel v \u00dast\u00ed nad Labem, 17. 1. 2023. Foto: Ond\u0159ej H\u00e1jek, \u010cTK<\/figcaption><\/figure>\n<p>Snaha vl\u00e1dy Petra Fialy o prosazen\u00ed novy \u00fastavn\u00edho z\u00e1kona, kter\u00fd by dal vl\u00e1d\u011b pravomoc vys\u00edlat \u010desk\u00e9 voj\u00e1ky do ciziny bez souhlasu sn\u011bmovny a\u017e na 60 dn\u016f, a rovn\u011b\u017e p\u0159ij\u00edmat ciz\u00ed vojska na \u00fazem\u00ed \u010cR po stejnou dobu, se d\u00e1 vysv\u011btlit jen t\u00edm, co pr\u00e1v\u011b prob\u00edh\u00e1 v Polsku. Polsk\u00e1 vl\u00e1da se sna\u017e\u00ed dodat na Ukrajinu tanky Leopard, ale vzhledem k dlouhodob\u00e9mu v\u00fdcviku na tyto tanky, co\u017e zabere obvykle a\u017e 1 rok, se hledaj\u00ed ve Var\u0161av\u011b cesty, jak vyslat na Ukrajinu ty tanky i s polsk\u00fdmi pos\u00e1dkami.<\/p>\n<p>To by znamenalo zavle\u010den\u00ed Polska do v\u00e1lky proti Rusk\u00e9 federaci. Pol\u0161t\u00ed voj\u00e1ci p\u0159ed n\u011bkolika dny dobrovoln\u00e9 vysl\u00e1n\u00ed v tanc\u00edch Leopard na Ukrajinu odm\u00edtli a polsk\u00e1 vl\u00e1da se musela st\u00e1hnout a couvnout, ale pouze na kr\u00e1tk\u00fd \u010das. Polsk\u00e1 vl\u00e1da toti\u017e pl\u00e1nuje zm\u011bnit vojensk\u00fd z\u00e1kon a umo\u017enit vl\u00e1d\u011b vys\u00edl\u00e1n\u00ed polsk\u00fdch voj\u00e1k\u016f do ciziny, o \u010dem\u017e by nemusel rozhodovat polsk\u00fd sejm, tedy parlament.<\/p>\n<h6><span style=\"font-size: 18pt;\">Polsko bude m\u00edt z\u00e1kon, kter\u00fd umo\u017en\u00ed v\u0161em Pol\u00e1k\u016fm j\u00edt do v\u00e1lky na Ukrajinu<\/span><\/h6>\n<p>Koncem prosince lo\u0148sk\u00e9ho roku poslala vl\u00e1dn\u00ed strana Pr\u00e1vo a Spravedlnost do polsk\u00e9ho sejmu n\u00e1vrh z\u00e1kona\u00a0<strong>[<a href=\"https:\/\/href.li\/?https:\/\/www.polskieradio.pl\/395\/9766\/artykul\/3090777,lawmakers-submit-bill-to-allow-poles-to-fight-in-ukrainian-army\" target=\"_blank\" rel=\"nofollow noopener\">1<\/a>]<\/strong>, kter\u00fd by Pol\u00e1k\u016fm umo\u017enil bojovat na Ukrajin\u011b a rovn\u011b\u017e umo\u017en\u00ed verbov\u00e1n\u00ed v Polsku do ukrajinsk\u00e9 arm\u00e1dy.\u00a0<strong>Z\u00e1kon je p\u0159itom postaven tak, \u017ee umo\u017enuje Pol\u00e1k\u016fm v\u00e1l\u010den\u00ed na Ukrajin\u011b bez jak\u00fdchkoliv omezen\u00ed, tedy k v\u00e1lce na Ukrajin\u011b se mohou p\u0159ipojit i voj\u00e1ci polsk\u00e9 arm\u00e1dy.<\/strong><\/p>\n<p>Z\u00e1kon sou\u010dasn\u011b p\u0159in\u00e1\u0161\u00ed legalizaci t\u011bch Pol\u00e1k\u016f, kte\u0159\u00ed u\u017e na Ukrajin\u011b bojuj\u00ed, nebo bojovali, p\u0159ed p\u0159ijet\u00edm tohoto z\u00e1kona. Je to p\u0159evratn\u00fd z\u00e1kon v polsk\u00fdch d\u011bjin\u00e1ch, je to poprv\u00e9 v historii, kdy Pol\u00e1ci budou m\u00edt z\u00e1kon, kter\u00fd jim explicitn\u011b dovol\u00ed bojovat v \u0159ad\u00e1ch arm\u00e1dy jin\u00e9ho st\u00e1tu. P\u0159itom je jasn\u00e9, \u017ee polsk\u00e9 bataliony nebudou m\u00edt ukrajinsk\u00e9 velen\u00ed, ale v\u00fdhradn\u011b polsk\u00e9. Pol\u00e1ci tak budou moci vstupovat do v\u00e1lky na Ukrajin\u011b ofici\u00e1ln\u011b a s po\u017eehn\u00e1n\u00edm z\u00e1kona, i kdy\u017e p\u016fjde o transformaci polsk\u00e9 arm\u00e1dy do zahrani\u010dn\u00edch \u00fatvar\u016f na Ukrajin\u011b.<\/p>\n<figure id=\"attachment_54431\" class=\"wp-caption aligncenter\" style=\"width: 687px;\"><a href=\"https:\/\/aeronet.news\/wp-content\/uploads\/PolishArmyCrew.jpg\"><img decoding=\"async\" loading=\"lazy\" class=\"wp-image-54431 \" src=\"https:\/\/aeronet.news\/wp-content\/uploads\/PolishArmyCrew-1024x637.jpg\" sizes=\"(max-width: 700px) 100vw, 700px\" srcset=\"https:\/\/aeronet.news\/wp-content\/uploads\/PolishArmyCrew-1024x637.jpg 1024w, https:\/\/aeronet.news\/wp-content\/uploads\/PolishArmyCrew-300x187.jpg 300w, https:\/\/aeronet.news\/wp-content\/uploads\/PolishArmyCrew-768x478.jpg 768w, https:\/\/aeronet.news\/wp-content\/uploads\/PolishArmyCrew-700x435.jpg 700w, https:\/\/aeronet.news\/wp-content\/uploads\/PolishArmyCrew-574x357.jpg 574w, https:\/\/aeronet.news\/wp-content\/uploads\/PolishArmyCrew-777x483.jpg 777w, https:\/\/aeronet.news\/wp-content\/uploads\/PolishArmyCrew.jpg 1280w\" alt=\"\" width=\"687\" height=\"427\" \/><\/a><figcaption class=\"wp-caption-text\">Polsk\u00e1 arm\u00e1da<\/figcaption><\/figure>\n<p>A pr\u00e1v\u011b proto Fialova vl\u00e1da minul\u00fd p\u00e1tek v prvn\u00ed den voleb p\u0159edlo\u017eila ve sn\u011bmovn\u011b novelu \u00fastavn\u00edho z\u00e1kona na vys\u00edl\u00e1n\u00ed \u010desk\u00fdch vojsk do ciziny bez souhlasu sn\u011bmovny. V\u00e1le\u010dn\u00fd stav na \u00fazem\u00ed \u010cR a obecn\u011b tedy v\u00e1lku m\u016f\u017ee vyhl\u00e1sit vl\u00e1da \u010cR, nikoliv prezident. Ov\u0161em pozor, po vyhl\u00e1\u0161en\u00ed v\u00e1le\u010dn\u00e9ho stavu se prezident republiky automaticky st\u00e1v\u00e1 poln\u00edm mar\u0161\u00e1lem, resp. vrchn\u00edm velitelem v\u0161evojskov\u00fdch sbor\u016f A\u010cR a v\u00e1le\u010dn\u00e9 operace budou pln\u011b podl\u00e9hat pr\u00e1v\u011b jemu.<\/p>\n<p>V tomto je toti\u017e \u010dast\u00fd omyl, kde si mnoho lid\u00ed mysl\u00ed, \u017ee po vstupu do v\u00e1lky ty operace \u0159\u00edd\u00ed vl\u00e1da nebo ministr obrany. Ne, to je omyl!\u00a0<strong>Ozbrojen\u00e9 s\u00edly \u0159\u00edd\u00ed civilist\u00e9 a civiln\u00ed minist\u0159i jen v dob\u011b m\u00edru. V okam\u017eiku vyhl\u00e1\u0161en\u00ed v\u00e1le\u010dn\u00e9ho stavu ale kontrolu nad arm\u00e1dou p\u0159eb\u00edr\u00e1 vrchn\u00ed velitel ozbrojen\u00fdch sil, co\u017e je prezident republiky.<\/strong>\u00a0Douf\u00e1m, \u017ee te\u010f u\u017e tomu rozum\u00edte, pro\u010d Fiala pot\u0159ebuje na Hrad\u011b pr\u00e1v\u011b gener\u00e1la Pavla. Bez n\u011bho nem\u016f\u017ee Fiala kontrolovat, co se bude d\u00edt pot\u00e9, a\u017e vyhl\u00e1s\u00ed v\u00e1le\u010dn\u00fd stav.<\/p>\n<h6><span style=\"font-size: 18pt;\">VIDEO: V \u00dast\u00ed se m\u00e1valo vlajkami NATO a EU! Petr Pavel bude prezidentem NATO a nikoliv \u010cR, jeho demonstrace jsou toho hroziv\u00fdm d\u016fkazem<\/span><\/h6>\n<p>Pokud by toti\u017e na Hrad\u011b byl prezident, kter\u00fd nen\u00ed pod kontrolou vl\u00e1dn\u00ed p\u011btikoalice, mohl by prezident jako vrchn\u00ed velitel v dob\u011b v\u00e1le\u010dn\u00e9ho stavu zablokovat ve\u0161ker\u00e1 vojska a nepustit je do ciziny, a to rozkazem vrchn\u00edho velitele ozbrojen\u00fdch sil, kter\u00fd nem\u016f\u017ee civiln\u00ed vl\u00e1da v dob\u011b v\u00e1le\u010dn\u00e9ho stavu p\u0159ehlasovat, zru\u0161it, nebo jinak anulovat. Jedn\u00e1 se opravdu o p\u0159\u00edpravu na v\u00e1le\u010dn\u00fd stav. A to jak ten zmoc\u0148ovac\u00ed z\u00e1kon pro vl\u00e1du na vys\u00edl\u00e1n\u00ed vojsk do ciziny, tak i pl\u00e1n na instalaci gener\u00e1la do funkce prezidenta a vrchn\u00edho velitele.<\/p>\n<p><strong>A h\u00e1dejte, pro\u010d ta vl\u00e1da chce tu pravomoc na 60 dn\u016f bez souhlasu sn\u011bmovny? Proto\u017ee pot\u0159ebuj\u00ed m\u00edt kontrolu nad vys\u00edl\u00e1n\u00edm voj\u00e1k\u016f do ciziny i bez vyhl\u00e1\u0161en\u00ed v\u00e1le\u010dn\u00e9ho stavu.<\/strong>\u00a0Tak\u017ee bez ohledu na to, jestli vl\u00e1da vyhl\u00e1s\u00ed nebo nevyhl\u00e1s\u00ed v\u00e1le\u010dn\u00fd stav, tak bude m\u00edt pravomoc na pos\u00edl\u00e1n\u00ed voj\u00e1k\u016f na Ukrajinu, a to a\u017e na dobu 60 dn\u016f bez souhlasu parlamentu. A \u010d\u00e1st debiln\u00edho \u010desk\u00e9ho obyvatelstva, jeho\u017e fa\u0161izace dos\u00e1hla maxima, se do t\u00e9to v\u00e1lky proti Rusku t\u011b\u0161\u00ed.<\/p>\n<div class=\"twitter-tweet twitter-tweet-rendered\"><iframe id=\"twitter-widget-0\" class=\"\" title=\"Twitter Tweet\" src=\"https:\/\/platform.twitter.com\/embed\/Tweet.html?dnt=true&amp;embedId=twitter-widget-0&amp;features=eyJ0ZndfdGltZWxpbmVfbGlzdCI6eyJidWNrZXQiOlsibGlua3RyLmVlIiwidHIuZWUiLCJ0ZXJyYS5jb20uYnIiLCJ3d3cubGlua3RyLmVlIiwid3d3LnRyLmVlIiwid3d3LnRlcnJhLmNvbS5iciJdLCJ2ZXJzaW9uIjpudWxsfSwidGZ3X2ZvbGxvd2VyX2NvdW50X3N1bnNldCI6eyJidWNrZXQiOnRydWUsInZlcnNpb24iOm51bGx9LCJ0ZndfaG9yaXpvbl90aW1lbGluZV8xMjAzNCI6eyJidWNrZXQiOiJ0cmVhdG1lbnQiLCJ2ZXJzaW9uIjpudWxsfSwidGZ3X3R3ZWV0X2VkaXRfYmFja2VuZCI6eyJidWNrZXQiOiJvbiIsInZlcnNpb24iOm51bGx9LCJ0ZndfcmVmc3JjX3Nlc3Npb24iOnsiYnVja2V0Ijoib24iLCJ2ZXJzaW9uIjpudWxsfSwidGZ3X3Nob3dfYnVzaW5lc3NfdmVyaWZpZWRfYmFkZ2UiOnsiYnVja2V0Ijoib24iLCJ2ZXJzaW9uIjpudWxsfSwidGZ3X2NoaW5fcGlsbHNfMTQ3NDEiOnsiYnVja2V0IjoiY29sb3JfaWNvbnMiLCJ2ZXJzaW9uIjpudWxsfSwidGZ3X3R3ZWV0X3Jlc3VsdF9taWdyYXRpb25fMTM5NzkiOnsiYnVja2V0IjoidHdlZXRfcmVzdWx0IiwidmVyc2lvbiI6bnVsbH0sInRmd19taXhlZF9tZWRpYV8xNTg5NyI6eyJidWNrZXQiOiJ0cmVhdG1lbnQiLCJ2ZXJzaW9uIjpudWxsfSwidGZ3X3NlbnNpdGl2ZV9tZWRpYV9pbnRlcnN0aXRpYWxfMTM5NjMiOnsiYnVja2V0IjoiaW50ZXJzdGl0aWFsIiwidmVyc2lvbiI6bnVsbH0sInRmd19leHBlcmltZW50c19jb29raWVfZXhwaXJhdGlvbiI6eyJidWNrZXQiOjEyMDk2MDAsInZlcnNpb24iOm51bGx9LCJ0ZndfZHVwbGljYXRlX3NjcmliZXNfdG9fc2V0dGluZ3MiOnsiYnVja2V0Ijoib24iLCJ2ZXJzaW9uIjpudWxsfSwidGZ3X3ZpZGVvX2hsc19keW5hbWljX21hbmlmZXN0c18xNTA4MiI6eyJidWNrZXQiOiJ0cnVlX2JpdHJhdGUiLCJ2ZXJzaW9uIjpudWxsfSwidGZ3X3Nob3dfYmx1ZV92ZXJpZmllZF9iYWRnZSI6eyJidWNrZXQiOiJvbiIsInZlcnNpb24iOm51bGx9LCJ0ZndfbGVnYWN5X3RpbWVsaW5lX3N1bnNldCI6eyJidWNrZXQiOnRydWUsInZlcnNpb24iOm51bGx9LCJ0Zndfc2hvd19nb3ZfdmVyaWZpZWRfYmFkZ2UiOnsiYnVja2V0Ijoib24iLCJ2ZXJzaW9uIjpudWxsfSwidGZ3X3Nob3dfYnVzaW5lc3NfYWZmaWxpYXRlX2JhZGdlIjp7ImJ1Y2tldCI6Im9uIiwidmVyc2lvbiI6bnVsbH0sInRmd190d2VldF9lZGl0X2Zyb250ZW5kIjp7ImJ1Y2tldCI6Im9uIiwidmVyc2lvbiI6bnVsbH19&amp;frame=false&amp;hideCard=false&amp;hideThread=false&amp;id=1615415904946491392&amp;lang=cs&amp;origin=https%3A%2F%2Faeronet.news%2Fvideo-andrej-babis-ma-pravdu-opravdu-hrozi-zatazeni-cr-do-valky-na-ukrajine-ale-je-to-naplanovano-trochu-jinak-nez-jak-se-pise-na-billboardu-vlada-petra-fialy-potrebuje-prezidenta-na-sve-strane%2F&amp;sessionId=8e800aed4c912e810168940a11b35e436df99130&amp;theme=light&amp;widgetsVersion=2b959255e8896%3A1673658205745&amp;width=550px\" frameborder=\"0\" scrolling=\"no\" allowfullscreen=\"allowfullscreen\" data-tweet-id=\"1615415904946491392\" data-mce-fragment=\"1\"><\/iframe><\/div>\n<p>&nbsp;<\/p>\n<p>Na\u0161e redakce byla upozorn\u011bna na volebn\u00ed demonstraci Petra Pavla v \u00dast\u00ed nad Labem, kde se nad skupinou asi 2 000 demonstrant\u016f objevila obrovsk\u00e1 vlajka NATO, zat\u00edmco lidem byly organiz\u00e1tory na roz\u00edch n\u00e1m\u011bst\u00ed rozd\u00e1v\u00e1ny men\u0161\u00ed vlaje\u010dky NATO, Evropsk\u00e9 unie a ob\u010das tak\u00e9 sem tam n\u011bjak\u00e9 ty \u010desk\u00e9 vlaje\u010dky, aby se ne\u0159eklo.\u00a0<strong>Nam\u00edsto z\u00e1plavy \u010desk\u00fdch vlajek bylo mo\u017en\u00e9 vid\u011bt z\u00e1plavu modr\u00fdch vlaje\u010dek NATO a EU. Z\u00e1b\u011bry z kamer a dron\u016f zachycuj\u00ed, \u017ee gener\u00e1l Pavel je kandid\u00e1tem NATO na funkci prezidenta a nikoliv kandid\u00e1tem \u010desk\u00e9ho lidu.<\/strong>\u00a0Za jeho volebn\u00edm t\u00fdmem stoj\u00ed b\u00fdval\u00fd velvyslanec v Rusku a v USA Petr Kol\u00e1\u0159, otec Ond\u0159eje Kol\u00e1\u0159e, starosty za TOP 09 na Praze 6, kter\u00fd byl inici\u00e1torem odstran\u011bn\u00ed pomn\u00edku osvoboditele, mar\u0161\u00e1la Kon\u011bva z m\u00edstn\u00edho parku.<\/p>\n<p>Podle Sergeje Nary\u0161kina, \u0161\u00e9fa rusk\u00e9 SVR, bylo odstran\u011bn\u00ed pomn\u00edku Kon\u011bva v Praze startovac\u00edm sign\u00e1lem k zah\u00e1jen\u00ed protirusk\u00fdch n\u00e1lad v cel\u00e9 \u010desk\u00e9 spole\u010dnosti, zejm\u00e9na v m\u00e9di\u00edch. P\u0159esto\u017ee volebn\u00ed kampa\u0148 \u0159\u00edd\u00ed Pavlovi ofici\u00e1ln\u011b z\u00e1stupce a konzultant izraelsk\u00e9 firmy\u00a0<em>Shaviv Strategy and Campaigns<\/em>\u00a0Michal Repa, kter\u00fd pom\u00e1hal i s kampan\u00ed Zuzany \u010caputov\u00e9, tak ideov\u00fd z\u00e1klad Pavlovi a volebn\u00ed p\u0159\u00edpravu m\u011bl na starosti u Pavla pr\u00e1v\u011b Petr Kol\u00e1\u0159. Podle na\u0161eho pr\u00e1vn\u00edka je mo\u017en\u00e9 se d\u00edvat na Petra Pavla jako na rezidenta vojensk\u00fdch z\u00e1jm\u016f NATO na Pra\u017esk\u00e9m hrad\u011b. Funkce prezidenta bude podle jeho n\u00e1zoru margin\u00e1ln\u00ed a pod\u0159\u00edzen\u00e1 Fialov\u011b vl\u00e1d\u011b.<\/p>\n<h6><span style=\"font-size: 18pt;\">Nejprve debilizace n\u00e1roda a hned potom fa\u0161izace a hur\u00e1 do v\u00e1lky. Stejn\u011b jako v roce 1914 p\u0159ed I. sv. v\u00e1lkou<\/span><\/h6>\n<p>Dob\u0159e se pod\u00edvejte na video z \u00dast\u00ed nad Labem. Zblbnut\u00e1 \u010desk\u00e1 ve\u0159ejnost s vlajkami NATO b\u011bhem voleb \u010desk\u00e9ho prezidenta.\u00a0<strong>Tyto obr\u00e1zky vid\u00edme nejen na severu \u010cech, ale i v Praze na demonstrac\u00edch na podporu p\u011btikoalice, prost\u011b vlajky NATO nam\u00edsto t\u011bch \u010desk\u00fdch jsou v\u0161ude. Toto je ideov\u00e1 p\u0159\u00edprava obyvatelstva na v\u00e1lku.<\/strong>\u00a0Nejprve na Ukrajinu p\u016fjdou speci\u00e1lov\u00e9, tedy profesion\u00e1ln\u00ed \u010de\u0161t\u00ed voj\u00e1ci, kter\u00fdm bude \u0159e\u010deno, \u017ee jde o zahrani\u010dn\u00ed misi. To bude prvn\u00ed f\u00e1ze. Druhou f\u00e1z\u00ed bude povol\u00e1v\u00e1n\u00ed \u0159adov\u00fdch voj\u00e1k\u016f A\u010cR, a to na z\u00e1klad\u011b zmoc\u0148ovac\u00edho z\u00e1kona na 60 dn\u016f.<\/p>\n<p>Za t\u011bch 60 dn\u016f na Ukrajin\u011b ale ti voj\u00e1ci u\u017e nemus\u00ed b\u00fdt na\u017eivu. Teprve ve t\u0159et\u00ed f\u00e1zi by do\u0161lo na mobilizaci a povol\u00e1v\u00e1n\u00ed rezerv, to podle toho, jestli na ja\u0159e opravdu NATO dod\u00e1 Ukrajin\u011b tanky a rakety dlouh\u00e9ho doletu, co\u017e povede k eskalaci.\u00a0<strong>Co ale se projev\u00ed ji\u017e velmi brzy, je nedostatek person\u00e1lu v \u0159ad\u00e1ch ukrajinsk\u00e9 arm\u00e1dy. Nejsou lidi. Zbran\u011b mohou b\u00fdt, ale lid\u00e9 nejsou.<\/strong>\u00a0Chyb\u00ed maso do rusk\u00e9ho masoml\u00fdnku. A tento probl\u00e9m v\u00edce zbran\u00ed ze z\u00e1padu nevy\u0159e\u0161\u00ed. V n\u011bjak\u00e9 chv\u00edli Kyjev za\u010dne \u0159v\u00e1t, \u017ee u\u017e nepot\u0159ebuje zbran\u011b, ale pot\u0159ebuje lidi. P\u0159esn\u011b na ten okam\u017eik je chyst\u00e1na ta novela zmoc\u0148ovac\u00edho z\u00e1kona pro \u010deskou vl\u00e1du. Aby mohla na pomoc Ukrajin\u011b poslat \u010desk\u00fd vojensk\u00fd person\u00e1l.<\/p>\n<figure id=\"attachment_54430\" class=\"wp-caption aligncenter\" style=\"width: 696px;\"><a href=\"https:\/\/aeronet.news\/wp-content\/uploads\/PetrPavel_PavelNovotny.jpg\"><img decoding=\"async\" loading=\"lazy\" class=\"wp-image-54430 \" src=\"https:\/\/aeronet.news\/wp-content\/uploads\/PetrPavel_PavelNovotny-1024x574.jpg\" sizes=\"(max-width: 700px) 100vw, 700px\" srcset=\"https:\/\/aeronet.news\/wp-content\/uploads\/PetrPavel_PavelNovotny-1024x574.jpg 1024w, https:\/\/aeronet.news\/wp-content\/uploads\/PetrPavel_PavelNovotny-300x168.jpg 300w, https:\/\/aeronet.news\/wp-content\/uploads\/PetrPavel_PavelNovotny-768x431.jpg 768w, https:\/\/aeronet.news\/wp-content\/uploads\/PetrPavel_PavelNovotny-700x393.jpg 700w, https:\/\/aeronet.news\/wp-content\/uploads\/PetrPavel_PavelNovotny-636x357.jpg 636w, https:\/\/aeronet.news\/wp-content\/uploads\/PetrPavel_PavelNovotny-861x483.jpg 861w, https:\/\/aeronet.news\/wp-content\/uploads\/PetrPavel_PavelNovotny.jpg 1280w\" alt=\"\" width=\"696\" height=\"391\" \/><\/a><figcaption class=\"wp-caption-text\">Gen. Petr Pavel na n\u00e1v\u0161t\u011bv\u011b na radnici u Pavla Novotn\u00e9ho. Foto: iDNES.tv<\/figcaption><\/figure>\n<p>\u010ce\u0161i tak po v\u00edce jak 100 letech po I. sv. v\u00e1lce mohou op\u011bt j\u00edt do v\u00e1lky proti Rusovi, a op\u011bt za ciz\u00ed z\u00e1jmy, ciz\u00edho mocn\u00e1\u0159stv\u00ed, u\u017e ne rakousko-uhersk\u00e9ho, ale toho americk\u00e9ho. N\u00e1rod, kter\u00fd se nepou\u010d\u00ed z vlastn\u00ed historie, je odsouzen si tu historii zopakovat.\u00a0<strong>Znovu m\u00e1me fa\u0161isty a v\u00e1le\u010dn\u00e9 \u0161tv\u00e1\u010de u moci, znovu volaj\u00ed do zbran\u011b nam\u00edsto k m\u00edru, znovu se zav\u00e1d\u00ed v\u00e1le\u010dn\u00e1 cenzura, v z\u00e1jmu ochrany a obrany ve\u0159ejn\u00e9 v\u00e1le\u010dn\u00e9 mor\u00e1lky, stejn\u011b jako v roce 1914<\/strong>, kdy byla zavedena v\u00e1le\u010dn\u00e1 cenzura v tisku.<\/p>\n<p>Nic se nezm\u011bnilo, stejn\u011b jako v roce 1914 lid\u00e9 skanduj\u00ed v ulic\u00edch a volaj\u00ed sl\u00e1vu v\u00e1lce, hur\u00e1 na Rusa! P\u0159\u00e1n\u00ed v\u00e1lky je d\u011bsiv\u00e9! Objevuje se na konci v\u011bk\u016f civilizac\u00ed, na konci star\u00e9ho sv\u011btov\u00e9ho \u0159\u00e1du a na po\u010d\u00e1tku nov\u00e9ho. P\u0159\u00e1n\u00ed v\u00e1lky vede ke stra\u0161n\u00fdm v\u011bcem, ale je to nezbytn\u00fd proces katarze nemocn\u00e9 a deviantn\u00ed spole\u010dnosti, kter\u00e1 zdegenerovala a hned pot\u00e9 se fa\u0161izovala.<\/p>\n<h6><span style=\"font-size: 18pt;\">Starosta Novotn\u00fd vzkazuje, \u017ee vym\u011bn\u00ed voli\u010de Andreje Babi\u0161e v \u010cR za Ukrajince a vrahy. Po chv\u00edli na n\u00e1tlak lid\u00ed koment\u00e1\u0159 smazal. Takov\u00e9 podporovatele m\u00e1 gener\u00e1l Pavel<\/span><\/h6>\n<p>Pavel Novotn\u00fd napsal na Twitter n\u00e1zor, \u017ee by mu nevadila mobilizace v \u010cR a pos\u00edl\u00e1n\u00ed \u010desk\u00fdch syn\u016f na Ukrajinu a voli\u010de Andreje Babi\u0161e v \u010cR by vym\u011bnil za Ukrajince a migranty, za 18-let\u00e9 Sy\u0159any s iPhone telefony, a dokonce za vrahy! Ano, vym\u011bnil by \u010desk\u00e9 ob\u010dany a voli\u010de Andreje Babi\u0161e za vrahy. Po chv\u00edli tweet smazal.\u00a0<strong>Gener\u00e1l Petr Pavel si p\u0159itom volni v listopadu p\u0159i\u0161el v r\u00e1mci p\u0159edvolebn\u00ed kampan\u011b pro podporu pr\u00e1v\u011b i od Pavla Novotn\u00e9ho [<a href=\"https:\/\/href.li\/?https:\/\/tv.idnes.cz\/domaci\/petr-pavel-reporyje-setkani-pavel-novotny.V221122_140718_idnestv_heli\" target=\"_blank\" rel=\"nofollow noopener\">2<\/a>].<\/strong><\/p>\n<p>Toto nelze nazvat nijak jinak ne\u017e d\u016fsledkem debilizace a n\u00e1sledn\u00e9 fa\u0161izace \u010desk\u00e9ho obyvatelstva. Takov\u00e9 v\u00fdroky m\u00e1 starosta m\u011bstsk\u00e9 \u010d\u00e1sti Prahy a m\u00edstn\u00ed ho opravdu zvolili demokraticky a nen\u00ed pravda, \u017ee nev\u011bd\u011bli, kdo to je, \u017ee by neznali jeho n\u00e1zory a slovn\u00edk. Ti obyvatel\u00e9 t\u00e9 m\u011bstsk\u00e9 \u010d\u00e1sti toti\u017e s jeho n\u00e1zory souhlas\u00ed! Ch\u00e1pete? To nen\u00ed exces, to je nastaven\u00e9 zrcadlo spole\u010dnosti.<\/p>\n<p><a href=\"https:\/\/aeronet.news\/wp-content\/uploads\/Novotny-mobilizace_Copy.jpg\"><img decoding=\"async\" loading=\"lazy\" class=\"wp-image-54429 aligncenter\" src=\"https:\/\/aeronet.news\/wp-content\/uploads\/Novotny-mobilizace_Copy.jpg\" sizes=\"(max-width: 767px) 100vw, 767px\" srcset=\"https:\/\/aeronet.news\/wp-content\/uploads\/Novotny-mobilizace_Copy.jpg 767w, https:\/\/aeronet.news\/wp-content\/uploads\/Novotny-mobilizace_Copy-190x300.jpg 190w, https:\/\/aeronet.news\/wp-content\/uploads\/Novotny-mobilizace_Copy-649x1024.jpg 649w, https:\/\/aeronet.news\/wp-content\/uploads\/Novotny-mobilizace_Copy-700x1105.jpg 700w, https:\/\/aeronet.news\/wp-content\/uploads\/Novotny-mobilizace_Copy-226x357.jpg 226w, https:\/\/aeronet.news\/wp-content\/uploads\/Novotny-mobilizace_Copy-306x483.jpg 306w\" alt=\"\" width=\"675\" height=\"1066\" \/><\/a><\/p>\n<p>Ten Pavel Novotn\u00fd je obrazem v nastaven\u00e9m zrcadle t\u00e9 spole\u010dnosti, t\u00e9 populace a t\u011bch lid\u00ed, kte\u0159\u00ed ho vol\u00ed. Je to proces, na jeho\u017e konci je fa\u0161ismus, vym\u011b\u0148ov\u00e1n\u00ed ob\u010dan\u016f \u010cR za vrahy a cizince, naz\u00fdv\u00e1n\u00ed ob\u010dan\u016f \u0161v\u00e1by a dezol\u00e1ty.\u00a0<strong>Fialova vl\u00e1da prohloubila fa\u0161izaci \u010cR za jedin\u00fd rok do takov\u00e9 m\u00edry, \u017ee vl\u00e1da u\u017e si rovnou \u0159\u00edk\u00e1 o zmoc\u0148ovac\u00ed z\u00e1kon na pos\u00edl\u00e1n\u00ed \u010desk\u00fdch vojsk do v\u00e1lky a rovn\u011b\u017e ta vl\u00e1da chce blokovat opozi\u010dn\u00ed weby<\/strong>\u00a0a dokonce kriminalizovat jejich redaktory. Sta\u010dil pouh\u00fd rok! A pokud n\u00e1rod za 5 sekund 12 nep\u0159ijde v druh\u00e9m kole prezidentsk\u00fdch voleb k rozumu a nehod\u00ed to Andrejovi, i kdy\u017e v\u00edme, \u017ee se sk\u0159\u00edp\u00e1n\u00edm zub\u016f a \u010delistn\u00edch kloub\u016f, tak m\u00e1me do n\u011bkolika m\u011bs\u00edc\u016f v \u010cR v\u00e1le\u010dn\u00fd stav a prvn\u00ed vojensk\u00e9 ztr\u00e1ty \u010desk\u00e9 arm\u00e1dy na Donbasu. Fialova vl\u00e1da se toti\u017e s Pavlem jako prezidentem u\u017e p\u0159ed ni\u010d\u00edm nezastav\u00ed.<\/p>\n<p><a href=\"https:\/\/aeronet.news\/video-andrej-babis-ma-pravdu-opravdu-hrozi-zatazeni-cr-do-valky-na-ukrajine-ale-je-to-naplanovano-trochu-jinak-nez-jak-se-pise-na-billboardu-vlada-petra-fialy-potrebuje-prezidenta-na-sve-strane\/\">-VK- \u0160\u00e9fredaktor AE News<\/a><\/p>\n<p>&nbsp;<\/p>\n<p><img decoding=\"async\" loading=\"lazy\" class=\"wp-image-19187 aligncenter\" src=\"http:\/\/www.infokuryr.cz\/n\/wp-content\/uploads\/2022\/12\/1-PRO-300x36.jpg\" alt=\"\" width=\"1258\" height=\"151\" srcset=\"https:\/\/www.infokuryr.cz\/n\/wp-content\/uploads\/2022\/12\/1-PRO-300x36.jpg 300w, https:\/\/www.infokuryr.cz\/n\/wp-content\/uploads\/2022\/12\/1-PRO.jpg 699w\" sizes=\"(max-width: 1258px) 100vw, 1258px\" \/><\/p>\n<p>&nbsp;<\/p>\n","protected":false},"excerpt":{"rendered":"<p>Andrej Babi\u0161 m\u00e1 pravdu, opravdu hroz\u00ed zata\u017een\u00ed \u010cR do v\u00e1lky na Ukrajin\u011b, ale je to&#8230;<\/p>\n","protected":false},"author":2,"featured_media":21361,"comment_status":"closed","ping_status":"closed","sticky":false,"template":"","format":"standard","meta":[],"categories":[6],"tags":[1042,126,869,40],"_links":{"self":[{"href":"https:\/\/www.infokuryr.cz\/n\/wp-json\/wp\/v2\/posts\/21360"}],"collection":[{"href":"https:\/\/www.infokuryr.cz\/n\/wp-json\/wp\/v2\/posts"}],"about":[{"href":"https:\/\/www.infokuryr.cz\/n\/wp-json\/wp\/v2\/types\/post"}],"author":[{"embeddable":true,"href":"https:\/\/www.infokuryr.cz\/n\/wp-json\/wp\/v2\/users\/2"}],"replies":[{"embeddable":true,"href":"https:\/\/www.infokuryr.cz\/n\/wp-json\/wp\/v2\/comments?post=21360"}],"version-history":[{"count":0,"href":"https:\/\/www.infokuryr.cz\/n\/wp-json\/wp\/v2\/posts\/21360\/revisions"}],"wp:featuredmedia":[{"embeddable":true,"href":"https:\/\/www.infokuryr.cz\/n\/wp-json\/wp\/v2\/media\/21361"}],"wp:attachment":[{"href":"https:\/\/www.infokuryr.cz\/n\/wp-json\/wp\/v2\/media?parent=21360"}],"wp:term":[{"taxonomy":"category","embeddable":true,"href":"https:\/\/www.infokuryr.cz\/n\/wp-json\/wp\/v2\/categories?post=21360"},{"taxonomy":"post_tag","embeddable":true,"href":"https:\/\/www.infokuryr.cz\/n\/wp-json\/wp\/v2\/tags?post=21360"}],"curies":[{"name":"wp","href":"https:\/\/api.w.org\/{rel}","templated":true}]}}