{"id":21347,"date":"2023-01-18T01:09:23","date_gmt":"2023-01-18T00:09:23","guid":{"rendered":"http:\/\/www.infokuryr.cz\/n\/?p=21347"},"modified":"2023-01-17T16:48:32","modified_gmt":"2023-01-17T15:48:32","slug":"eva-hrindova-valka-je-smrt-mir-je-zivot","status":"publish","type":"post","link":"https:\/\/www.infokuryr.cz\/n\/2023\/01\/18\/eva-hrindova-valka-je-smrt-mir-je-zivot\/","title":{"rendered":"Eva Hrindov\u00e1: V\u00e1lka je smrt, m\u00edr je \u017eivot!"},"content":{"rendered":"<div id=\"fb-root\"><\/div>\n<div class=\"anotace\">\n<div class=\"field field-name-field-anotace field-type-text-long field-label-hidden\">\n<div class=\"field-items\">\n<div class=\"field-item even\"><strong>V\u00e1lka je smrt, m\u00edr je \u017eivot. Proto je m\u00edr v\u017edy lep\u0161\u00ed. Kdy\u017e sly\u0161\u00edm bojovn\u00edky z gau\u010de, jak \u0161turmuj\u00ed k v\u00e1lce zcela bez uzard\u011bn\u00ed, bez pochybnost\u00ed, je mi z nich do pl\u00e1\u010de. Co je to za lidi, kte\u0159\u00ed up\u0159ednost\u0148uj\u00ed v\u00e1lku p\u0159ed vyjedn\u00e1v\u00e1n\u00edm? Nekriticky adoruj\u00ed Ukrajinu a z\u00e1rove\u0148 pos\u00edlaj\u00ed nel\u00edtostn\u011b Ukrajince do boj\u016f.<\/strong><\/div>\n<div><\/div>\n<div class=\"field-item even\">Nyn\u00ed m\u00e1me \u0161anci aktivn\u011b volit proti v\u00e1lce. Proto\u017ee a\u0165 je Babi\u0161 jak\u00fd chce, v\u00e1lku nepodporuje. Na rozd\u00edl\u016f od gener\u00e1la Pavla, kter\u00fd z\u00e1soboval Twitter sv\u00fdmi v\u00e1le\u010dn\u00fdmi \u00favahami. Je fascinuj\u00edc\u00ed, jak jeho voli\u010di up\u0159ednost\u0148uj\u00ed jeho zjev a neberou v potaz ani to, co gener\u00e1l ve\u0159ejn\u011b \u0159\u00edk\u00e1. Projela jsem si jeho Twitter a on jednozna\u010dn\u011b vyjad\u0159uje souhlas s jedn\u00e1n\u00edm NATO, prezidenta Bidena a odsuzuje Trumpa, kter\u00fd za dobu sv\u00e9ho prezidentov\u00e1n\u00ed neza\u010dal \u017e\u00e1dnou v\u00e1lku. Gener\u00e1l Pavel tak\u00e9 velmi intenzivn\u011b kritizuje Ma\u010farsko, tak\u017ee se po jeho zvolen\u00ed m\u016f\u017eeme t\u011b\u0161it na dal\u0161\u00ed destrukci V4.<\/div>\n<\/div>\n<\/div>\n<\/div>\n<div class=\"text\">\n<div class=\"field field-name-body field-type-text-with-summary field-label-hidden\">\n<div class=\"field-items\">\n<div class=\"field-item even\">\n<p>Proto apeluju na v\u0161echny, kte\u0159\u00ed necht\u011bj\u00ed v\u00e1lku a necht\u011bj\u00ed eskalaci konflikt\u016f v z\u00e1jmu mocn\u00fdch, aby \u0161li k volb\u00e1m a volili proti gener\u00e1lu Pavlovi. Je to d\u016fle\u017eit\u00e9 pro na\u0161i budoucnost. Kdo nechce, aby na\u0161e zem\u011b byla lidsky a finan\u010dn\u011b brakov\u00e1na nadn\u00e1rodn\u00edm kapit\u00e1lem, vol\u00ed proti gener\u00e1lu Pavlovi.<br \/>\nZn\u00e1te srbsk\u00e9 p\u0159\u00edslov\u00ed? &#8222;Ve v\u00e1lce daj\u00ed politici munici, bohat\u00ed j\u00eddlo a chud\u00ed svoje d\u011bti. Po v\u00e1lce politici uklid\u00ed munici, bohat\u00ed z\u00edskaj\u00ed je\u0161t\u011b v\u00edce j\u00eddla a chud\u00ed jdou hledat hroby sv\u00fdch d\u011bt\u00ed.&#8220;<\/p>\n<p>Vzhledem k tomu, jak se podporovatel\u00e9 gener\u00e1la Pavla, co\u017e jsou vlastn\u011b i v\u011bt\u0161inov\u011b v\u0161echna m\u00e9dia, vyjad\u0159uj\u00ed o voli\u010d\u00edch Babi\u0161e, je jasn\u00e9, kdo jejich mocensk\u00e9 pl\u00e1ny odnese jako prvn\u00ed. Myslete na to, kdy\u017e se sobecky budete rozhodovat nevolit!<\/p>\n<p><a href=\"https:\/\/www.evahrindova.cz\/valka-je-smrt-mir-je-zivot\">Eva Hrindov\u00e1<\/a><\/p>\n<\/div>\n<\/div>\n<\/div>\n<\/div>\n<p>&nbsp;<\/p>\n<p><img decoding=\"async\" loading=\"lazy\" class=\"wp-image-19187 aligncenter\" src=\"http:\/\/www.infokuryr.cz\/n\/wp-content\/uploads\/2022\/12\/1-PRO-300x36.jpg\" alt=\"\" width=\"1267\" height=\"152\" srcset=\"https:\/\/www.infokuryr.cz\/n\/wp-content\/uploads\/2022\/12\/1-PRO-300x36.jpg 300w, https:\/\/www.infokuryr.cz\/n\/wp-content\/uploads\/2022\/12\/1-PRO.jpg 699w\" sizes=\"(max-width: 1267px) 100vw, 1267px\" \/><\/p>\n<p>&nbsp;<\/p>\n<p>&nbsp;<\/p>\n","protected":false},"excerpt":{"rendered":"<p>V\u00e1lka je smrt, m\u00edr je \u017eivot. Proto je m\u00edr v\u017edy lep\u0161\u00ed. Kdy\u017e sly\u0161\u00edm bojovn\u00edky z&#8230;<\/p>\n","protected":false},"author":2,"featured_media":21348,"comment_status":"closed","ping_status":"closed","sticky":false,"template":"","format":"standard","meta":[],"categories":[6],"tags":[595,29,1173,474,40],"_links":{"self":[{"href":"https:\/\/www.infokuryr.cz\/n\/wp-json\/wp\/v2\/posts\/21347"}],"collection":[{"href":"https:\/\/www.infokuryr.cz\/n\/wp-json\/wp\/v2\/posts"}],"about":[{"href":"https:\/\/www.infokuryr.cz\/n\/wp-json\/wp\/v2\/types\/post"}],"author":[{"embeddable":true,"href":"https:\/\/www.infokuryr.cz\/n\/wp-json\/wp\/v2\/users\/2"}],"replies":[{"embeddable":true,"href":"https:\/\/www.infokuryr.cz\/n\/wp-json\/wp\/v2\/comments?post=21347"}],"version-history":[{"count":1,"href":"https:\/\/www.infokuryr.cz\/n\/wp-json\/wp\/v2\/posts\/21347\/revisions"}],"predecessor-version":[{"id":21349,"href":"https:\/\/www.infokuryr.cz\/n\/wp-json\/wp\/v2\/posts\/21347\/revisions\/21349"}],"wp:featuredmedia":[{"embeddable":true,"href":"https:\/\/www.infokuryr.cz\/n\/wp-json\/wp\/v2\/media\/21348"}],"wp:attachment":[{"href":"https:\/\/www.infokuryr.cz\/n\/wp-json\/wp\/v2\/media?parent=21347"}],"wp:term":[{"taxonomy":"category","embeddable":true,"href":"https:\/\/www.infokuryr.cz\/n\/wp-json\/wp\/v2\/categories?post=21347"},{"taxonomy":"post_tag","embeddable":true,"href":"https:\/\/www.infokuryr.cz\/n\/wp-json\/wp\/v2\/tags?post=21347"}],"curies":[{"name":"wp","href":"https:\/\/api.w.org\/{rel}","templated":true}]}}