{"id":21302,"date":"2023-01-17T05:42:10","date_gmt":"2023-01-17T04:42:10","guid":{"rendered":"http:\/\/www.infokuryr.cz\/n\/?p=21302"},"modified":"2023-01-20T03:40:08","modified_gmt":"2023-01-20T02:40:08","slug":"wef-si-najima-neockovane-piloty-pro-lety-do-davosu-bezpecnost-nasich-clenu-je-priorita-c-1","status":"publish","type":"post","link":"https:\/\/www.infokuryr.cz\/n\/2023\/01\/17\/wef-si-najima-neockovane-piloty-pro-lety-do-davosu-bezpecnost-nasich-clenu-je-priorita-c-1\/","title":{"rendered":"WEF si naj\u00edm\u00e1 neo\u010dkovan\u00e9 piloty pro lety do Davosu: \u201eBezpe\u010dnost na\u0161ich \u010dlen\u016f je priorita \u010d.1\u201c"},"content":{"rendered":"<div id=\"fb-root\"><\/div>\n<p>Klaus Schwab zak\u00e1zal o\u010dkovan\u00fdm pilot\u016fm p\u0159epravovat \u010dleny Sv\u011btov\u00e9ho ekonomick\u00e9ho f\u00f3ra (WEF) do Davosu z d\u016fvodu bezpe\u010dnostn\u00edho rizika, kter\u00e9 tito piloti p\u0159edstavuj\u00ed.<\/p>\n<p>Podle zpr\u00e1v maj\u00ed b\u00fdt \u010dlenov\u00e9 WEF p\u0159epravov\u00e1ni na konferenci v roce 2023 ve \u0161v\u00fdcarsk\u00e9m Davosu v\u00fdlu\u010dn\u011b neo\u010dkovan\u00fdmi piloty.<\/p>\n<p>Josh Yoder, \u0161\u00e9f americk\u00e9 skupiny\u00a0<em>Freedom Flyers<\/em>\u00a0(Svobodn\u00ed letci), skupiny pilot\u016f proti o\u010dkov\u00e1n\u00ed, \u0159ekl pilotovi Alanu Danovi, \u017ee dost\u00e1v\u00e1 ot\u00e1zky od davosk\u00fdch elit, kter\u00e9 maj\u00ed z\u00e1jem najmout si neo\u010dkovan\u00e9\u00a0<a href=\"https:\/\/www.badatel.net\/celosvetovo-pribudaju-zahadne-umrtia-pilotov-zrusene-su-velke-mnozstva-letov\/\">piloty<\/a>\u00a0na slu\u017eebn\u00ed cesty.<\/p>\n<p><em>\u201eTe\u010f mu volaj\u00ed bohat\u00ed podnikatel\u00e9 a korporace, aby l\u00e9tali s jejich mana\u017eery na firemn\u00edch letadlech s neo\u010dkovanou pos\u00e1dkou,\u201c<\/em>\u00a0uvedl Alan Dana tento t\u00fdden v po\u0159adu publicistky Maria Zeee s n\u00e1zvem Uncensored (Necenzurovan\u00e9).<\/p>\n<p><a href=\"https:\/\/rumble.com\/v2500uc-unvaccinated-pilots-like-josh-yoder-are-becoming-sought-after-commodity-for.html\">Video<\/a>\u00a0s vyj\u00e1d\u0159en\u00edm \u0161\u00e9fa sdru\u017een\u00ed neo\u010dkovan\u00fdch pilot\u016f:<\/p>\n<div class='videoWrapper'>\r\n\t            <iframe src='https:\/\/rumble.com\/embed\/v22dw1e\/?pub=4' frameborder='0' allowfullscreen><\/iframe>\r\n\t        <\/div>\n<p><a href=\"https:\/\/www.infowars.com\/posts\/wealthy-elite-now-requiring-unvaccinated-crew-to-fly-their-jets-pilot-claims\/\">Infowars.com<\/a>\u00a0d\u00e1le uv\u00e1d\u00ed:<\/p>\n<p><em>&#8222;Dost\u00e1v\u00e1 se jim luxusu, \u017ee si st\u00e1le mohou vyb\u00edrat, proto\u017ee ve Spojen\u00fdch st\u00e1tech americk\u00fdch je st\u00e1le k dispozici velk\u00e9 mno\u017estv\u00ed \u010dlen\u016f pos\u00e1dek, kte\u0159\u00ed nejsou o\u010dkov\u00e1ni, proto\u017ee leteck\u00e9 spole\u010dnosti, pro kter\u00e9 pracuj\u00ed, to nena\u0159\u00eddili.&#8220;<\/em><\/p>\n<p><em>&#8222;Tito bohat\u00ed podnikatel\u00e9 vy\u017eaduj\u00ed na sv\u00fdch slu\u017eebn\u00edch cest\u00e1ch neo\u010dkovanou pos\u00e1dku,&#8220;<\/em>\u00a0dodal Alan Dana.<\/p>\n<p><em>\u201eB\u011b\u017en\u00ed cestuj\u00edc\u00ed leteck\u00fdch spole\u010dnost\u00ed, kte\u0159\u00ed si koupili klasickou letenku, v\u0161ak u\u017e nemaj\u00ed takov\u00fd luxus.\u201c<\/em><\/p>\n<p>Alan Dana, b\u00fdval\u00fd pilot pro JetStar, singapurskou leteckou spole\u010dnost <strong>(1)<\/strong>, poznamenal, \u017ee takov\u00fdch po\u017eadavk\u016f na australskou pobo\u010dku sdru\u017een\u00ed\u00a0 <em>Freedom Flyers<\/em>\u00a0zat\u00edm nen\u00ed p\u0159\u00edli\u0161 mnoho, proto\u017ee sdru\u017een\u00ed je je\u0161t\u011b pom\u011brn\u011b nov\u00e9 a m\u00e1lo zn\u00e1m\u00e9.<\/p>\n<h2>Z\u00e1v\u011br<\/h2>\n<p>T\u00e9m\u011b\u0159 v\u0161echny velk\u00e9 leteck\u00e9 spole\u010dnosti v USA na\u0159\u00eddily experiment\u00e1ln\u00ed \u201evakc\u00ednu\u201c proti covidu pro piloty a pos\u00e1dky let\u016f v roce 2021, co\u017e vedlo nesouhlas\u00edc\u00ed piloty k vytvo\u0159en\u00ed sdru\u017een\u00ed\u00a0<em>US Freedom Flyers<\/em>\u00a0.<\/p>\n<p>O dva roky pozd\u011bji se zd\u00e1, \u017ee nov\u00e9 \u00fadaje a zv\u00fd\u0161en\u00fd po\u010det zdokumentovan\u00fdch incident\u016f jednotlivc\u016f, kte\u0159\u00ed \u201en\u00e1hle zem\u0159eli\u201c po pod\u00e1n\u00ed mRNA vakc\u00edny Covid-19, nut\u00ed elitu dob\u0159e si promyslet, s k\u00fdm budou nyn\u00ed l\u00e9tat po cel\u00e9m sv\u011bt\u011b.<\/p>\n<p>Autor: Sean Adl-Tabataai, Zdroj:\u00a0<a href=\"https:\/\/newspunch.com\/wef-hires-unvaccinated-pilots-to-fly-them-into-davos-safety-of-our-members-is-no-1-priority\/\">newspunch.com<\/a><\/p>\n<p>&nbsp;<\/p>\n<p><strong>(1) Po upozorn\u011bn\u00ed na\u0161\u00ed \u010dten\u00e1\u0159ky na chybu v p\u016fvodn\u00edm \u010dl\u00e1nku uv\u00e1d\u00edme: JetStar je spole\u010dnost autralsk\u00e1, je to dce\u0159in\u00e1 spole\u010dnost Qantasu<\/strong><\/p>\n<p><img decoding=\"async\" loading=\"lazy\" class=\"wp-image-19187 aligncenter\" src=\"http:\/\/www.infokuryr.cz\/n\/wp-content\/uploads\/2022\/12\/1-PRO-300x36.jpg\" alt=\"\" width=\"1283\" height=\"154\" srcset=\"https:\/\/www.infokuryr.cz\/n\/wp-content\/uploads\/2022\/12\/1-PRO-300x36.jpg 300w, https:\/\/www.infokuryr.cz\/n\/wp-content\/uploads\/2022\/12\/1-PRO.jpg 699w\" sizes=\"(max-width: 1283px) 100vw, 1283px\" \/><\/p>\n<p>&nbsp;<\/p>\n<p>&nbsp;<\/p>\n","protected":false},"excerpt":{"rendered":"<p>Klaus Schwab zak\u00e1zal o\u010dkovan\u00fdm pilot\u016fm p\u0159epravovat \u010dleny Sv\u011btov\u00e9ho ekonomick\u00e9ho f\u00f3ra (WEF) do Davosu z d\u016fvodu&#8230;<\/p>\n","protected":false},"author":2,"featured_media":5363,"comment_status":"closed","ping_status":"closed","sticky":false,"template":"","format":"standard","meta":[],"categories":[7],"tags":[1729,291,1043,736,613],"_links":{"self":[{"href":"https:\/\/www.infokuryr.cz\/n\/wp-json\/wp\/v2\/posts\/21302"}],"collection":[{"href":"https:\/\/www.infokuryr.cz\/n\/wp-json\/wp\/v2\/posts"}],"about":[{"href":"https:\/\/www.infokuryr.cz\/n\/wp-json\/wp\/v2\/types\/post"}],"author":[{"embeddable":true,"href":"https:\/\/www.infokuryr.cz\/n\/wp-json\/wp\/v2\/users\/2"}],"replies":[{"embeddable":true,"href":"https:\/\/www.infokuryr.cz\/n\/wp-json\/wp\/v2\/comments?post=21302"}],"version-history":[{"count":1,"href":"https:\/\/www.infokuryr.cz\/n\/wp-json\/wp\/v2\/posts\/21302\/revisions"}],"predecessor-version":[{"id":21484,"href":"https:\/\/www.infokuryr.cz\/n\/wp-json\/wp\/v2\/posts\/21302\/revisions\/21484"}],"wp:featuredmedia":[{"embeddable":true,"href":"https:\/\/www.infokuryr.cz\/n\/wp-json\/wp\/v2\/media\/5363"}],"wp:attachment":[{"href":"https:\/\/www.infokuryr.cz\/n\/wp-json\/wp\/v2\/media?parent=21302"}],"wp:term":[{"taxonomy":"category","embeddable":true,"href":"https:\/\/www.infokuryr.cz\/n\/wp-json\/wp\/v2\/categories?post=21302"},{"taxonomy":"post_tag","embeddable":true,"href":"https:\/\/www.infokuryr.cz\/n\/wp-json\/wp\/v2\/tags?post=21302"}],"curies":[{"name":"wp","href":"https:\/\/api.w.org\/{rel}","templated":true}]}}