{"id":21301,"date":"2023-01-17T05:38:56","date_gmt":"2023-01-17T04:38:56","guid":{"rendered":"http:\/\/www.infokuryr.cz\/n\/?p=21301"},"modified":"2023-01-17T05:38:56","modified_gmt":"2023-01-17T04:38:56","slug":"fialovy-hladomor-nejvyssi-dane-na-potraviny-v-eu-nestaci-jeste-se-budou-zvysovat","status":"publish","type":"post","link":"https:\/\/www.infokuryr.cz\/n\/2023\/01\/17\/fialovy-hladomor-nejvyssi-dane-na-potraviny-v-eu-nestaci-jeste-se-budou-zvysovat\/","title":{"rendered":"Fialov\u00fd hladomor! Nejvy\u0161\u0161\u00ed dan\u011b na potraviny v EU nesta\u010d\u00ed! Je\u0161t\u011b se budou zvy\u0161ovat!"},"content":{"rendered":"<div id=\"fb-root\"><\/div>\n<p>Doslova v\u0161echny vl\u00e1dy cel\u00e9ho sv\u011bta letos sni\u017euj\u00ed dan\u011b na elekt\u0159inu, plyn, l\u00e9ky a potraviny, aby pomohly sv\u00fdm ob\u010dan\u016fm p\u0159e\u017e\u00edt sou\u010dasnou krizi. Jedin\u00e1 vl\u00e1da \u010ceska, druh\u00e9 nejhor\u0161\u00ed zem\u011b sv\u011bta,\u00a0 jde op\u011bt proti proudu, a bude letos lidem dan\u011b zvy\u0161ovat! Je na \u010dase, abychom se situaci v \u010cesku i na Slovensku pod\u00edvali podrobn\u011bji.<\/p>\n<p>V\u010dera agentura Moody\u2019s, jedna ze \u010dty\u0159 ratingov\u00fdch agentur sv\u011bta ozn\u00e1mila, \u017ee se Evropa z\u0159\u00edt\u00ed do dlouhodob\u00e9 krize. \u017de nejh\u016f\u0159e posti\u017een\u00e9 zem\u011b budou Slovensko! N\u011bmecko a It\u00e1lie. \u017de se jejich ekonomika zhrout\u00ed na pandemickou \u00farove\u0148! A \u017ee ji\u017en\u00ed zem\u011b EU budou \u010delit hrozb\u011b st\u00e1tn\u00edho bankrotu (<a href=\"https:\/\/www.vg.hu\/nemzetkozi-gazdasag\/2023\/01\/kongatja-a-veszharangot-a-hitelminosito-recesszioba-kerulhet-a-nemet-az-olasz-es-a-szlovak-gazdasag-is\">Zat\u00edmco bude p\u0159etrv\u00e1vat vysok\u00e1 \u00farove\u0148 inflace, mohlo by to m\u00edt pro n\u011bkter\u00e9 jihoevropsk\u00e9 zem\u011b extr\u00e9mn\u011b \u201cv\u00e1\u017en\u00e9\u201d d\u016fsledky pro hodnocen\u00ed \u00fav\u011brov\u00e9ho rizika<\/a>!) Tyto chmurn\u00e9 p\u0159edpov\u011bdi ekonomick\u00e9ho chaosu a zb\u00edda\u010den\u00ed obyvatel EU rostou s ka\u017ed\u00fdm dnem jako houby po de\u0161ti. \u010cesk\u00e1 vl\u00e1da se ale chyst\u00e1 m\u00edsto pomoci a \u00falev lidem, zvy\u0161ovat dan\u011b!<\/p>\n<p>\u010ce\u0161t\u00ed asoci\u00e1lov\u00e9 sdru\u017een\u00ed kolem Petra Fialy se rozhodli sed\u0159\u00edt z chud\u00fdch \u010cech\u016f k\u016f\u017ei za \u017eiva, asi aby se jim pomstili za volbu Babi\u0161e v prvn\u00edm kole prezidentsk\u00e9 volby.\u00a0<a href=\"https:\/\/www.vatcalc.com\/eu\/vat-cuts-as-europe-inflation-drops-to-9-2-december-2022\/\">Zat\u00edm co 23 zem\u00ed EU u\u017e za posledn\u00ed t\u0159i m\u011bs\u00edce sn\u00ed\u017eilo dan\u011b na potraviny, l\u00e9ky, plyn a elekt\u0159inu<\/a>, fialov\u00ed gaune\u0159i budou tyto dan\u011b jako jedin\u00ed v Evrop\u011b zvy\u0161ovat! V \u010cesku tak maj\u00ed jako v jedin\u00e9 zemi na sv\u011bt\u011b pouze chud\u00ed lid\u00e9 platit n\u00e1klady na ukrajinskou v\u00e1lku a dal\u0161\u00ed fialov\u00e9 nesmysly.<\/p>\n<p>\u201cTureck\u00e9 hospod\u00e1\u0159stv\u00ed\u201d<a href=\"https:\/\/www.bejvavalo.cz\/clanky.php?detail=233\">\u00a0je star\u00fd \u010desk\u00fd term\u00edn pro vl\u00e1du ekonomick\u00fdch diletant\u016f a zlod\u011bj\u016f, kte\u0159\u00ed p\u0159ed stopades\u00e1ti lety sv\u00fdmi machinacemi proslavili Turecko po cel\u00e9m sv\u011bt\u011b.\u00a0\u00a0<\/a>Brzy se ale u\u017e m\u00edsto term\u00ednu \u201ctureck\u00e9 hospod\u00e1\u0159stv\u00ed\u201d za\u010dne po cel\u00e9m sv\u011bt\u011b pou\u017e\u00edvat nov\u00fd term\u00edn \u201cfialov\u00e9 hospod\u00e1\u0159stv\u00ed\u201d. Dne\u0161n\u00ed Turecko, za\u017e\u00edv\u00e1 nejen na rozd\u00edl od \u010ceska, jako jedin\u00e1 evropsk\u00e1 zem\u011b, ekonomick\u00fd boom, r\u016fst exportu a p\u0159\u00edliv turist\u016f, ale\u00a0<a href=\"https:\/\/www.dailysabah.com\/business\/economy\/turkiye-sees-lower-inflation-larger-gdp-per-capita-in-2023\">u\u017e se tak\u00e9 rozhodlo, \u017ee sn\u00ed\u017e\u00ed da\u0148 DPH na potraviny z 8 % na 1 %!<\/a>,\u00a0 a DPH na elekt\u0159inu na pouh\u00fdch 8 %, aby sn\u00ed\u017eilo inflaci, kter\u00e1 Turky jako v\u0161echny obyvatele sv\u011bta letos tr\u00e1p\u00ed. Ve fialov\u00e9m hospod\u00e1\u0159stv\u00ed ale plat\u00ed opa\u010dn\u00e1 pravidla \u2013 dan\u011b se zvy\u0161uj\u00ed, aby se inflace zv\u00fd\u0161ila!<\/p>\n<p>V \u010cesku se tak opakuje situace z minul\u00e9 krize 2008-2013. Sou\u010dasn\u00ed ODS, op\u011bt aby byla zvolena, sl\u00edbila,\u00a0<a href=\"https:\/\/www.novinky.cz\/clanek\/domaci-stanjura-dan-z-prijmu-ani-dph-nezvysime-40403106\">\u017ee nebude zvy\u0161ovat dan\u011b<\/a>\u00a0i DPH, ale jakmile se uhn\u00edzdila v parlamentu, u\u017e chce dan\u011b a DPH zvy\u0161ovat! V \u010cesku tomu bylo podobn\u011b v roce 2010,\u00a0<a href=\"https:\/\/finmag.penize.cz\/politika\/439413-pozor-chysta-se-reforma-dph-uklid-po-babisovi-muze-prinest-dalsi-chaos\">kdy\u017e vl\u00e1da ODS zv\u00fd\u0161ila sazby dan\u011b DPH z 10% na 15%, a z 15% na 21%<\/a>! Pozd\u011bji vl\u00e1da Sobotky a Babi\u0161e zavedla sn\u00ed\u017eenou sazbu 10% zejm\u00e9na na l\u00e9ky, vodn\u00e9 a sto\u010dn\u00e9, knihy, \u010dasopisy, noviny, a ubytov\u00e1n\u00ed! Nyn\u00ed chce ale fialov\u00e1 vl\u00e1da zav\u00e9st jedinou sn\u00ed\u017eenou da\u0148 na 13 a\u017e 14%!<\/p>\n<p>Pokud se ov\u0161em pod\u00edv\u00e1me do \u0160pan\u011blska, zjist\u00edme, \u017ee tam byla letos da\u0148 na potraviny sn\u00ed\u017eena ze 4% na 0%! Co ud\u011bl\u00e1 ve stejn\u00e9 dob\u011b lidojed Fiala, zv\u00fd\u0161\u00ed da\u0148 na kojeneckou v\u00fd\u017eivu a l\u00e9ky z 10% na 14%, a da\u0148 na potraviny sn\u00ed\u017e\u00ed z 15% na 14%!<a href=\"https:\/\/www.kurzy.cz\/zpravy\/691792-chystane-zmeny-dph-zdrazi-vodu-a-leky-a-zvysi-zisky-obchodnim-retezcum-budou-nejspise-maskovanym\/\">\u00a0Pro\u010d, aby zv\u00fd\u0161il zisky obchodn\u00edm \u0159et\u011bzc\u016fm, proto\u017ee ty si zlevn\u011bn\u00ed o 1% str\u010d\u00ed r\u00e1dy do sv\u00e9 kapsy!<\/a><\/p>\n<p><a href=\"https:\/\/www.mapfre.es\/particulares\/seguros-de-hogar\/articulos\/que-productos-tiene-iva-superreducido\/\">Rozum\u00edte tomu, ve \u0160pan\u011blsku se dosud platila 4% da\u0148 za<\/a>\u00a0b\u011b\u017en\u00e9 pe\u010divo, mouku, ml\u00e9ko, s\u00fdry, vejce, ovoce, zeleniny, lu\u0161t\u011bniny, hl\u00edzy, obiloviny, knihy, noviny, \u010dasopisy, l\u00e9ky, a soci\u00e1ln\u00ed byty a bydlen\u00ed!\u00a0<a href=\"https:\/\/elpais.com\/economia\/2022-12-27\/el-gobierno-aprueba-un-cheque-de-200-euros-para-42-millones-de-hogares-y-rebaja-el-iva-a-los-alimentos-basicos.html\">Te\u010f bude na tyto potraviny 0%<\/a>! Ale v \u010cesku 14% na v\u0161echno, co je ve \u0160pan\u011blsku za 0% a nebo za 4%!\u00a0<a href=\"https:\/\/www.vatcalc.com\/spain\/spain-cuts-natural-gas-to-5-follows-previous-cuts-to-domestic-electricity\/\">\u0160pan\u011blsko<\/a>\u00a0d\u00e1le sni\u017euje DPH na zemn\u00edho plynu z 21 % na 5 %! DPH na elekt\u0159inu z 10% na 5%!\u00a0\u00a0<a href=\"https:\/\/www.kupnisila.cz\/sazby-dph\/\">V \u010cesku je p\u0159itom st\u00e1le fialov\u00e1 da\u0148 na plyn a elekt\u0159inu 21%!!!!<\/a><\/p>\n<p>V Belgii se plat\u00ed DPH z energi\u00ed jen 6%, eurokrati se statis\u00edcov\u00fdmi platy se tam maj\u00ed dob\u0159e! Ve Finsku se sn\u00ed\u017eila da\u0148 na elekt\u0159inu jen na 10%, a na j\u00edzdy ve\u0159ejnou dopravou na 0%! Portugalsko sn\u00ed\u017eilo da\u0148 z elekt\u0159iny ze 13% na pouh\u00fdch 6%! Nejbohat\u0161\u00ed zem\u011b\u00a0<a href=\"https:\/\/www.vatcalc.com\/luxembourg\/luxembourg-temporary-vat-cut-from-17-to-16-jan-2023-confirmed-by-parliament\/\">EU Lucembursko sni\u017euje od 1. ledna dan\u011b na plyn a elekt\u0159inu z 8% na 7% a dan\u011b na l\u00e9ky, vodu, noviny a potraviny na 3%<\/a>!<\/p>\n<p>Co n\u00e1m zb\u00fdv\u00e1, ne\u017e j\u00edt k volb\u00e1m, a demonstrovat! Jedin\u011b tak se fialov\u00fdch lidojed\u016f zbav\u00edme!<\/p>\n<p><a href=\"https:\/\/www.michalapetr.com\/map-1570-eu-fialovy-hladomor-nejvyssi-dane-na-potraviny-v-eu-nestaci-jeste-se-budou-zvysovat\/\">Michael Svato\u0161<\/a><\/p>\n<p>&nbsp;<\/p>\n<p><img decoding=\"async\" loading=\"lazy\" class=\"wp-image-19187 aligncenter\" src=\"http:\/\/www.infokuryr.cz\/n\/wp-content\/uploads\/2022\/12\/1-PRO-300x36.jpg\" alt=\"\" width=\"1283\" height=\"154\" srcset=\"https:\/\/www.infokuryr.cz\/n\/wp-content\/uploads\/2022\/12\/1-PRO-300x36.jpg 300w, https:\/\/www.infokuryr.cz\/n\/wp-content\/uploads\/2022\/12\/1-PRO.jpg 699w\" sizes=\"(max-width: 1283px) 100vw, 1283px\" \/><\/p>\n<p>&nbsp;<\/p>\n","protected":false},"excerpt":{"rendered":"<p>Doslova v\u0161echny vl\u00e1dy cel\u00e9ho sv\u011bta letos sni\u017euj\u00ed dan\u011b na elekt\u0159inu, plyn, l\u00e9ky a potraviny, aby&#8230;<\/p>\n","protected":false},"author":2,"featured_media":14256,"comment_status":"closed","ping_status":"closed","sticky":false,"template":"","format":"standard","meta":[],"categories":[6],"tags":[236,1497,4257,750,99],"_links":{"self":[{"href":"https:\/\/www.infokuryr.cz\/n\/wp-json\/wp\/v2\/posts\/21301"}],"collection":[{"href":"https:\/\/www.infokuryr.cz\/n\/wp-json\/wp\/v2\/posts"}],"about":[{"href":"https:\/\/www.infokuryr.cz\/n\/wp-json\/wp\/v2\/types\/post"}],"author":[{"embeddable":true,"href":"https:\/\/www.infokuryr.cz\/n\/wp-json\/wp\/v2\/users\/2"}],"replies":[{"embeddable":true,"href":"https:\/\/www.infokuryr.cz\/n\/wp-json\/wp\/v2\/comments?post=21301"}],"version-history":[{"count":0,"href":"https:\/\/www.infokuryr.cz\/n\/wp-json\/wp\/v2\/posts\/21301\/revisions"}],"wp:featuredmedia":[{"embeddable":true,"href":"https:\/\/www.infokuryr.cz\/n\/wp-json\/wp\/v2\/media\/14256"}],"wp:attachment":[{"href":"https:\/\/www.infokuryr.cz\/n\/wp-json\/wp\/v2\/media?parent=21301"}],"wp:term":[{"taxonomy":"category","embeddable":true,"href":"https:\/\/www.infokuryr.cz\/n\/wp-json\/wp\/v2\/categories?post=21301"},{"taxonomy":"post_tag","embeddable":true,"href":"https:\/\/www.infokuryr.cz\/n\/wp-json\/wp\/v2\/tags?post=21301"}],"curies":[{"name":"wp","href":"https:\/\/api.w.org\/{rel}","templated":true}]}}