{"id":21297,"date":"2023-01-17T05:31:31","date_gmt":"2023-01-17T04:31:31","guid":{"rendered":"http:\/\/www.infokuryr.cz\/n\/?p=21297"},"modified":"2023-01-17T05:31:31","modified_gmt":"2023-01-17T04:31:31","slug":"judr-krizenecky-prinasi-skandalni-informace-o-prezidentskem-kandidatu-pavlovi","status":"publish","type":"post","link":"https:\/\/www.infokuryr.cz\/n\/2023\/01\/17\/judr-krizenecky-prinasi-skandalni-informace-o-prezidentskem-kandidatu-pavlovi\/","title":{"rendered":"JUDr. K\u0159\u00ed\u017eeneck\u00fd p\u0159in\u00e1\u0161\u00ed skand\u00e1ln\u00ed informace o prezidentsk\u00e9m kandid\u00e1tu Pavlovi"},"content":{"rendered":"<div id=\"fb-root\"><\/div>\n<h2 class=\"entry-title\">M\u00e1 pra\u017esk\u00e1 kav\u00e1rna kachn\u00ed \u017ealudek a\u00a0bude gener\u00e1la volit v\u00a0dal\u0161\u00edm kole?<\/h2>\n<p>L\u017ei a\u00a0v\u00fdmluvy gener\u00e1la. Rozv\u011bd\u010d\u00edk Var\u0161avsk\u00e9 smlouvy stoupal na p\u0159\u00edmluvu Moskvy. Simul\u00e1krum Petr Pavel jako feti\u0161. Zr\u00e1dce bez vychov\u00e1n\u00ed. Jednou zradil, koho zrad\u00ed p\u0159\u00ed\u0161t\u011b? \u010cesk\u00fd n\u00e1rod? GRU vede na \u010desk\u00e9ho prezidentsk\u00e9ho kandid\u00e1ta tlustou slo\u017eku. Vyd\u00edrateln\u00fd a\u00a0manipulovateln\u00fd Rusy, Ameri\u010dany a\u00a0b\u016fhv\u00ed k\u00fdm je\u0161t\u011b\u2026 Tenhle kandid\u00e1t se loutkovodi\u010d\u016fm fakt povedl!<\/p>\n<p>&nbsp;<\/p>\n<p><iframe loading=\"lazy\" title=\"General Pavel o\u010dima Judr. Miroslav K\u0159\u00ed\u017eeneck\u00fd\" width=\"640\" height=\"480\" src=\"https:\/\/www.youtube.com\/embed\/mrujrUfQaOU?start=3&#038;feature=oembed\" frameborder=\"0\" allow=\"accelerometer; autoplay; clipboard-write; encrypted-media; gyroscope; picture-in-picture; web-share\" allowfullscreen><\/iframe><\/p>\n<p>&nbsp;<\/p>\n<p><img decoding=\"async\" loading=\"lazy\" class=\"wp-image-19187 aligncenter\" src=\"http:\/\/www.infokuryr.cz\/n\/wp-content\/uploads\/2022\/12\/1-PRO-300x36.jpg\" alt=\"\" width=\"1242\" height=\"149\" srcset=\"https:\/\/www.infokuryr.cz\/n\/wp-content\/uploads\/2022\/12\/1-PRO-300x36.jpg 300w, https:\/\/www.infokuryr.cz\/n\/wp-content\/uploads\/2022\/12\/1-PRO.jpg 699w\" sizes=\"(max-width: 1242px) 100vw, 1242px\" \/><\/p>\n<p>&nbsp;<\/p>\n","protected":false},"excerpt":{"rendered":"<p>M\u00e1 pra\u017esk\u00e1 kav\u00e1rna kachn\u00ed \u017ealudek a\u00a0bude gener\u00e1la volit v\u00a0dal\u0161\u00edm kole? L\u017ei a\u00a0v\u00fdmluvy gener\u00e1la. Rozv\u011bd\u010d\u00edk Var\u0161avsk\u00e9&#8230;<\/p>\n","protected":false},"author":2,"featured_media":21298,"comment_status":"closed","ping_status":"closed","sticky":false,"template":"","format":"standard","meta":[],"categories":[6],"tags":[974,1173,180,3213],"_links":{"self":[{"href":"https:\/\/www.infokuryr.cz\/n\/wp-json\/wp\/v2\/posts\/21297"}],"collection":[{"href":"https:\/\/www.infokuryr.cz\/n\/wp-json\/wp\/v2\/posts"}],"about":[{"href":"https:\/\/www.infokuryr.cz\/n\/wp-json\/wp\/v2\/types\/post"}],"author":[{"embeddable":true,"href":"https:\/\/www.infokuryr.cz\/n\/wp-json\/wp\/v2\/users\/2"}],"replies":[{"embeddable":true,"href":"https:\/\/www.infokuryr.cz\/n\/wp-json\/wp\/v2\/comments?post=21297"}],"version-history":[{"count":0,"href":"https:\/\/www.infokuryr.cz\/n\/wp-json\/wp\/v2\/posts\/21297\/revisions"}],"wp:featuredmedia":[{"embeddable":true,"href":"https:\/\/www.infokuryr.cz\/n\/wp-json\/wp\/v2\/media\/21298"}],"wp:attachment":[{"href":"https:\/\/www.infokuryr.cz\/n\/wp-json\/wp\/v2\/media?parent=21297"}],"wp:term":[{"taxonomy":"category","embeddable":true,"href":"https:\/\/www.infokuryr.cz\/n\/wp-json\/wp\/v2\/categories?post=21297"},{"taxonomy":"post_tag","embeddable":true,"href":"https:\/\/www.infokuryr.cz\/n\/wp-json\/wp\/v2\/tags?post=21297"}],"curies":[{"name":"wp","href":"https:\/\/api.w.org\/{rel}","templated":true}]}}