{"id":21294,"date":"2023-01-17T05:16:07","date_gmt":"2023-01-17T04:16:07","guid":{"rendered":"http:\/\/www.infokuryr.cz\/n\/?p=21294"},"modified":"2023-01-17T05:16:07","modified_gmt":"2023-01-17T04:16:07","slug":"volici-si-mohli-vybrat-mezi-mirem-a-sliby-uverili-slibu-a-dostanou-valku","status":"publish","type":"post","link":"https:\/\/www.infokuryr.cz\/n\/2023\/01\/17\/volici-si-mohli-vybrat-mezi-mirem-a-sliby-uverili-slibu-a-dostanou-valku\/","title":{"rendered":"Voli\u010di si mohli vybrat mezi m\u00edrem a sliby. Uv\u011b\u0159ili slib\u016f a dostanou v\u00e1lku"},"content":{"rendered":"<div id=\"fb-root\"><\/div>\n<h2 class=\"entry-title\">Zapojen\u00ed \u010ceska do konfliktu na Ukrajin\u011b je hotov\u00e1 v\u011bc<\/h2>\n<p>Prezidentsk\u00e9 volby byly ur\u010dit\u00fdm referendem (jedn\u00edm z mnoha) o dal\u0161\u00edm sm\u011b\u0159ov\u00e1n\u00ed na\u0161\u00ed vlasti. Ta je st\u00e1le v\u00edce p\u0159ipravov\u00e1na na otev\u0159en\u00e9 zapojen\u00ed \u010desk\u00fdch jednotek do v\u00e1lky proti Rusku.<strong>\u00a0Voli\u010di m\u011bli volbu mezi m\u00edrem (odm\u00edt\u00e1n\u00edm v\u00e1lky) a sliby \u201ev\u0161e je v pohod\u011b\u201c. 95% z nich si vybralo sliby a proto dostanou v\u00e1lku.<\/strong><\/p>\n<p><strong>Oba kandid\u00e1ti, kte\u0159\u00ed postoupili do druh\u00e9ho kola, v\u00e1lku podpo\u0159\u00ed<\/strong>. Pavel proto\u017ee je loutka s podivnou minulosti a tak mus\u00ed poslouchat a Babi\u0161 ud\u011bl\u00e1 to sam\u00e9, a\u010dkoliv u toho mo\u017en\u00e1 bude k\u0148ourat, \u017ee on \u201enecht\u011bl\u201c. Nen\u00ed \u010cech a jeho loajalita v\u017edy bude pat\u0159it k n\u00e1rodu jeho p\u0159edk\u016f a ti dnes jsou dnes hlavn\u00ed silou hybnou konfliktu na Ukrajin\u011b. \u017de mu na dom\u00e1c\u00edm obyvatelstvu v\u016fbec nez\u00e1le\u017e\u00ed prok\u00e1zal za koronaplandemie.<\/p>\n<p><strong>Co \u010cechy v nejbli\u017e\u0161\u00ed dob\u011b \u010dek\u00e1? Krom\u011b dal\u0161\u00edho chudnut\u00ed a ukrajinizace zem\u011b tak\u00e9 zaveden\u00ed cenzury a repres\u00ed proti jin\u00fdm n\u00e1zor\u016fm (v\u010detn\u011b v\u011bzen\u00ed a p\u0159\u00edpadn\u00e9 fyzick\u00e9 likvidace) a mobilizace brann\u00fdch z\u00e1loh<\/strong>. Ukrajinci do\u0161li a tak je pot\u0159eba podpo\u0159it v\u00e1lku s Ruskem dal\u0161\u00edmi slovansk\u00fdmi n\u00e1rody. Vedle Pol\u00e1k\u016f a Slov\u00e1k\u016f p\u016fjdou do boje i \u010ce\u0161i.\u00a0<strong>Co na tom, \u017ee v\u011bt\u0161ina z nich nedr\u017eela pu\u0161ku nikdy v ruce a nem\u00e1 \u017e\u00e1dn\u00fd vojensk\u00fd v\u00fdcvik? V\u017edy\u0165 v\u00e1lka s Rusem je p\u0159ece legrace! \u201eza m\u011bs\u00edc budeme doma a je\u0161t\u011b si zast\u0159\u00edl\u00edme na Rusa\u201c, mysl\u00ed si \u0159ada hlup\u00e1k\u016f n\u011bkde v kav\u00e1rn\u011b, nebo zahrani\u010dn\u00ed korporaci.<\/strong><\/p>\n<p><strong>Soudn\u00fd \u010dlov\u011bk si dnes chyst\u00e1 zp\u016fsoby, jak se mobilizaci vyhnout za ka\u017edou cenu (i za cenu ozbrojen\u00e9ho odporu) a p\u0159e\u017e\u00edt nastupuj\u00edc\u00ed totalitu \u201epravdy a l\u00e1sky\u201c.<\/strong><\/p>\n<p>Uji\u0161\u0165uj\u00ed \u010dten\u00e1\u0159e, \u017ee synov\u00e9 Babi\u0161e, Pavla, Fialy, Pojara atd. do v\u00e1lky sami nep\u016fjdou!<\/p>\n<p><a href=\"https:\/\/ceskavec.com\/2023\/01\/volici-si-mohli-vybrat-mezi-mirem-a-sliby-uverili-slibu-a-dostanou-valku-zapojeni-ceska-do-konfliktu-na-ukrajine-je-hotova-vec\">\u010cesk\u00e1 v\u011bc<\/a><\/p>\n<p>&nbsp;<\/p>\n<p><img decoding=\"async\" loading=\"lazy\" class=\"wp-image-19187 aligncenter\" src=\"http:\/\/www.infokuryr.cz\/n\/wp-content\/uploads\/2022\/12\/1-PRO-300x36.jpg\" alt=\"\" width=\"1233\" height=\"148\" srcset=\"https:\/\/www.infokuryr.cz\/n\/wp-content\/uploads\/2022\/12\/1-PRO-300x36.jpg 300w, https:\/\/www.infokuryr.cz\/n\/wp-content\/uploads\/2022\/12\/1-PRO.jpg 699w\" sizes=\"(max-width: 1233px) 100vw, 1233px\" \/><\/p>\n<p>&nbsp;<\/p>\n<p>&nbsp;<\/p>\n","protected":false},"excerpt":{"rendered":"<p>Zapojen\u00ed \u010ceska do konfliktu na Ukrajin\u011b je hotov\u00e1 v\u011bc Prezidentsk\u00e9 volby byly ur\u010dit\u00fdm referendem (jedn\u00edm&#8230;<\/p>\n","protected":false},"author":2,"featured_media":21295,"comment_status":"closed","ping_status":"closed","sticky":false,"template":"","format":"standard","meta":[],"categories":[6],"tags":[29,40,27],"_links":{"self":[{"href":"https:\/\/www.infokuryr.cz\/n\/wp-json\/wp\/v2\/posts\/21294"}],"collection":[{"href":"https:\/\/www.infokuryr.cz\/n\/wp-json\/wp\/v2\/posts"}],"about":[{"href":"https:\/\/www.infokuryr.cz\/n\/wp-json\/wp\/v2\/types\/post"}],"author":[{"embeddable":true,"href":"https:\/\/www.infokuryr.cz\/n\/wp-json\/wp\/v2\/users\/2"}],"replies":[{"embeddable":true,"href":"https:\/\/www.infokuryr.cz\/n\/wp-json\/wp\/v2\/comments?post=21294"}],"version-history":[{"count":0,"href":"https:\/\/www.infokuryr.cz\/n\/wp-json\/wp\/v2\/posts\/21294\/revisions"}],"wp:featuredmedia":[{"embeddable":true,"href":"https:\/\/www.infokuryr.cz\/n\/wp-json\/wp\/v2\/media\/21295"}],"wp:attachment":[{"href":"https:\/\/www.infokuryr.cz\/n\/wp-json\/wp\/v2\/media?parent=21294"}],"wp:term":[{"taxonomy":"category","embeddable":true,"href":"https:\/\/www.infokuryr.cz\/n\/wp-json\/wp\/v2\/categories?post=21294"},{"taxonomy":"post_tag","embeddable":true,"href":"https:\/\/www.infokuryr.cz\/n\/wp-json\/wp\/v2\/tags?post=21294"}],"curies":[{"name":"wp","href":"https:\/\/api.w.org\/{rel}","templated":true}]}}