{"id":21280,"date":"2023-01-17T01:08:33","date_gmt":"2023-01-17T00:08:33","guid":{"rendered":"http:\/\/www.infokuryr.cz\/n\/?p=21280"},"modified":"2023-01-16T17:41:46","modified_gmt":"2023-01-16T16:41:46","slug":"zdenek-jemelik-volby-obcana-druhe-kategorie","status":"publish","type":"post","link":"https:\/\/www.infokuryr.cz\/n\/2023\/01\/17\/zdenek-jemelik-volby-obcana-druhe-kategorie\/","title":{"rendered":"Zden\u011bk Jemel\u00edk: Volby ob\u010dana druh\u00e9 kategorie"},"content":{"rendered":"<div id=\"fb-root\"><\/div>\n<p><strong>P\u0159ed Listopadem 1989 jsem pro\u017eil \u010dty\u0159icet let s\u00a0v\u011bdom\u00edm, \u017ee jsem ob\u010danem druh\u00e9 kategorie. Tu prvn\u00ed tvo\u0159ili obecn\u011b komunist\u00e9 a z\u00a0nich vytvo\u0159en\u00e9 zvl\u00e1\u0161\u0165 privilegovan\u00e9 kasty stranick\u00fdch apar\u00e1t\u010d\u00edk\u016f a vysok\u00fdch funkcion\u00e1\u0159\u016f, policist\u016f, arm\u00e1dn\u00edch d\u016fstojn\u00edk\u016f (lampas\u00e1k\u016f) a milicion\u00e1\u0159\u016f. P\u0159\u00edslu\u0161nost ke kast\u011b si museli vyslou\u017eit nezpochybniteln\u00fdmi d\u016fkazy oddanosti \u201estran\u011b a vl\u00e1d\u011b\u201c. P\u0159irozen\u011b se od nich \u017e\u00e1dalo, aby souhlasili s\u00a0invaz\u00ed vojsk Var\u0161avsk\u00e9 smlouvy 21.srpna 1968, a to dodate\u010dn\u011b i ti, kte\u0159\u00ed v\u00a0dob\u011b vp\u00e1du \u00a0byli teprve v ko\u010d\u00e1rku. Nevadilo, \u017ee v\u00a0p\u0159\u00edpad\u011b voj\u00e1k\u016f z\u00a0povol\u00e1n\u00ed m\u011bl souhlas s okupac\u00ed povahu vlastizrady. Ob\u010dan\u00e9 prvn\u00ed kategorie m\u011bli p\u0159ednost v\u0161ude a ve v\u0161em.\u00a0<\/strong><\/p>\n<p>Speci\u00e1ln\u011b pro voli\u010de Danu\u0161e Nerudov\u00e9 pop\u00ed\u0161i \u00a0pro n\u00e1zornost celkem nevinnou ud\u00e1lost, kterou jsem skute\u010dn\u011b za\u017eil. Po ukon\u010den\u00ed vysoko\u0161kolsk\u00e9ho studia m\u011bli absolventi povinnost nastoupit na t\u0159i roky na st\u00e1tem ur\u010den\u00e9 pracovi\u0161t\u011b, a to za \u017eebr\u00e1ckou mzdu. V\u00a0m\u00e9m p\u0159\u00edpad\u011b jsme byli svol\u00e1ni k hromadn\u00e9mu\u00a0vyzvednut\u00ed um\u00edst\u011bnek na ur\u010ditou hodinu. Do m\u00edstnosti, v\u00a0kter\u00e9 na velk\u00e9m stole le\u017eely vystaven\u00e9 um\u00edst\u011bnky, byli nejd\u0159\u00edve vpu\u0161t\u011bn\u00ed \u010dlenov\u00e9 ro\u010dn\u00edkov\u00e9 organizace KS\u010c. A\u017e si vybrali, sm\u011bli jsme vstoupit my ostatn\u00ed. Museli jsme pak v\u011bt\u0161inou nastoupit do pust\u00e9ho pohrani\u010d\u00ed daleko od domova. Podobn\u00fdch p\u0159\u00edhod jsem za\u017eil mnoho. \u201eVedouc\u00ed strana\u201c zas\u00e1hla nep\u0159\u00edzniv\u011b \u00a0do \u017eivota m\u00e9ho a m\u00e9 rodiny opakovan\u011b.<\/p>\n<p>Pro\u017eitky ob\u010dana druh\u00e9 kategorie ovliv\u0148uj\u00ed m\u00e9 vid\u011bn\u00ed sou\u010dasnosti. Vedou m\u011b k\u00a0poznatku, \u017ee historick\u00e1 pam\u011b\u0165 n\u00e1roda je nesm\u00edrn\u011b slab\u00e1, tak\u017ee t\u00e9m\u011b\u0159 nikoho nepobu\u0159uje, \u017ee p\u0159\u00edslu\u0161n\u00edci prvn\u00ed kategorie ob\u010das usiluj\u00ed o privilegovan\u00e1 postaven\u00ed ve st\u00e1t\u011b, jen\u017e z\u00a0jejich tehdej\u0161\u00edho pohledu by m\u011bl b\u00fdt pro n\u011b nep\u0159\u00e1telsk\u00fd. Nemysl\u00edm si, \u017ee by m\u011bli b\u00fdt vyhazov\u00e1ni z\u00a0pr\u00e1ce nebo dokonce zav\u00edr\u00e1ni, jak se \u00a0\u010dasto d\u011blo odp\u016frc\u016fm KS\u010c po p\u0159evzet\u00ed moci v\u00a0r. 1948 nebo po okupaci v\u00a0r. 1968 i jindy, ale do nejvy\u0161\u0161\u00edch\u00a0 pater ve\u0159ejn\u00e9ho \u017eivota by se tla\u010dit nem\u011bli. Situace, kdy o \u00fa\u0159ad prezidenta republiky se st\u0159etnou dva uchaze\u010di, kte\u0159\u00ed byli \u010dleny KS\u010c a svou kari\u00e9ru zalo\u017eili s\u00a0jej\u00edm po\u017eehn\u00e1n\u00edm, je pro mne nep\u0159\u00edjemn\u00e1. Nut\u00ed k\u00a0volb\u011b men\u0161\u00edho zla.<\/p>\n<p>Do p\u0159edvolebn\u00ed agitace se d\u00edry v\u00a0historick\u00e9 pam\u011bti prom\u00edtaj\u00ed i utlouk\u00e1n\u00edm Andreje Babi\u0161e pojmem \u201eest\u00e9b\u00e1k\u201c a naopak bagatelizac\u00ed p\u0159\u00edslu\u0161nosti pana Petra Pavla k\u00a0vojensk\u00e9 rozv\u011bdce, \u00fadajn\u011b pod\u0159\u00edzen\u00e9 sov\u011btsk\u00e9 vojensk\u00e9 zpravodajsk\u00e9 slu\u017eb\u011b GR\u00da.<\/p>\n<p>P\u0159\u00edslu\u0161n\u00edkem vojensk\u00e9 rozv\u011bdky se z\u00e1jemce mohl st\u00e1t pouze tehdy, kdy\u017e o to usiloval a pro\u0161el prov\u011brkou loajality k\u00a0protipr\u00e1vn\u00edmu re\u017eimu. V\u00a0dan\u00e9m p\u0159\u00edpad\u011b \u0161lo o v\u011bdom\u00fd \u00famysl \u017eivit se \u0161pion\u00e1\u017e\u00ed ke \u0161kod\u011b na\u0161ich sou\u010dasn\u00fdch spojenc\u016f.<\/p>\n<p>\u201eEst\u00e9b\u00e1k\u201c byl profesion\u00e1ln\u00ed p\u0159\u00edslu\u0161n\u00edk StB. T\u00edm Andrej Babi\u0161 ur\u010dit\u011b nebyl. Tajn\u00fd spolupracovn\u00edk \u010di agent StB nebyl zam\u011bstnancem slu\u017eby. Obvykle se j\u00edm stal tak, \u017ee StB o n\u011bj z\u00edskala z\u00e1jem z\u00a0jak\u00fdchkoli d\u016fvod\u016f a polo\u017eila p\u0159ed n\u011bj k\u00a0podpisu v\u00e1zac\u00ed akt ve chv\u00edli, kdy byl v\u00a0n\u011bjak\u00e9 kritick\u00e9 situaci. V\u00a0p\u0159\u00edpad\u011b Andreje Babi\u0161e by to mohlo b\u00fdt p\u0159i p\u0159\u00edle\u017eitosti projedn\u00e1v\u00e1n\u00ed jeho \u017e\u00e1dosti o z\u00edsk\u00e1n\u00ed postaven\u00ed obchodn\u00edho z\u00e1stupce v\u00a0Maroku. Bez po\u017eehn\u00e1n\u00ed StB by asi tuto pr\u00e1ci nez\u00edskal. Nen\u00ed p\u0159i tom vylou\u010deno, \u017ee o \u201epo\u017eehn\u00e1n\u00ed\u201c nev\u011bd\u011bl. Prob\u011bhla \u0159ada soudn\u00edch proces\u016f, v\u00a0nich\u017e se prok\u00e1zalo, \u017ee StB vedla svazky na n\u011bkter\u00e9 osoby neopr\u00e1vn\u011bn\u011b.<\/p>\n<p>Samo za\u0159azen\u00ed do kategorie \u201etajn\u00fd spolupracovn\u00edk\u201c \u010di \u201eagent\u201c nevypov\u00edd\u00e1 v\u016fbec nic o obsahu styku mezi StB a jej\u00ed ob\u011bt\u00ed.<\/p>\n<p>V\u00a0t\u00e9 dob\u011b bylo ostatn\u011b b\u011b\u017en\u00e9, \u017ee ka\u017ed\u00fd, kdo cestoval za \u017eeleznou oponu, dostal ve firm\u011b od \u00fatvaru zvl\u00e1\u0161tn\u00edch \u010dinnost\u00ed dotazn\u00edk, kter\u00fd po n\u00e1vratu musel odevzdat vypln\u011bn\u00fd. V\u00a0n\u011bm musel uv\u00e9st, s\u00a0k\u00fdm a pro\u010d se v\u00a0cizin\u011b setkal, o \u010dem s\u00a0n\u00edm mluvil apod.<\/p>\n<p>Z\u00a0v\u00fd\u0161e uveden\u00e9ho je tedy z\u0159ejm\u00e9, \u017ee voli\u010di maj\u00ed pohled na oba soupe\u0159\u00edc\u00ed kandid\u00e1ty pon\u011bkud zkreslen\u00fd.<\/p>\n<p>N\u00e1rod m\u00e1 takovou reprezentaci, jakou si zaslou\u017e\u00ed. Pokud voli\u010d\u016fm vyhovuje komunistick\u00fd rozv\u011bd\u010d\u00edk na Hrad\u011b, nech\u0165 si ho zvol\u00ed. Nebudu to vn\u00edmat jako ne\u0161t\u011bst\u00ed, neb funkce prezidenta nen\u00ed z\u00a0 praktick\u00e9ho hlediska tak d\u016fle\u017eit\u00e1, jak se podle t\u00e9 nen\u00e1vistn\u00e9\u00a0 pranice zd\u00e1. Gener\u00e1l Pavel bude ur\u010dit\u011b zvl\u00e1dat ceremoni\u00e1ln\u00ed \u00fakony prezidenta s\u00a0eleganc\u00ed a bezchybn\u011b. Mo\u017en\u00e1 by mohl nav\u00e1zat na tradici prezident\u016f Edvarda Bene\u0161e a Klementa Gottwalda, kte\u0159\u00ed se ob\u010das od\u00edvali do uniformy vrchn\u00edho velitele arm\u00e1dy. Jako prezident bude bezprobl\u00e9mov\u011b spolupracovat s\u00a0asoci\u00e1ln\u00ed vl\u00e1dou Petra Fialy a ponech\u00e1 j\u00ed klid na pokra\u010dov\u00e1n\u00ed ve zb\u00edda\u010dov\u00e1n\u00ed obyvatelstva vysok\u00fdmi cenami energi\u00ed a inflac\u00ed. \u00a0V\u00a0\u017e\u00e1dn\u00e9m p\u0159\u00edpad\u011b \u201enep\u016fjde vl\u00e1d\u011b po krku\u201c, jak hroz\u00ed Andrej Babi\u0161, co\u017e pova\u017euje za svou v\u00fdznamnou p\u0159ednost. Nem\u00e1 ostatn\u011b odpov\u00eddaj\u00edc\u00ed znalosti a zku\u0161enosti v\u00a0socio-ekonomick\u00e9 oblasti, aby mohl b\u00fdt vl\u00e1d\u011b rovnocenn\u00fdm protihr\u00e1\u010dem. Zapom\u00edn\u00e1 na to, \u017ee omezen pravomocemi prezidenta by Andrej Babi\u0161 velk\u00fd tlak na vl\u00e1du vykon\u00e1vat nemohl, naopak jako neuspokojen\u00fd v\u016fdce opozice bude pro ni velmi nep\u0159\u00edjemn\u00fd.<\/p>\n<p>Andrej Babi\u0161 p\u016fjde do druh\u00e9ho kola oslaben podle z\u00e1sady \u201ekdo\u00a0 nic ned\u011bl\u00e1, nic nepokaz\u00ed\u201c V\u00a0tomto ohledu Petru Pavlovi konkurovat nebude, nebo\u0165 tomu nemaj\u00ed voli\u010di co\u00a0 vy\u010d\u00edtat a nav\u00edc m\u00e1 hezky zast\u0159i\u017een\u00e9 vousy. Andrej Babi\u0161 \u0159e\u0161il v\u00a0ned\u00e1vn\u00e9 minulosti mnoho krizov\u00fdch situac\u00ed a ne v\u0161echno se povedlo. Na\u0161tval mnoho lid\u00ed, jin\u00ed mu z\u00e1vid\u00ed, ale z\u00edskal sympatie a obdiv dal\u0161\u00edch.<\/p>\n<p>Nebude-li zvolen Andrej Babi\u0161, nic se mu nestane. I tak bude v\u00fdznamnou politickou osobnost\u00ed se siln\u00fdm vlivem na rozvoj st\u00e1tu. V\u00a0prosazov\u00e1n\u00ed politick\u00fdch z\u00e1m\u011br\u016f bude m\u00edt voln\u011bj\u0161\u00ed ruce ne\u017e by m\u011bl, jsa omezen pravomocemi prezidenta. A nen\u00ed tak star\u00fd, aby se nemohl\u00a0 o\u00a0 funkci prezidenta uch\u00e1zet znova p\u0159\u00ed\u0161t\u011b. Jedinou nep\u0159\u00edjemnost vid\u00edm v\u00a0tom, \u017ee neuvede svou \u017eenu do postaven\u00ed prvn\u00ed d\u00e1my.<\/p>\n<p>Ani Petru Pavlovi se nic nestane, nebude-li zvolen. Nejsp\u00ed\u0161 se vr\u00e1t\u00ed k\u00a0dosavadn\u00edmu zp\u016fsobu \u017eivota.<\/p>\n<p>V\u00a0ka\u017ed\u00e9m p\u0159\u00edpad\u011b nen\u00ed vhodn\u00e9, aby si stoupenci obou kandid\u00e1t\u016f vz\u00e1jemn\u011b vj\u00ed\u017ed\u011bli do vlas\u016f. \u017divot oby\u010dejn\u00fdch lid\u00ed p\u016fjde d\u00e1l bez ohledu na v\u00fdsledek druh\u00e9ho kola.<\/p>\n<p><strong>Zden\u011bk Jemel\u00edk<\/strong><\/p>\n<p><img decoding=\"async\" loading=\"lazy\" class=\"alignnone size-medium wp-image-357\" src=\"http:\/\/www.infokuryr.cz\/n\/wp-content\/uploads\/2021\/04\/Jemelik-u-soudu-300x145.jpeg\" alt=\"\" width=\"300\" height=\"145\" srcset=\"https:\/\/www.infokuryr.cz\/n\/wp-content\/uploads\/2021\/04\/Jemelik-u-soudu-300x145.jpeg 300w, https:\/\/www.infokuryr.cz\/n\/wp-content\/uploads\/2021\/04\/Jemelik-u-soudu.jpeg 320w\" sizes=\"(max-width: 300px) 100vw, 300px\" \/><\/p>\n<p>_____________________________<\/p>\n<p>&nbsp;<\/p>\n<p><img decoding=\"async\" loading=\"lazy\" class=\"wp-image-19187 aligncenter\" src=\"http:\/\/www.infokuryr.cz\/n\/wp-content\/uploads\/2022\/12\/1-PRO-300x36.jpg\" alt=\"\" width=\"1258\" height=\"151\" srcset=\"https:\/\/www.infokuryr.cz\/n\/wp-content\/uploads\/2022\/12\/1-PRO-300x36.jpg 300w, https:\/\/www.infokuryr.cz\/n\/wp-content\/uploads\/2022\/12\/1-PRO.jpg 699w\" sizes=\"(max-width: 1258px) 100vw, 1258px\" \/><\/p>\n<p>&nbsp;<\/p>\n","protected":false},"excerpt":{"rendered":"<p>P\u0159ed Listopadem 1989 jsem pro\u017eil \u010dty\u0159icet let s\u00a0v\u011bdom\u00edm, \u017ee jsem ob\u010danem druh\u00e9 kategorie. Tu prvn\u00ed&#8230;<\/p>\n","protected":false},"author":2,"featured_media":898,"comment_status":"closed","ping_status":"closed","sticky":false,"template":"","format":"standard","meta":[],"categories":[6],"tags":[126,29,869,180,27],"_links":{"self":[{"href":"https:\/\/www.infokuryr.cz\/n\/wp-json\/wp\/v2\/posts\/21280"}],"collection":[{"href":"https:\/\/www.infokuryr.cz\/n\/wp-json\/wp\/v2\/posts"}],"about":[{"href":"https:\/\/www.infokuryr.cz\/n\/wp-json\/wp\/v2\/types\/post"}],"author":[{"embeddable":true,"href":"https:\/\/www.infokuryr.cz\/n\/wp-json\/wp\/v2\/users\/2"}],"replies":[{"embeddable":true,"href":"https:\/\/www.infokuryr.cz\/n\/wp-json\/wp\/v2\/comments?post=21280"}],"version-history":[{"count":0,"href":"https:\/\/www.infokuryr.cz\/n\/wp-json\/wp\/v2\/posts\/21280\/revisions"}],"wp:featuredmedia":[{"embeddable":true,"href":"https:\/\/www.infokuryr.cz\/n\/wp-json\/wp\/v2\/media\/898"}],"wp:attachment":[{"href":"https:\/\/www.infokuryr.cz\/n\/wp-json\/wp\/v2\/media?parent=21280"}],"wp:term":[{"taxonomy":"category","embeddable":true,"href":"https:\/\/www.infokuryr.cz\/n\/wp-json\/wp\/v2\/categories?post=21280"},{"taxonomy":"post_tag","embeddable":true,"href":"https:\/\/www.infokuryr.cz\/n\/wp-json\/wp\/v2\/tags?post=21280"}],"curies":[{"name":"wp","href":"https:\/\/api.w.org\/{rel}","templated":true}]}}