{"id":21277,"date":"2023-01-17T01:07:53","date_gmt":"2023-01-17T00:07:53","guid":{"rendered":"http:\/\/www.infokuryr.cz\/n\/?p=21277"},"modified":"2023-01-16T17:31:40","modified_gmt":"2023-01-16T16:31:40","slug":"petr-hannig-cesta-na-uplne-dno","status":"publish","type":"post","link":"https:\/\/www.infokuryr.cz\/n\/2023\/01\/17\/petr-hannig-cesta-na-uplne-dno\/","title":{"rendered":"Petr Hannig: Cesta na \u00fapln\u00e9 dno"},"content":{"rendered":"<div id=\"fb-root\"><\/div>\n<p><strong>P\u0159\u00e1tel\u00e9, st\u00e1le jsem p\u0159edpov\u00eddal, \u017ee Andrej Babi\u0161 dostane v prvn\u00edm kole 35 % hlas\u016f. Toto p\u0159esn\u011b dostal. Naprosto p\u0159esn\u011b jsem to p\u0159edpov\u011bd\u011bl. Ale i j\u00e1 jsem si myslel, \u017ee vyhraje prvn\u00ed kolo. A varoval jsem ty, co si naivn\u011b mysleli, \u017ee zv\u00edt\u011bz\u00ed v prvn\u00edm kole.<\/strong><\/p>\n<p>D\u00e1le jsem neust\u00e1le psal, \u017ee jedinou \u0161anc\u00ed, aby A.\u00a0Babi\u0161 vyhr\u00e1l cel\u00e9 volby, je to, aby se dostal do druh\u00e9ho kola s Jaroslavem Ba\u0161tou. Mnoz\u00ed p\u0159\u00edznivci A.\u00a0Babi\u0161e psali, \u017ee Jaroslav Ba\u0161ta bere A.\u00a0Babi\u0161ovi hlasy, \u017ee by mohl u\u017e vyhr\u00e1t v prvn\u00edm kole. Tak\u017ee 35\u00a0% + 4,5\u00a0% je 39,5\u00a0%. Vid\u00edte, \u017ee n\u011bjak\u00fdch m\u00e9n\u011b ne\u017e 5\u00a0% p\u0159ipo\u010dten\u00fdch k v\u00fdsledku A. Babi\u0161e by v\u00fdsledek cel\u00fdch voleb nezm\u011bnilo. V \u017e\u00e1dn\u00e9m p\u0159\u00edpad\u011b J.\u00a0Ba\u0161ta nebral hlasy A.\u00a0Babi\u0161ovi. Pouze odpov\u011bdn\u00ed voli\u010di se sna\u017eili, aby se Ba\u0161ta dostal do druh\u00e9ho kola. Bohu\u017eel ur\u010dit\u00fd handicap ve vyjad\u0159ov\u00e1n\u00ed J.\u00a0Ba\u0161ty to znemo\u017enil. Okamurovi jsem to p\u0159i 28.\u00a0\u0159\u00edjnu na Hrad\u011b \u0159\u00edkal, \u017ee to nen\u00ed vzhledem k jeho slovn\u00edmu projevu ide\u00e1ln\u00ed, \u017ee lep\u0161\u00ed by rozhodn\u011b byl J.\u00a0Foldyna, nebo s prominut\u00edm, i j\u00e1.<\/p>\n<p>Nav\u00edc voli\u010de na t\u00e9to stran\u011b barik\u00e1dy v\u016fbec nezaj\u00edm\u00e1, \u017ee n\u011bkdo podepsal Chartu 77. \u017de byl disidentem. Mnoz\u00ed z lid\u00ed si naopak mysl\u00ed, \u017ee \u017eivot v minul\u00e9m re\u017eimu byl lep\u0161\u00ed. \u017de nebyli bezdomovci. \u017de lid\u00e9 m\u011bli sv\u00e9 \u017eivotn\u00ed jistoty. \u017de se neb\u00e1li, \u017ee ztrat\u00ed zam\u011bstn\u00e1n\u00ed, \u017ee p\u0159ijdou o sv\u00e9 byty, \u017ee jejich d\u011bti podlehnou drogov\u00fdm dealer\u016fm a stanou se drogov\u011b z\u00e1visl\u00fdmi. To v\u0161echno bych akcentoval j\u00e1, kdyby mi SPD dalo svou podporu.<\/p>\n<p>Lidi, vlastence, zaj\u00edm\u00e1 to, jak se chov\u00e1 kandid\u00e1t dnes. Jestli je pro \u00fa\u010dast \u010cR v NATO. Jestli je pro roz\u0161i\u0159ov\u00e1n\u00ed NATO o \u0160v\u00e9dsko a Finsko. Nav\u00edc, v\u0161echno, co d\u011bl\u00e1 vlasteneck\u00e1 sc\u00e9na, je \u0161patn\u011b. Bohu\u017eel ti druz\u00ed to u\u017e od parlamentn\u00edch voleb 2021 d\u011blaj\u00ed chyt\u0159eji. Spojili se dohromady a jejich p\u0159\u00edva\u017eky TOP 09, STAN a KDU-\u010cSL se dostaly do Parlamentu. Na na\u0161\u00ed stran\u011b barik\u00e1dy jsme se chovali hloup\u011b a dopustili jsme, aby propadlo milion hlas\u016f t\u00edm, \u017ee ANO nebylo ochotn\u00e9 vz\u00edt do koalice dal\u0161\u00ed strany, tak, jak to ud\u011blali ti druz\u00ed.<\/p>\n<p>Jak d\u00e1l? Nev\u00edm. Asi na\u0161e zem\u011b mus\u00ed spadnout na \u00fapln\u00e9 dno. Mlad\u00ed mu\u017ei budou z\u0159ejm\u011b muset do v\u00e1lky, m\u00edr je v sou\u010dasn\u00e9 dob\u011b sprost\u00e9 slovo. Vl\u00e1dn\u00ed poradci odsuzuj\u00ed jakoukoliv m\u00edrovou iniciativu, jakou je nap\u0159\u00edklad v\u00fdzva\u00a0<a href=\"https:\/\/www.iportal24.cz\/featured\/mir-a-spravedlnost\/\"><em>M\u00edr a spravedlnost<\/em>, za kterou stoj\u00ed t\u0159eba mlad\u00fd Stropnick\u00fd<\/a>. Nebudu zde nic p\u0159edpov\u00eddat, ale r\u016f\u017eov\u011b volbu prezidenta ve druh\u00e9m kole nevid\u00edm. P\u0159esto samoz\u0159ejm\u011b budu volit A.\u00a0Babi\u0161e a budu p\u0159esv\u011bd\u010dovat v\u0161echny kolem sebe, aby tak tak\u00e9 u\u010dinili.<\/p>\n<p><strong>Mgr. Petr Hannig, p\u0159edseda politick\u00e9 strany Rozumn\u00ed a b\u00fdval\u00fd prezidentsk\u00fd kandid\u00e1t<\/strong><\/p>\n<p>&nbsp;<\/p>\n<p><img decoding=\"async\" loading=\"lazy\" class=\"wp-image-19187 aligncenter\" src=\"http:\/\/www.infokuryr.cz\/n\/wp-content\/uploads\/2022\/12\/1-PRO-300x36.jpg\" alt=\"\" width=\"1250\" height=\"150\" srcset=\"https:\/\/www.infokuryr.cz\/n\/wp-content\/uploads\/2022\/12\/1-PRO-300x36.jpg 300w, https:\/\/www.infokuryr.cz\/n\/wp-content\/uploads\/2022\/12\/1-PRO.jpg 699w\" sizes=\"(max-width: 1250px) 100vw, 1250px\" \/><\/p>\n<p>&nbsp;<\/p>\n<p>&nbsp;<\/p>\n","protected":false},"excerpt":{"rendered":"<p>P\u0159\u00e1tel\u00e9, st\u00e1le jsem p\u0159edpov\u00eddal, \u017ee Andrej Babi\u0161 dostane v prvn\u00edm kole 35 % hlas\u016f. Toto&#8230;<\/p>\n","protected":false},"author":2,"featured_media":12094,"comment_status":"closed","ping_status":"closed","sticky":false,"template":"","format":"standard","meta":[],"categories":[6],"tags":[1042,29,27],"_links":{"self":[{"href":"https:\/\/www.infokuryr.cz\/n\/wp-json\/wp\/v2\/posts\/21277"}],"collection":[{"href":"https:\/\/www.infokuryr.cz\/n\/wp-json\/wp\/v2\/posts"}],"about":[{"href":"https:\/\/www.infokuryr.cz\/n\/wp-json\/wp\/v2\/types\/post"}],"author":[{"embeddable":true,"href":"https:\/\/www.infokuryr.cz\/n\/wp-json\/wp\/v2\/users\/2"}],"replies":[{"embeddable":true,"href":"https:\/\/www.infokuryr.cz\/n\/wp-json\/wp\/v2\/comments?post=21277"}],"version-history":[{"count":0,"href":"https:\/\/www.infokuryr.cz\/n\/wp-json\/wp\/v2\/posts\/21277\/revisions"}],"wp:featuredmedia":[{"embeddable":true,"href":"https:\/\/www.infokuryr.cz\/n\/wp-json\/wp\/v2\/media\/12094"}],"wp:attachment":[{"href":"https:\/\/www.infokuryr.cz\/n\/wp-json\/wp\/v2\/media?parent=21277"}],"wp:term":[{"taxonomy":"category","embeddable":true,"href":"https:\/\/www.infokuryr.cz\/n\/wp-json\/wp\/v2\/categories?post=21277"},{"taxonomy":"post_tag","embeddable":true,"href":"https:\/\/www.infokuryr.cz\/n\/wp-json\/wp\/v2\/tags?post=21277"}],"curies":[{"name":"wp","href":"https:\/\/api.w.org\/{rel}","templated":true}]}}