{"id":21265,"date":"2023-01-17T01:01:28","date_gmt":"2023-01-17T00:01:28","guid":{"rendered":"http:\/\/www.infokuryr.cz\/n\/?p=21265"},"modified":"2023-01-16T16:57:15","modified_gmt":"2023-01-16T15:57:15","slug":"new-york-times-davos-celi-novemu-svetovemu-radu","status":"publish","type":"post","link":"https:\/\/www.infokuryr.cz\/n\/2023\/01\/17\/new-york-times-davos-celi-novemu-svetovemu-radu\/","title":{"rendered":"NEW York Times: Davos \u010del\u00ed nov\u00e9mu sv\u011btov\u00e9mu \u0159\u00e1du"},"content":{"rendered":"<div id=\"fb-root\"><\/div>\n<div class=\"elementor-element elementor-element-1fb4c2c elementor-widget elementor-widget-theme-post-content\" data-id=\"1fb4c2c\" data-element_type=\"widget\" data-widget_type=\"theme-post-content.default\">\n<div class=\"elementor-widget-container\">\n<p><span>Pandemie Covid-19, invaze na Ukrajinu, trend k autokracii a ekonomick\u00e9 nerovnosti zpochyb\u0148uj\u00ed v\u00fdznam Sv\u011btov\u00e9ho ekonomick\u00e9ho f\u00f3ra.<\/span><\/p>\n<p><span>Sv\u011btov\u00e9 ekonomick\u00e9 f\u00f3rum ve \u0161v\u00fdcarsk\u00e9m Davosu se ocit\u00e1 v rozbou\u0159en\u00fdch vod\u00e1ch.\u00a0Po dlouhou dobu to byl prosperuj\u00edc\u00ed symbol globalizuj\u00edc\u00edho se sv\u011bta, kde se p\u0159edpokl\u00e1dalo, \u017ee v\u00edce obchodu znamen\u00e1 v\u00edce svobody.\u00a0Ale nyn\u00ed, ve st\u00ednu v\u00e1lky v Evrop\u011b a ostr\u00e9ho nap\u011bt\u00ed mezi USA a \u010c\u00ednou, je konfrontov\u00e1na s mezin\u00e1rodn\u00edmi roztr\u017ekami, rostouc\u00edm nacionalismem a rostouc\u00edm protekcionismem.<\/span><\/p>\n<p><span>Obdob\u00ed po studen\u00e9 v\u00e1lce p\u0159edstavy, \u017ee z\u00e1padn\u00ed liber\u00e1ln\u00ed demokracie a kapitalismus voln\u00e9ho trhu dr\u017e\u00ed v\u0161echny odpov\u011bdi, skon\u010dilo.\u00a0To byl \u00e9tos Davosu.\u00a0Nyn\u00ed se mus\u00ed p\u0159izp\u016fsobit nov\u00e9 realit\u011b, kterou p\u0159inesla pandemie Covid-19, v\u00e1lka na Ukrajin\u011b, n\u00e1r\u016fst extr\u00e9mn\u00ed nerovnosti a agresivn\u00ed rusk\u00e9 a \u010d\u00ednsk\u00e9 autokracie.<\/span><\/p>\n<p><span>Star\u00fd \u0159\u00e1d je pry\u010d, ale nov\u00fd se je\u0161t\u011b nezrodil.\u00a0Moc se od USA p\u0159esouv\u00e1 s t\u00edm, jak roste \u010d\u00ednsk\u00e1 vojensk\u00e1 a ekonomick\u00e1 moc, ale podoba alternativn\u00edho mezin\u00e1rodn\u00edho syst\u00e9mu je nejasn\u00e1.<\/span><\/p>\n<p><span>Do jak\u00e9 m\u00edry se sv\u011bt deglobalizuje, kdy\u017e se jasn\u011b uk\u00e1zala hrozba pro dodavatelsk\u00e9 \u0159et\u011bzce, kterou p\u0159edstavuje Covid-19 a v\u00e1lka?\u00a0Je mo\u017en\u00e9 ukon\u010dit boj v Evrop\u011b, kter\u00fd si ji\u017e vy\u017e\u00e1dal des\u00edtky tis\u00edc ukrajinsk\u00fdch a rusk\u00fdch ob\u011bt\u00ed a podn\u00edtil p\u0159ita\u017een\u00e9, ale vytrval\u00e9 \u0159e\u010di o mo\u017en\u00e9m jadern\u00e9m \u201eArmagedonu\u201c \u2013 slovo, kter\u00e9 loni pou\u017eil prezident Biden?\u00a0Pokud konflikt na Ukrajin\u011b potrv\u00e1 do roku 2023, jak se nyn\u00ed zd\u00e1 b\u00fdt pravd\u011bpodobn\u00e9, jak se lze vyhnout v\u00e1lkou vyvolan\u00e9 glob\u00e1ln\u00ed recesi, pokud nejistota, kter\u00e1 brzd\u00ed investice, p\u0159etrv\u00e1v\u00e1 a ceny stoupaj\u00ed?<\/span><\/p>\n<\/div>\n<\/div>\n<div class=\"elementor-element elementor-element-8c57238 quelle dc-has-condition dc-condition-empty elementor-widget elementor-widget-heading\" data-id=\"8c57238\" data-element_type=\"widget\" data-widget_type=\"heading.default\">\n<div class=\"elementor-widget-container\">\n<h3 class=\"elementor-heading-title elementor-size-default\"><span style=\"font-size: 8pt;\"><a href=\"https:\/\/www.nytimes.com\/2023\/01\/14\/world\/davos-world-economic-forum.html\" target=\"_blank\" rel=\"nofollow noopener\">ZDROJ<\/a><\/span><\/h3>\n<\/div>\n<\/div>\n<p>&nbsp;<\/p>\n<p><img decoding=\"async\" loading=\"lazy\" class=\"wp-image-19187 aligncenter\" src=\"http:\/\/www.infokuryr.cz\/n\/wp-content\/uploads\/2022\/12\/1-PRO-300x36.jpg\" alt=\"\" width=\"1225\" height=\"147\" srcset=\"https:\/\/www.infokuryr.cz\/n\/wp-content\/uploads\/2022\/12\/1-PRO-300x36.jpg 300w, https:\/\/www.infokuryr.cz\/n\/wp-content\/uploads\/2022\/12\/1-PRO.jpg 699w\" sizes=\"(max-width: 1225px) 100vw, 1225px\" \/><\/p>\n<p>&nbsp;<\/p>\n","protected":false},"excerpt":{"rendered":"<p>Pandemie Covid-19, invaze na Ukrajinu, trend k autokracii a ekonomick\u00e9 nerovnosti zpochyb\u0148uj\u00ed v\u00fdznam Sv\u011btov\u00e9ho ekonomick\u00e9ho&#8230;<\/p>\n","protected":false},"author":2,"featured_media":20077,"comment_status":"closed","ping_status":"closed","sticky":false,"template":"","format":"standard","meta":[],"categories":[7],"tags":[279,4047,613],"_links":{"self":[{"href":"https:\/\/www.infokuryr.cz\/n\/wp-json\/wp\/v2\/posts\/21265"}],"collection":[{"href":"https:\/\/www.infokuryr.cz\/n\/wp-json\/wp\/v2\/posts"}],"about":[{"href":"https:\/\/www.infokuryr.cz\/n\/wp-json\/wp\/v2\/types\/post"}],"author":[{"embeddable":true,"href":"https:\/\/www.infokuryr.cz\/n\/wp-json\/wp\/v2\/users\/2"}],"replies":[{"embeddable":true,"href":"https:\/\/www.infokuryr.cz\/n\/wp-json\/wp\/v2\/comments?post=21265"}],"version-history":[{"count":0,"href":"https:\/\/www.infokuryr.cz\/n\/wp-json\/wp\/v2\/posts\/21265\/revisions"}],"wp:featuredmedia":[{"embeddable":true,"href":"https:\/\/www.infokuryr.cz\/n\/wp-json\/wp\/v2\/media\/20077"}],"wp:attachment":[{"href":"https:\/\/www.infokuryr.cz\/n\/wp-json\/wp\/v2\/media?parent=21265"}],"wp:term":[{"taxonomy":"category","embeddable":true,"href":"https:\/\/www.infokuryr.cz\/n\/wp-json\/wp\/v2\/categories?post=21265"},{"taxonomy":"post_tag","embeddable":true,"href":"https:\/\/www.infokuryr.cz\/n\/wp-json\/wp\/v2\/tags?post=21265"}],"curies":[{"name":"wp","href":"https:\/\/api.w.org\/{rel}","templated":true}]}}