{"id":21247,"date":"2023-01-16T05:25:30","date_gmt":"2023-01-16T04:25:30","guid":{"rendered":"http:\/\/www.infokuryr.cz\/n\/?p=21247"},"modified":"2023-01-16T05:25:30","modified_gmt":"2023-01-16T04:25:30","slug":"prani-valky-vysledek-prvniho-kola-prezidentskych-voleb-v-cesku-naznacuje-desivou-fasizaci-casti-ceske-populace","status":"publish","type":"post","link":"https:\/\/www.infokuryr.cz\/n\/2023\/01\/16\/prani-valky-vysledek-prvniho-kola-prezidentskych-voleb-v-cesku-naznacuje-desivou-fasizaci-casti-ceske-populace\/","title":{"rendered":"P\u0159\u00e1n\u00ed v\u00e1lky: V\u00fdsledek prvn\u00edho kola prezidentsk\u00fdch voleb v \u010cesku nazna\u010duje d\u011bsivou fa\u0161izaci \u010d\u00e1sti \u010desk\u00e9 populace"},"content":{"rendered":"<div id=\"fb-root\"><\/div>\n<h4>P\u0159\u00e1n\u00ed v\u00e1lky: V\u00fdsledek prvn\u00edho kola prezidentsk\u00fdch voleb v \u010cesku nazna\u010duje d\u011bsivou fa\u0161izaci \u010d\u00e1sti \u010desk\u00e9 populace a touhu po vojensk\u00e9 konfrontaci s Ruskou federac\u00ed! Je to dokonal\u00e1 kopie nacifikace n\u011bmeck\u00e9 ve\u0159ejnosti zezdola na po\u010d\u00e1tku 30. let minul\u00e9ho stolet\u00ed! Volby potvrdily, \u017ee obyvatelstvo v \u010cesku nen\u00ed neoliber\u00e1ln\u00ed, ale trans-atlanticky ukotven\u00e9 v odhodlan\u00e9 pozici kandidatury \u010dlensk\u00e9ho st\u00e1tu Trojmo\u0159\u00ed a p\u0159ipraven\u00e9 zat\u00e1hnout do v\u00e1lky na Ukrajin\u011b \u010desk\u00e9 voj\u00e1ky, a to i za cenu mobilizace vlastn\u00edch d\u011bt\u00ed! Kam zmizeli voli\u010di SPD se sv\u00fdmi hlasy pro Jaroslava Ba\u0161tu?<\/h4>\n<p>V \u010cesk\u00e9 republice skon\u010dilo v sobotu prvn\u00ed kolo prezidentsk\u00fdch voleb, kter\u00e9 s nepatrn\u00fdm n\u00e1skokem p\u0159ed druh\u00fdm Andrejem Babi\u0161em vyhr\u00e1l penzionovan\u00fd gener\u00e1l Petr Pavel, zat\u00edmco Danu\u0161e Nerudov\u00e1 drtiv\u011b propadla.\u00a0<strong>Prvn\u00ed kolo voleb nen\u00ed vlastn\u011b \u017e\u00e1dn\u00fdm p\u0159ekvapen\u00edm a z hlediska konceptu\u00e1ln\u00edch proces\u016f jsme sv\u011bdky okop\u00edrov\u00e1n\u00ed v\u00fdsledk\u016f parlamentn\u00edch voleb z konce roku 2021<\/strong>. P\u011btikoalice t\u011bsn\u011b porazila Hnut\u00ed ANO a zbytek z\u016fstal kdesi hodn\u011b a hodn\u011b daleko. Referendum o Fialov\u011b mizern\u00e9 vl\u00e1d\u011b se stalo fiaskem!<\/p>\n<p>Prvn\u00ed kolo uk\u00e1zalo jednu d\u011bsivou a pro mn\u011b opravdu nep\u0159\u00edjemnou skute\u010dnost. \u010cesk\u00fd volebn\u00ed elektor\u00e1t u\u017e opravdu nem\u00e1 schopnost obrany a zp\u011btn\u00e9 vazby proti vl\u00e1d\u011b Petra Fialy, proto\u017ee v\u00fdsledek voleb ukazuje, \u017ee od konce roku 2021 podpora p\u011btikoalici mezi obyvatelstvem z\u016fstala, nezmizela a nad\u00e1le u voleb v\u00edt\u011bz\u00ed nad opozic\u00ed, i kdy\u017e jen opravdu t\u011bsn\u011b. Lidem jako by nevadila drahota, propad \u017eivotn\u00ed \u00farovn\u011b, mamut\u00ed inflace, ani dod\u00e1vky zbran\u00ed na Ukrajinu, ani obrovsk\u00e1 ukrajinsk\u00e1 uprchlick\u00e1 vlna v \u010cR, ani ukrajinizace republiky, ani chov\u00e1n\u00ed ministr\u016f a \u010dlen\u016f Fialovy vl\u00e1dy, prost\u011b nic.<\/p>\n<figure id=\"attachment_54404\" class=\"wp-caption aligncenter\" style=\"width: 690px;\"><a href=\"https:\/\/aeronet.news\/wp-content\/uploads\/AndrejBabisPetrPavel.jpg\"><img decoding=\"async\" loading=\"lazy\" class=\"wp-image-54404 \" src=\"https:\/\/aeronet.news\/wp-content\/uploads\/AndrejBabisPetrPavel-1024x520.jpg\" sizes=\"(max-width: 700px) 100vw, 700px\" srcset=\"https:\/\/aeronet.news\/wp-content\/uploads\/AndrejBabisPetrPavel-1024x520.jpg 1024w, https:\/\/aeronet.news\/wp-content\/uploads\/AndrejBabisPetrPavel-300x152.jpg 300w, https:\/\/aeronet.news\/wp-content\/uploads\/AndrejBabisPetrPavel-768x390.jpg 768w, https:\/\/aeronet.news\/wp-content\/uploads\/AndrejBabisPetrPavel-700x355.jpg 700w, https:\/\/aeronet.news\/wp-content\/uploads\/AndrejBabisPetrPavel-703x357.jpg 703w, https:\/\/aeronet.news\/wp-content\/uploads\/AndrejBabisPetrPavel-951x483.jpg 951w, https:\/\/aeronet.news\/wp-content\/uploads\/AndrejBabisPetrPavel.jpg 1280w\" alt=\"\" width=\"690\" height=\"350\" \/><\/a><figcaption class=\"wp-caption-text\">Andrej Babi\u0161 a Petr Pavel<\/figcaption><\/figure>\n<p>Na toto se mus\u00edme d\u00edvat jako na objektivn\u00ed proces ve spole\u010dnosti, kde\u00a0<strong>ka\u017ed\u00fd rok z\u00edsk\u00e1v\u00e1 volebn\u00ed pr\u00e1vo zhruba 120 000 voli\u010d\u016f, kte\u0159\u00ed dos\u00e1hli plnoletosti a opustili prostory liberalizovan\u00e9ho a amerikanizovan\u00e9ho \u0161kolstv\u00ed v \u010cR,<\/strong>\u00a0ale k volb\u00e1m chod\u00ed jen okolo 65% obyvatel, p\u0159i\u010dem\u017e u mlad\u00fdch lid\u00ed je \u00fa\u010dast je\u0161t\u011b o pozn\u00e1n\u00ed ni\u017e\u0161\u00ed. P\u0159esto to ale sta\u010d\u00ed k tomu, \u017ee ka\u017ed\u00e9 4 roky nebo ka\u017ed\u00fdch 5 let doch\u00e1z\u00ed ke zm\u011bn\u011b elektor\u00e1tu a t\u00edm i v\u00fdsledk\u016f voleb, kter\u00e9 se posunuj\u00ed t\u00edm sm\u011brem, kter\u00e9 ur\u010duje \u010desk\u00e9 \u0161kolstv\u00ed, tedy organizace v\u00fdchovy populace na 1. priorit\u011b.<\/p>\n<p>A jenom bl\u00e1zen m\u016f\u017ee o\u010dek\u00e1vat, \u017ee v takov\u00e9m prostoru budou v\u00edt\u011bzit strany s pro-n\u00e1rodn\u00edm ukotven\u00edm. Co se v\u0161ak ukazuje, to je\u00a0<strong>sl\u00e1bnouc\u00ed vliv Evropsk\u00e9 unie v \u010cR<\/strong>\u00a0a\u00a0<strong>posiluj\u00edc\u00ed vliv americk\u00e9 st\u00e1tn\u00ed moci, tzv. trans-atlantick\u00fd proces \u0159\u00edzen\u00ed v modelu Trojmo\u0159\u00ed<\/strong>, kter\u00fd v t\u00e9to chv\u00edli ofici\u00e1ln\u011b m\u016f\u017eeme ozna\u010dit za nejsiln\u011bj\u0161\u00ed vliv v \u010cR. A tento vliv p\u0159in\u00e1\u0161\u00ed do \u010desk\u00e9 spole\u010dnosti touhu a p\u0159\u00e1n\u00ed v\u00e1lky! Spolu s t\u00edm, jak p\u0159ib\u00fdvaj\u00ed nov\u00ed voli\u010di z \u0159ad mlad\u00fdch lid\u00ed, tak se sou\u010dasn\u011b vytr\u00e1cej\u00ed sta\u0159\u00ed voli\u010di, kte\u0159\u00ed um\u00edraj\u00ed. A proto\u017ee sta\u0159\u00ed maj\u00ed vy\u0161\u0161\u00ed volebn\u00ed \u00fa\u010dast, tak to vede v d\u016fsledku k dynamick\u00e9mu p\u0159esunu elektor\u00e1tu od n\u00e1rodn\u00edch stran k neoliber\u00e1l\u016fm a trans-atlantist\u016fm.<\/p>\n<h6><span style=\"font-size: 18pt;\">\u010cesk\u00fd voli\u010d m\u00e1 nebezpe\u010dn\u00e9 a zfa\u0161izovan\u00e9 p\u0159\u00e1n\u00ed v\u00e1lky proti Rusku<\/span><\/h6>\n<p>V p\u00e1te\u010dn\u00edm po\u0159adu na SVCS jsem \u0159ekl, \u017ee se m\u016f\u017eu opravdu drtiv\u011b m\u00fdlit, ale \u017ee si mysl\u00edm, \u017ee \u010desk\u00e1 spole\u010dnost je\u0161t\u011b nen\u00ed v situaci, \u017ee by volila do funkce prezidenta nepokryt\u00e9ho a po str\u00e1nce r\u00e9toriky v\u00e1le\u010dn\u00e9ho \u0161tv\u00e1\u010de, kter\u00fd nebude m\u00edt probl\u00e9m vyhl\u00e1sit v\u00e1lku Rusk\u00e9 federaci a poslat do v\u00e1lky \u010desk\u00e9 syny a podle vzoru Ukrajiny i dcery, kter\u00e9 na ukrajinsk\u00e9 front\u011b pracuj\u00ed jako zdravotn\u00ed sestry v t\u00fdlov\u00fdch lazaretech. Rovn\u011b\u017e jsem uvedl, \u017ee zat\u00edm nev\u00edme, v jak\u00e9 jsme f\u00e1zi, v jak\u00e9m bodu zlomu, proto\u017ee spole\u010dnost se \u0161t\u011bp\u00ed na trans-atlantick\u00e9 a euro-unijn\u00ed \u010d\u00e1sti. Volby uk\u00e1zaly, \u017ee u\u017e m\u016f\u017eeme prohl\u00e1sit, \u017ee v\u00edme, v jak\u00e9 jsme f\u00e1zi.<\/p>\n<p><strong>\u010cesk\u00e1 spole\u010dnost se naplno fa\u0161izovala a m\u00e1 touhu a p\u0159\u00e1n\u00ed v\u00e1lky proti Rusk\u00e9 federaci. V\u011bt\u0161ina ve\u0159ejnosti je fa\u0161izov\u00e1na a pouze men\u0161ina m\u00e1 pro-bruselsk\u00e9 a globalistick\u00e9 ukotven\u00ed.<\/strong>\u00a0Propad \u010desk\u00e9 \u010caputov\u00e9 nen\u00ed pot\u011b\u0161uj\u00edc\u00edm jevem ve chv\u00edli, kdy byla pora\u017eena pro-v\u00e1le\u010dn\u00fdm a neokonizovan\u00fdm kandid\u00e1tem, kter\u00fd bude kop\u00edrovat americk\u00e9 procesy \u0159\u00edzen\u00ed v Evrop\u011b na Pra\u017esk\u00e9m hrad\u011b. \u010cesk\u00e1 spole\u010dnost je ve stejn\u00e9m stavu jako n\u011bmeck\u00e9 obyvatelstvo na po\u010d\u00e1tku 30. let minul\u00e9ho stolet\u00ed. Ta kopie je naprosto dokonal\u00e1, s d\u011bsivou v\u011brnost\u00ed dokonal\u00e1 kopie!<\/p>\n<figure id=\"attachment_54401\" class=\"wp-caption aligncenter\" style=\"width: 697px;\"><a href=\"https:\/\/aeronet.news\/wp-content\/uploads\/GeneralPavelChairmanNATO.jpg\"><img decoding=\"async\" loading=\"lazy\" class=\"wp-image-54401 \" src=\"https:\/\/aeronet.news\/wp-content\/uploads\/GeneralPavelChairmanNATO-1024x682.jpg\" sizes=\"(max-width: 700px) 100vw, 700px\" srcset=\"https:\/\/aeronet.news\/wp-content\/uploads\/GeneralPavelChairmanNATO-1024x682.jpg 1024w, https:\/\/aeronet.news\/wp-content\/uploads\/GeneralPavelChairmanNATO-300x200.jpg 300w, https:\/\/aeronet.news\/wp-content\/uploads\/GeneralPavelChairmanNATO-768x511.jpg 768w, https:\/\/aeronet.news\/wp-content\/uploads\/GeneralPavelChairmanNATO-700x466.jpg 700w, https:\/\/aeronet.news\/wp-content\/uploads\/GeneralPavelChairmanNATO-536x357.jpg 536w, https:\/\/aeronet.news\/wp-content\/uploads\/GeneralPavelChairmanNATO-726x483.jpg 726w, https:\/\/aeronet.news\/wp-content\/uploads\/GeneralPavelChairmanNATO.jpg 1280w\" alt=\"\" width=\"697\" height=\"464\" \/><\/a><figcaption class=\"wp-caption-text\">Gen. Petr Pavel jako p\u0159edseda vojensk\u00e9ho velen\u00ed NATO v Bruselu<\/figcaption><\/figure>\n<p>Sou\u010dasn\u00fd re\u017eim v \u010cR se pln\u011b fa\u0161izoval a nacifikoval. Doch\u00e1z\u00ed k uml\u010dov\u00e1n\u00ed opozi\u010dn\u00edch n\u00e1zor\u016f, opozi\u010dn\u00edch web\u016f, profeso\u0159i a\u00a0<strong>odborn\u00edci dost\u00e1vaj\u00ed vyhazovy [<a href=\"https:\/\/href.li\/?https:\/\/echo24.cz\/a\/HeznS\/zpravy-domaci-petr-drulak-vypoved-velvyslanec-ve-francii-ustav-mezinarodnich-vztahu-ministerstvo-zahranici\" target=\"_blank\" rel=\"nofollow noopener\">1<\/a>] ze zam\u011bstn\u00e1n\u00ed (<em>viz. vyhazov politologa Petra Drul\u00e1ka z \u00dastavu mezin\u00e1rodn\u00edch vztah\u016f za jeho realistick\u00e9 a s vl\u00e1dou nesouhlasn\u00e9 pohledy na Ukrajinu<\/em>)<\/strong>, ministryn\u011b obrany si pochvaluje vra\u017edu rusk\u00e9 novin\u00e1\u0159ky, ministr vnitra vyv\u011b\u0161uje na budovu vnitra plachtu s Putinem v pytli na mrtvoly, vl\u00e1da chyst\u00e1 z\u00e1kon na blokov\u00e1n\u00ed web\u016f a kriminalizov\u00e1n\u00ed redaktor\u016f t\u011bchto web\u016f.<\/p>\n<p>A v neposledn\u00ed \u0159ad\u011b se chyst\u00e1 finan\u010dn\u00ed podpora pro-re\u017eimn\u00edch web\u016f a ve sn\u011bmovn\u011b je u\u017e novela \u00fastavn\u00edho zmoc\u0148ovac\u00edho z\u00e1kona na vys\u00edl\u00e1n\u00ed \u010desk\u00fdch voj\u00e1k\u016f do ciziny bez souhlasu sn\u011bmovny, a rovn\u011b\u017e na pobyt ciz\u00edch vojsk na \u00fazem\u00ed \u010cR bez souhlasu sn\u011bmovnu, a to na dobu 60 dn\u016f. \u00dapln\u011b stejn\u00e9 autoriza\u010dn\u00ed z\u00e1kony si nechal schvalovat Adolf Hitler v roce 1933 po n\u00e1stupu k moci, kdy autoriza\u010dn\u00edmi z\u00e1kony ovl\u00e1dl v\u0161echny ozbrojen\u00e9 slo\u017eky v N\u011bmecku a \u0158\u00ed\u0161sk\u00fd sn\u011bm dostal jen ex-post pravomoc dodate\u010dn\u011b a zp\u011btn\u011b posv\u011bcovat kancl\u00e9\u0159ovy kroky, o kter\u00e9 stejn\u011b nakonec poslanci p\u0159i\u0161li \u00fapln\u011b, kdy\u017e se Hitler ustanovil \u0158\u00ed\u0161sk\u00fdm v\u016fdcem a \u00fapln\u011b \u0158\u00ed\u0161sk\u00fd sn\u011bm odstavil.<\/p>\n<h6><span style=\"font-size: 18pt;\">\u010cesko zah\u00e1jilo mohutn\u00fd proces kop\u00edrov\u00e1n\u00ed nacifikace st\u00e1tu podle vzoru N\u011bmecka ze 30. let minul\u00e9ho stolet\u00ed<\/span><\/h6>\n<figure id=\"attachment_54405\" class=\"wp-caption alignleft\"><a href=\"https:\/\/aeronet.news\/wp-content\/uploads\/KRIT_Logo.png\"><img decoding=\"async\" loading=\"lazy\" class=\"wp-image-54405 size-full\" src=\"https:\/\/aeronet.news\/wp-content\/uploads\/KRIT_Logo.png\" sizes=\"(max-width: 225px) 100vw, 225px\" srcset=\"https:\/\/aeronet.news\/wp-content\/uploads\/KRIT_Logo.png 225w, https:\/\/aeronet.news\/wp-content\/uploads\/KRIT_Logo-150x150.png 150w, https:\/\/aeronet.news\/wp-content\/uploads\/KRIT_Logo-210x210.png 210w\" alt=\"\" width=\"225\" height=\"225\" \/><\/a><figcaption class=\"wp-caption-text\">KRIT \u2013 Poradn\u00ed t\u00fdm Fialovy vl\u00e1dy pro pot\u00edr\u00e1n\u00ed opozi\u010dn\u00edch n\u00e1zor\u016f v \u010cR. Nacistick\u00e1 orlice jako symbol<\/figcaption><\/figure>\n<p>V\u0161echny tyto kroky jsou okop\u00edrov\u00e1ny z proces\u016f nacifikace N\u011bmecka ve 30. letech. Jen\u017ee, zapom\u00edn\u00e1 se na jednu z\u00e1sadn\u00ed v\u011bc. V tom roce 1933 byla nacifikace v N\u011bmecku na takov\u00e9m vrcholu, \u017ee v jej\u00edm d\u016fsledku se dostal Adolf Hitler k moci. Nikoliv obr\u00e1cen\u011b, \u017ee by Hitler nacifikoval N\u011bmecko a\u017e po sv\u00e9m n\u00e1stupu k moci.<\/p>\n<p>Ne, to je brut\u00e1ln\u00ed omyl!\u00a0<strong>Adolf Hitler ty nacifika\u010dn\u00ed procesy pouze institucionalizoval a uvedl do ve\u0159ejn\u00e9 praxe, ale v n\u011bmeck\u00e9 spole\u010dnosti nacifikace prob\u00edhala ji\u017e od konce 1. sv. v\u00e1lky a gradovala spole\u010dn\u00e9 s Velkou hospod\u00e1\u0159skou kriz\u00ed<\/strong>, kter\u00fd vypukla v USA v roce 1929 a p\u0159ekop\u00edrovala se do Evropy.<\/p>\n<p>Je to stejn\u00e1 situace jako dnes, i dne\u0161n\u00ed hospod\u00e1\u0159sk\u00e1 krize v USA a v Evrop\u011b p\u0159in\u00e1\u0161\u00ed do proces\u016f \u0159\u00edzen\u00ed nacisty, i kdy\u017e u\u017e nenos\u00ed hn\u011bd\u00e9 ko\u0161ile, ani \u010dern\u00e9 uniformy, ale jejich politick\u00e9 postoje jsou ryze fa\u0161iza\u010dn\u00ed a pro-v\u00e1le\u010dn\u00e9. Politici najednou u\u017e nevolaj\u00ed do m\u00edru, ale stejn\u011b jako v N\u011bmecku po roce 1933 volaj\u00ed do v\u00e1lky proti nep\u0159\u00edteli na v\u00fdchod\u011b, proti Rusku! Politici, kte\u0159\u00ed horuj\u00ed pro m\u00edr a porozum\u011bn\u00ed mezi n\u00e1rody, kon\u010d\u00ed v politice a jsou uml\u010dov\u00e1ni, zat\u00edmco v\u00e1le\u010dn\u00ed \u0161tv\u00e1\u010di buduj\u00ed sv\u00e9 kari\u00e9ry a dost\u00e1vaj\u00ed se do \u0159\u00edd\u00edch funkc\u00ed.<\/p>\n<p>Kdokoliv \u0159ekne n\u011bco proti v\u00e1lce, je vyhozen z pr\u00e1ce. Kdokoliv podporuje v\u00e1lku, je pov\u00fd\u0161en v r\u00e1mci nacifika\u010dn\u00edch, resp. fa\u0161iza\u010dn\u00edch proces\u016f ve spole\u010dnosti. Abyste v\u0161ak porozum\u011bli tomu, co se v \u010cR d\u011bje, mus\u00edte si uv\u011bdomit, \u017ee fa\u0161izace spole\u010dnosti vych\u00e1z\u00ed z proces\u016f \u0159\u00edzen\u00ed na 1. priorit\u011b po v\u00edce jak 33 letech v \u010cR. Nov\u00e9 generace jsou nao\u010dkov\u00e1ny fa\u0161iza\u010dn\u00edmi prvky, co\u017e znamen\u00e1, \u017ee procesy jsou ur\u010dov\u00e1ny svazkem fa\u0161izovan\u00fdch stran, m\u00e9di\u00ed a vojensko-pr\u016fmyslov\u00e9ho sektoru, kter\u00fd pot\u0159ebuje ve spole\u010dnosti a v lidu indukovat touhu a p\u0159\u00e1n\u00ed v\u00e1lky!<\/p>\n<h6><span style=\"font-size: 18pt;\">\u010cesk\u00e1 republika se prom\u011b\u0148uje na zemi s fa\u0161istick\u00fdm svazkov\u00fdm \u0159\u00edzen\u00edm politiky, m\u00e9di\u00ed a vojensko-pr\u016fmyslov\u00e9ho komplexu s obrovskou z\u00e1kladnou voli\u010d\u016f tou\u017e\u00edc\u00edch po v\u00e1lce s Ruskem<\/span><\/h6>\n<p>Svazkov\u00e9 \u0159\u00edzen\u00ed fa\u0161izovan\u00fdch stran p\u011btikoalice, spole\u010dn\u011b s pro-vl\u00e1dn\u00edmi m\u00e9dii, tiskovinami a hlavn\u011b \u010ceskou televiz\u00ed, a spole\u010dn\u011b s vojensk\u00fdmi exportn\u00edmi firmami, kter\u00e9 dod\u00e1vaj\u00ed zbran\u011b na Ukrajinu za podpory vl\u00e1dy a pr\u00e1v\u011b t\u011bch m\u00e9di\u00ed, v kone\u010dn\u00e9m d\u016fsledku fa\u0161izuje celou \u010deskou spole\u010dnost, kter\u00e1 od vl\u00e1dy a od m\u00e9di\u00ed denn\u011b \u010del\u00ed fa\u0161iza\u010dn\u00edmu programov\u00e1n\u00ed.\u00a0<strong>Svazkov\u00e9 \u0159\u00edzen\u00ed tak p\u0159evychov\u00e1v\u00e1 a p\u0159eprogramov\u00e1v\u00e1 \u010deskou populaci, \u010deskou ve\u0159ejnost, kter\u00e1 je najednou infikov\u00e1na nejen prost\u00fdm anti-rusismem, ale je v n\u00ed vytv\u00e1\u0159ena podpora pro v\u00e1lku, pro touhu a p\u0159\u00e1n\u00ed v\u00e1lky v cel\u00e9 populaci.<\/strong><\/p>\n<p>Podobn\u011b jako k tomu do\u0161lo v N\u011bmecku ve 30. letech, kde n\u011bmeck\u00fd n\u00e1rod m\u011bl obrovskou touhu a p\u0159\u00e1n\u00ed v\u00e1lky, kterou Adolf Hitler tomu n\u00e1rodu prost\u011b jen vyplnil. A ob\u00e1v\u00e1m se, \u017ee p\u0159esn\u011b tento proces pr\u00e1v\u011b prob\u00edh\u00e1 v \u010cR ve chv\u00edli, kdy \u010desk\u00e9 obyvatelstvo si vol\u00ed sv\u00e9ho v\u00e1le\u010dn\u00e9ho v\u016fdce do chystan\u00e9 v\u00e1lky proti Rusku. Pr\u00e1v\u011b proto nebyla do druh\u00e9ho kola posunuta Danu\u0161e Nerudov\u00e1, proto\u017ee \u010desk\u00e1 spole\u010dnost nen\u00ed liberalizov\u00e1na, ona je fa\u0161izov\u00e1na!<\/p>\n<figure id=\"attachment_54152\" class=\"wp-caption aligncenter\" style=\"width: 690px;\"><a href=\"https:\/\/aeronet.news\/wp-content\/uploads\/NerudovaKunLampa.jpg\"><img decoding=\"async\" loading=\"lazy\" class=\"wp-image-54152 \" src=\"https:\/\/aeronet.news\/wp-content\/uploads\/NerudovaKunLampa-1024x684.jpg\" sizes=\"(max-width: 700px) 100vw, 700px\" srcset=\"https:\/\/aeronet.news\/wp-content\/uploads\/NerudovaKunLampa-1024x684.jpg 1024w, https:\/\/aeronet.news\/wp-content\/uploads\/NerudovaKunLampa-300x200.jpg 300w, https:\/\/aeronet.news\/wp-content\/uploads\/NerudovaKunLampa-768x513.jpg 768w, https:\/\/aeronet.news\/wp-content\/uploads\/NerudovaKunLampa-700x468.jpg 700w, https:\/\/aeronet.news\/wp-content\/uploads\/NerudovaKunLampa-534x357.jpg 534w, https:\/\/aeronet.news\/wp-content\/uploads\/NerudovaKunLampa-723x483.jpg 723w, https:\/\/aeronet.news\/wp-content\/uploads\/NerudovaKunLampa.jpg 1280w\" alt=\"\" width=\"690\" height=\"461\" \/><\/a><figcaption class=\"wp-caption-text\">Danu\u0161e Nerudov\u00e1 vyho\u0159ela u voleb, podpora neoliber\u00e1ln\u00ed agend\u011b v \u010cR nen\u00ed tak siln\u00e1 jako na Slovensku. V \u010cesku p\u0159eva\u017euje trans-atlantick\u00fd proces Trojmo\u0159\u00ed<\/figcaption><\/figure>\n<p>Pro\u010d nemluv\u00edme jen o elektor\u00e1tu, ale o cel\u00e9 \u010desk\u00e9 spole\u010dnosti? Proto\u017ee to nem\u00e1 na politick\u00fd v\u00fdsledek a na procesy \u0159\u00edzen\u00ed vliv. Ani v N\u011bmecku ve 30. letech nevolili v\u0161ichni NSDAP, ani v N\u011bmecku nechodilo k volb\u00e1m 100% voli\u010d\u016f, ale prost\u011b v tom roce 1933 fa\u0161izace, resp. nacifikace, ovl\u00e1dla politick\u00e9 a silov\u00e9 procesy \u0159\u00edzen\u00ed v N\u011bmecku v d\u016fsledku jedn\u011bch jedin\u00fdch demokratick\u00fdch voleb, po kter\u00fdch za\u010dal Adolf Hitler uml\u010dovat opozici, opozi\u010dn\u00ed tisk, opozi\u010dn\u00ed p\u0159ed\u00e1ky, ze st\u00e1tn\u00edch slu\u017eeb byli vyh\u00e1zeni v\u0161ichni, kte\u0159\u00ed odporovali nacismu, do\u0161lo k z\u00e1kazu opozi\u010dn\u00edho tisku.<\/p>\n<p>Byl p\u0159ijat z\u00e1kon na ochranu n\u011bmeck\u00e9 kultury, krve a cti, kter\u00fd zablokoval ve\u0161ker\u00fd opozi\u010dn\u00ed tisk pod z\u00e1minkou ochrany a obrany vnit\u0159n\u00ed bezpe\u010dnosti n\u011bmeck\u00e9ho n\u00e1roda. No vid\u00edte, a co v\u00e1m to p\u0159ipom\u00edn\u00e1?\u00a0<strong>Fialova vl\u00e1da z\u0159\u00eddila podivn\u00fd institut KRIT (Krizov\u00fd informa\u010dn\u00ed t\u00fdm), kter\u00fd rad\u00ed vl\u00e1d\u011b [<a href=\"https:\/\/href.li\/?https:\/\/www.mvcr.cz\/clanek\/krizovy-informacni-tym-ministerstva-vnitra.aspx\" target=\"_blank\" rel=\"nofollow noopener\">2<\/a>], jak potla\u010dovat opozi\u010dn\u00ed procesy v \u010desk\u00e9 spole\u010dnosti a logo t\u00e9to organizace doslova p\u0159ipom\u00edn\u00e1 tzv. \u0158\u00ed\u0161skou orlici.<\/strong>\u00a0Oni se s tou nacifikac\u00ed vlastn\u011b ani netaj\u00ed. Nen\u00ed d\u016fvod.<\/p>\n<h6><span style=\"font-size: 18pt;\">Pokud nedojde k mobilizaci nevoli\u010d\u016f a ke zvolen\u00ed Andreje Babi\u0161e, bude m\u00edt po druh\u00e9m kole voleb \u010cR na Hrad\u011b v\u00e1le\u010dn\u00e9ho gener\u00e1la p\u0159ichystan\u00e9ho spole\u010dn\u011b s Fialou poslat do v\u00e1lky proti Rusku cel\u00fd n\u00e1rod<\/span><\/h6>\n<p>Aby v druh\u00e9m kole voleb byl nam\u00edsto Petra Pavla zvolen Andrej Babi\u0161, muselo by doj\u00edt k siln\u00e9 mobilizaci nevoli\u010d\u016f v \u010cesk\u00e9 republice proti v\u00e1lce a proti Petru Pavlovi.\u00a0<strong>Pokud p\u0159ijdou k volb\u00e1m jen ti, kte\u0159\u00ed p\u0159i\u0161li v prvn\u00edm kole, bude s p\u0159ehledem zvolen Petr Pavel jako kandid\u00e1t vl\u00e1dy Petra Fialy a p\u011btikoalice, proto\u017ee \u010desk\u00e1 populace, tedy ta, kter\u00e1 chod\u00ed k volb\u00e1m, je pln\u011b fa\u0161izov\u00e1na a m\u00e1 touhu a p\u0159\u00e1n\u00ed v\u00e1lky.<\/strong>\u00a0To je realita! A stejn\u011b jako v N\u011bmecku v roce 1933 je pot\u0159eba, aby k volb\u00e1m p\u0159i\u0161li i ti, kte\u0159\u00ed k volb\u00e1m nechod\u00ed a pomohli zablokovat n\u00e1stup prezidenta, kter\u00fd sv\u00fdmi postoji a v\u00fdroky potvrzuje, \u017ee je p\u0159ipraven ke spolupr\u00e1ci s Petrem Fialou.<\/p>\n<p>Jeho vl\u00e1da si na to chyst\u00e1 u\u017e novelu \u00fastavn\u00edho z\u00e1kona, vyslat \u010desk\u00e9 voj\u00e1ky do v\u00e1lky proti Rusku na Ukrajin\u011b, co\u017e v reakci Moskvy povede k rozpout\u00e1n\u00ed III. sv. v\u00e1lky, do kter\u00e9 bude nasunuto na 1,5 milionu \u010desk\u00fdch mobilizovan\u00fdch voj\u00e1k\u016f, co\u017e je vnit\u0159n\u00ed odhad gener\u00e1ln\u00edho \u0161t\u00e1bu A\u010cR v p\u0159\u00edpad\u011b vypuknut\u00ed konfliktu mezi NATO a Ruskou federac\u00ed. Naprosto netu\u0161\u00edme v redakci, \u010d\u00edm by takov\u00e1 mobilizovan\u00e1 arm\u00e1da byla vyzbrojena, kdy\u017e \u010desk\u00e9 muni\u010dn\u00ed a v\u00fdstrojn\u00ed sklady jsou pr\u00e1zdn\u00e9 a de facto rozkraden\u00e9, p\u0159\u00edpadn\u011b rozdan\u00e9 do cel\u00e9ho sv\u011bta.<\/p>\n<figure id=\"attachment_54403\" class=\"wp-caption aligncenter\" style=\"width: 688px;\"><a href=\"https:\/\/aeronet.news\/wp-content\/uploads\/PetrPavelNATOstudio.jpg\"><img decoding=\"async\" loading=\"lazy\" class=\"wp-image-54403 \" src=\"https:\/\/aeronet.news\/wp-content\/uploads\/PetrPavelNATOstudio-1024x576.jpg\" sizes=\"(max-width: 700px) 100vw, 700px\" srcset=\"https:\/\/aeronet.news\/wp-content\/uploads\/PetrPavelNATOstudio-1024x576.jpg 1024w, https:\/\/aeronet.news\/wp-content\/uploads\/PetrPavelNATOstudio-300x169.jpg 300w, https:\/\/aeronet.news\/wp-content\/uploads\/PetrPavelNATOstudio-768x432.jpg 768w, https:\/\/aeronet.news\/wp-content\/uploads\/PetrPavelNATOstudio-700x394.jpg 700w, https:\/\/aeronet.news\/wp-content\/uploads\/PetrPavelNATOstudio-635x357.jpg 635w, https:\/\/aeronet.news\/wp-content\/uploads\/PetrPavelNATOstudio-859x483.jpg 859w, https:\/\/aeronet.news\/wp-content\/uploads\/PetrPavelNATOstudio.jpg 1280w\" alt=\"\" width=\"688\" height=\"387\" \/><\/a><figcaption class=\"wp-caption-text\">Gen. Petr Pavel bude Fialov\u00fdm vrchn\u00edm velitelem pro operace \u010desk\u00fdch vojsk na Ukrajin\u011b v\u00edce ne\u017e prezidentem \u010cR<\/figcaption><\/figure>\n<p>Je\u0161t\u011b se zastav\u00edm u neuv\u011b\u0159iteln\u00e9ho propadu Jaroslava Ba\u0161ty. Ten nez\u00edskal ani 5% hlas\u016f a zklam\u00e1n\u00ed jeho podporovatel\u016f je logick\u00e9, ale pro mn\u011b to a\u017e tak nen\u00ed p\u0159ekvapiv\u00e9. Co se stalo? Jaroslavu Ba\u0161tovi nikdo hlasy neukradl, proto\u017ee m\u00e1me v redakci potvrzen\u00ed od na\u0161ich \u010dten\u00e1\u0159\u016f z \u0159ad volebn\u00edch komis\u00ed z cel\u00e9 republiky, kte\u0159\u00ed potvrzuj\u00ed, \u017ee Jaroslav Ba\u0161ta u nich v pr\u016fm\u011bru z\u00edskal okolo 3% hlas\u016f, a to dokonce v takov\u00fdch proti-vl\u00e1dn\u00edch regionech jako je t\u0159eba Ostravsko, kde standardn\u011b je SPD \u00fasp\u011b\u0161n\u00e1 ve volb\u00e1ch u\u017e od dob velk\u00e9ho \u00fasp\u011bchu Lubom\u00edra Voln\u00e9ho jako \u0161\u00e9fa m\u00edstn\u00ed organizace SPD ve volb\u00e1ch v roce 2017.<\/p>\n<p>Jen\u017ee tentokr\u00e1t kandid\u00e1t SPD propadl i u voli\u010d\u016f SPD. Pro\u010d?\u00a0<strong>Proto\u017ee voli\u010di SPD se neztoto\u017enili s Jaroslavem Ba\u0161tou jako s autentick\u00fdm vlasteneck\u00fdm kandid\u00e1tem SPD.<\/strong>\u00a0Jaroslav Ba\u0161ta cel\u00fd sv\u016fj politick\u00fd \u017eivot po roce 1989 str\u00e1vil v nejvy\u0161\u0161\u00edch funkc\u00edch \u010cSSD a teprve ned\u00e1vno p\u0159estoupil z Ham\u00e1\u010dkovy pot\u00e1p\u011bj\u00edc\u00ed se strany do SPD. Jeho hlasov\u00e1n\u00ed vloni v srpnu na podporu roz\u0161i\u0159ov\u00e1n\u00ed NATO o dv\u011b zem\u011b, o Finsko a \u0160v\u00e9dsko, bylo podle v\u0161eho pro voli\u010de SPD u\u017e opravdu p\u0159es \u010d\u00e1ru, a tak o v\u00edkendu voli\u010di SPD z\u016fstali doma!<\/p>\n<h6><span style=\"font-size: 18pt;\">Voli\u010di SPD z\u016fstali doma, proto\u017ee postaven\u00fd kandid\u00e1t strany nebyl pro voli\u010de autentick\u00fd vlastenec. To je varov\u00e1n\u00ed pro SPD do dal\u0161\u00edch voleb<\/span><\/h6>\n<p>Ano, je to potvrzen\u00e9, drtiv\u00e1 v\u011bt\u0161ina voli\u010dsk\u00e9 z\u00e1kladny SPD k volb\u00e1m ne\u0161la, proto\u017ee Jaroslav Ba\u0161ta nen\u00ed Tomio Okamura. Kdyby kandidoval Tomio, je prakticky jist\u00e9, \u017ee by z\u00edskal 10 a\u017e 12% hlas\u016f, k volb\u00e1m by p\u0159i\u0161la v\u011bt\u0161ina voli\u010d\u016f SPD. Jaroslav Ba\u0161ta ale tyto voli\u010de k volb\u00e1m nedostal. Nen\u00ed pravda, \u017ee by drtiv\u011b voli\u010di SPD h\u00e1zeli hlasy Andreji Babi\u0161ovi, proto\u017ee mezi \u010dleny SPD by takov\u00fd krok v prvn\u00edm kole ned\u00e1val smysl. N\u011bkte\u0159\u00ed voli\u010di SPD opravdu mohli volit Andreje Babi\u0161e z toho d\u016fvodu, \u017ee necht\u011bj\u00ed, aby se do druh\u00e9ho kola dostali Petr Pavel a Danu\u0161e Nerudov\u00e1, tak\u017ee to rad\u011bji v prvn\u00edm kole dali Andrejovi ne\u017e Jaroslavu Ba\u0161tovi.<\/p>\n<p>Takov\u00e9 rozhodnut\u00ed voli\u010d\u016f SPD bych ozna\u010dil za konceptu\u00e1ln\u00ed volbu, zcela jednozna\u010dn\u011b. Jen\u017ee, to by se t\u00fdkalo t\u0159eba p\u016fl procenta voli\u010d\u016f SPD, ale ne tohle, co se stalo.\u00a0<strong>SPD v roce 2021 m\u011bla skoro 600 000 hlas\u016f voli\u010d\u016f u parlamentn\u00edch voleb, ale Jaroslav Ba\u0161ta dostal jen zhruba 200 000 hlas\u016f, tak\u017ee 400 000 hlas\u016f voli\u010d\u016f SPD u prezidentsk\u00fdch voleb chyb\u011blo<\/strong>. Prost\u011b nep\u0159i\u0161li k volb\u00e1m. SPD nedok\u00e1zala postavit sv\u00e9ho vlastn\u00edho vlasteneck\u00e9ho k\u00e1dra, n\u011bkoho autentick\u00e9ho z SPD, proto\u017ee s\u00e1hla po Jaroslavu Ba\u0161tovi, dlouholet\u00e9m k\u00e1drovi \u010cSSD.<\/p>\n<figure id=\"attachment_54406\" class=\"wp-caption aligncenter\" style=\"width: 522px;\"><a href=\"https:\/\/aeronet.news\/wp-content\/uploads\/JaroslavBastaBanner.jpg\"><img decoding=\"async\" loading=\"lazy\" class=\"wp-image-54406 \" src=\"https:\/\/aeronet.news\/wp-content\/uploads\/JaroslavBastaBanner.jpg\" sizes=\"(max-width: 940px) 100vw, 940px\" srcset=\"https:\/\/aeronet.news\/wp-content\/uploads\/JaroslavBastaBanner.jpg 940w, https:\/\/aeronet.news\/wp-content\/uploads\/JaroslavBastaBanner-300x251.jpg 300w, https:\/\/aeronet.news\/wp-content\/uploads\/JaroslavBastaBanner-768x644.jpg 768w, https:\/\/aeronet.news\/wp-content\/uploads\/JaroslavBastaBanner-700x587.jpg 700w, https:\/\/aeronet.news\/wp-content\/uploads\/JaroslavBastaBanner-426x357.jpg 426w, https:\/\/aeronet.news\/wp-content\/uploads\/JaroslavBastaBanner-576x483.jpg 576w\" alt=\"\" width=\"522\" height=\"438\" \/><\/a><figcaption class=\"wp-caption-text\">Volebn\u00ed banner Jaroslava Ba\u0161ty<\/figcaption><\/figure>\n<p>Ve druh\u00e9m kole voleb p\u016fjde o jednu jedinou v\u011bc: O nemo\u017en\u00e9! O zablokov\u00e1n\u00ed Petra Pavla, kter\u00fd m\u00e1 podporu zfa\u0161izovan\u00e9 \u010d\u00e1sti \u010desk\u00e9 ve\u0159ejnosti, kter\u00e1 ji\u017e m\u00e1 takovou s\u00edlu, \u017ee vyhr\u00e1v\u00e1 od roku 2021 v\u0161echny volby, i kdy\u017e jen t\u011bsn\u011b, tedy s v\u00fdjimkou Sen\u00e1tu, kde p\u011btikoalice v\u00e1lcuje v\u0161echno, co se d\u00e1. Pokud se k volb\u00e1m do druh\u00e9ho kola nedostav\u00ed dostate\u010dn\u00fd po\u010det nevoli\u010d\u016f, kte\u0159\u00ed by p\u0159i\u0161li jen kv\u016fli tomu, aby zabr\u00e1nili Fialov\u011b nacifikovan\u00e9 vl\u00e1d\u011b, aby si nainstalovala na Hrad sv\u00e9ho gener\u00e1la do chystan\u00e9 v\u00e1lky proti Rusku na Ukrajin\u011b, potom opravdu \u010desk\u00fd n\u00e1rod propadne do fa\u0161istick\u00e9ho sm\u011bru celospole\u010densk\u00e9ho \u0159\u00edzen\u00ed.<\/p>\n<p>A to bude sm\u011brovat k p\u0159\u00edprav\u011b na v\u00e1lku ve v\u0161ech oblastech a odv\u011btv\u00edch \u010desk\u00e9 spole\u010dnosti. Bude to proces dokonale okop\u00edrovan\u00fd z N\u011bmecka po roce 1933. P\u0159\u00e1n\u00ed v\u00e1lky se toti\u017e v \u010desk\u00e9m obyvatelstvu zhmot\u0148uje u\u017e v ka\u017ed\u00fdch posledn\u00edch volb\u00e1ch! A co je nejv\u00edce absurdn\u00ed?\u00a0<strong>\u0160ampionem anti-komunistick\u00e9 p\u011btikoalice Petra Fialy je b\u00fdval\u00fd p\u0159edseda z\u00e1kladn\u00ed organizace KS\u010c v Praze a b\u00fdval\u00fd rozv\u011bd\u010d\u00edk komunistick\u00e9 vojensk\u00e9 rozv\u011bdky p\u0159ipravovan\u00fd jako \u0161pion pro vysazen\u00ed v zem\u00edch NATO, gener\u00e1l Petr Pavel<\/strong>. Tato historie nevad\u00ed ani p\u011btikoalici, ani voli\u010d\u016fm Pavla. Tohle vypov\u00edd\u00e1 o \u010desk\u00e9m n\u00e1rod\u011b v\u00edce, ne\u017e cokoliv jin\u00e9ho. Demokrati a\u017e na p\u016fdu, nen\u00e1vid\u00ed Rusko a Putina, ale na Hrad\u011b cht\u011bj\u00ed rozv\u011bd\u010d\u00edka z komunistick\u00e9 \u00e9ry tehdy dozorovan\u00e9 KGB stejn\u011b, jako j\u00edm byl Vladimir Putin. Paradoxy Fialov\u00fdch demokrat\u016f zajist\u00e9 \u010dist\u011b n\u00e1hodn\u00e9! \u010cesko snese f\u0161ecko!<\/p>\n<p>-VK- \u0160\u00e9fredaktor AE News<\/p>\n<p><a href=\"https:\/\/aeronet.news\/prani-valky-vysledek-prvniho-kola-prezidentskych-voleb-v-cesku-naznacuje-desivou-fasizaci-casti-ceske-populace-a-touhu-po-vojenske-konfrontaci-s-ruskou-federaci-je-to-dokonala-kopie-nacifikace\/\">ZDROJ<\/a><\/p>\n<p>&nbsp;<\/p>\n<p><img decoding=\"async\" loading=\"lazy\" class=\"wp-image-19187 aligncenter\" src=\"http:\/\/www.infokuryr.cz\/n\/wp-content\/uploads\/2022\/12\/1-PRO-300x36.jpg\" alt=\"\" width=\"1258\" height=\"151\" srcset=\"https:\/\/www.infokuryr.cz\/n\/wp-content\/uploads\/2022\/12\/1-PRO-300x36.jpg 300w, https:\/\/www.infokuryr.cz\/n\/wp-content\/uploads\/2022\/12\/1-PRO.jpg 699w\" sizes=\"(max-width: 1258px) 100vw, 1258px\" \/><\/p>\n<p>&nbsp;<\/p>\n","protected":false},"excerpt":{"rendered":"<p>P\u0159\u00e1n\u00ed v\u00e1lky: V\u00fdsledek prvn\u00edho kola prezidentsk\u00fdch voleb v \u010cesku nazna\u010duje d\u011bsivou fa\u0161izaci \u010d\u00e1sti \u010desk\u00e9 populace&#8230;<\/p>\n","protected":false},"author":2,"featured_media":21248,"comment_status":"closed","ping_status":"closed","sticky":false,"template":"","format":"standard","meta":[],"categories":[6],"tags":[76,4251,1173,40,27],"_links":{"self":[{"href":"https:\/\/www.infokuryr.cz\/n\/wp-json\/wp\/v2\/posts\/21247"}],"collection":[{"href":"https:\/\/www.infokuryr.cz\/n\/wp-json\/wp\/v2\/posts"}],"about":[{"href":"https:\/\/www.infokuryr.cz\/n\/wp-json\/wp\/v2\/types\/post"}],"author":[{"embeddable":true,"href":"https:\/\/www.infokuryr.cz\/n\/wp-json\/wp\/v2\/users\/2"}],"replies":[{"embeddable":true,"href":"https:\/\/www.infokuryr.cz\/n\/wp-json\/wp\/v2\/comments?post=21247"}],"version-history":[{"count":0,"href":"https:\/\/www.infokuryr.cz\/n\/wp-json\/wp\/v2\/posts\/21247\/revisions"}],"wp:featuredmedia":[{"embeddable":true,"href":"https:\/\/www.infokuryr.cz\/n\/wp-json\/wp\/v2\/media\/21248"}],"wp:attachment":[{"href":"https:\/\/www.infokuryr.cz\/n\/wp-json\/wp\/v2\/media?parent=21247"}],"wp:term":[{"taxonomy":"category","embeddable":true,"href":"https:\/\/www.infokuryr.cz\/n\/wp-json\/wp\/v2\/categories?post=21247"},{"taxonomy":"post_tag","embeddable":true,"href":"https:\/\/www.infokuryr.cz\/n\/wp-json\/wp\/v2\/tags?post=21247"}],"curies":[{"name":"wp","href":"https:\/\/api.w.org\/{rel}","templated":true}]}}