{"id":21245,"date":"2023-01-16T01:08:20","date_gmt":"2023-01-16T00:08:20","guid":{"rendered":"http:\/\/www.infokuryr.cz\/n\/?p=21245"},"modified":"2023-01-15T17:31:21","modified_gmt":"2023-01-15T16:31:21","slug":"premysl-votava-kostky-jsou-vrzeny","status":"publish","type":"post","link":"https:\/\/www.infokuryr.cz\/n\/2023\/01\/16\/premysl-votava-kostky-jsou-vrzeny\/","title":{"rendered":"P\u0159emysl Votava: Kostky jsou vr\u017eeny!"},"content":{"rendered":"<div id=\"fb-root\"><\/div>\n<p><strong>Je kr\u00e1tce po ozn\u00e1men\u00ed v\u00fdsledk\u016f prezidentsk\u00e9 volby, nep\u0159ece\u0148ujme ale tento volebn\u00ed ritu\u00e1l, kter\u00fd rozv\u00ed\u0159\u00ed jen \u010desk\u00fd rybn\u00ed\u010dek. Doma se pochv\u00e1l\u00edme, \u010di poh\u00e1d\u00e1me, ale sv\u011bt nezaj\u00edm\u00e1me. Sv\u011btov\u00e1 m\u00e9dia n\u011bkde na t\u0159et\u00ed stran\u011b daj\u00ed zpr\u00e1vu z Prahy, mo\u017en\u00e1 fotografii pana gener\u00e1la. Nic v\u00edc. Nejsme zase tak zaj\u00edmav\u00ed, &#8230; ostatn\u011b, kdo z \u010desk\u00fdch \u0159adov\u00fdch ob\u010dan\u016f zn\u00e1 jm\u00e9no prezidenta t\u0159eba v Bulharsku, Rumunsku, nebo Ma\u010farsku ? M\u00e1lokdo. Je t\u0159eba tak\u00e9 \u0159\u00edci, \u017ee prezident \u010cR nem\u00e1 ty pravomoce, jako nap\u0159\u00edklad prezident ve Francii, USA, v \u010c\u00edn\u011b, \u010di v Rusku. Na\u0161i spole\u010dnosti nep\u0159isp\u00edv\u00e1 ani to, \u017ee \u010desk\u00fd prezident ji\u017e dnem sv\u00e9ho zvolen\u00ed \u010del\u00ed nen\u00e1vistn\u00e9 kampani. I to poni\u017euje postaven\u00ed na\u0161eho prezidenta. Masaryk to nikdy nebude.<\/strong><\/p>\n<p>Nyn\u00ed k samotn\u00fdm volb\u00e1m. Z m\u00e9ho pohledu je p\u0159ekvapen\u00edm \u017ee 70% v\u0161ech odevzdan\u00fdch hlas\u016f z\u00edskali prvn\u00ed dva kandid\u00e1ti, vid\u00edme jejich dominantn\u00ed postaven\u00ed, ale i jejich t\u011bsn\u00fd vz\u00e1jemn\u00fd v\u00fdsledek. Z ostatn\u00edch se stala jen &#8222;hv\u011bzdn\u00e1 p\u011bchota&#8220;. Pot\u011b\u0161ila vysok\u00e1 \u00fa\u010dast voli\u010d\u016f, z kter\u00e9 je z\u0159ejm\u00fd motiva\u010dn\u00ed z\u00e1jem ob\u010dan\u016f o tyto volby. Dobr\u00e1 zpr\u00e1va p\u0159i\u0161la i pro pravicov\u00fd t\u00e1bor, kone\u010dn\u011b po 10letech prezidentsk\u00fdch por\u00e1\u017eek je tu nad\u011bje. Gener\u00e1l Pavel se stal favoritem 2.kola voleb, vykro\u010dil na Hrad ! Dlouhodob\u00e1 kampa\u0148 Antibabi\u0161 slavila \u00fasp\u011bch. Nev\u00edm ale, zda je to dobr\u00e1 zpr\u00e1va pro ob\u010dany. P\u0159i pohledu na volebn\u00ed mapu \u010cR je vid\u011bt v\u00fdrazn\u00e9 rozd\u011blen\u00ed \u010desk\u00e9 spole\u010dnosti. Na jedn\u00e9 stran\u011b v ekonomick\u00fdch a soci\u00e1ln\u00edch probl\u00e9mech bojuj\u00edc\u00ed venkov, na druh\u00e9 stran\u011b ekonomicky siln\u00e1 Praha a dal\u0161\u00ed velk\u00e1 m\u011bsta. Tomu odpov\u00eddaj\u00ed i \u00fasp\u011bchy prvnich dvou kandid\u00e1t\u016f. P. Pavel p\u0159edev\u0161\u00edm zv\u00edt\u011bzil v ekonomicky siln\u00fdch okresech, A. Babi\u0161 naopak v t\u011bch venkovsk\u00fdch. Bylo tomu tak i v minul\u00fdch prezidentsk\u00fdch, ale i parlamentn\u00edch volb\u00e1ch. Nebezpe\u010dn\u00fd trend, kter\u00fd se st\u00e1v\u00e1 ji\u017e pravidlem&#8230;.<\/p>\n<p><strong>Spole\u010dnost se nebezpe\u010dn\u011b rozd\u011bluje, bez ohledu na v\u00fdsledek voleb. To by m\u011blo zvednout politiky ze \u017eidl\u00ed, ne\u017e budou j\u00e1sat&#8230; Nezabetonovat se ve Sn\u011bmovn\u00ed, nebo ve Strakovce, vid\u011bt \u010deskou \u010di moravskou vesnici. Mnoh\u00fdm se to nebude l\u00edbit, ale Andrej Babi\u0161 m\u00e1 k t\u011bmto ob\u010dan\u016fm bl\u00ed\u017ee&#8230;<\/strong><\/p>\n<div class=\"autor\"><strong>P\u0159emysl Votava<\/strong><\/div>\n<div class=\"motto\"><em>M\u00edstop\u0159edseda strany N\u00e1rodn\u00ed socialist\u00e9<\/em><\/div>\n<div><\/div>\n<div><\/div>\n<div><img decoding=\"async\" loading=\"lazy\" class=\"wp-image-19187 aligncenter\" src=\"http:\/\/www.infokuryr.cz\/n\/wp-content\/uploads\/2022\/12\/1-PRO-300x36.jpg\" alt=\"\" width=\"1267\" height=\"152\" srcset=\"https:\/\/www.infokuryr.cz\/n\/wp-content\/uploads\/2022\/12\/1-PRO-300x36.jpg 300w, https:\/\/www.infokuryr.cz\/n\/wp-content\/uploads\/2022\/12\/1-PRO.jpg 699w\" sizes=\"(max-width: 1267px) 100vw, 1267px\" \/><\/div>\n<div><\/div>\n","protected":false},"excerpt":{"rendered":"<p>Je kr\u00e1tce po ozn\u00e1men\u00ed v\u00fdsledk\u016f prezidentsk\u00e9 volby, nep\u0159ece\u0148ujme ale tento volebn\u00ed ritu\u00e1l, kter\u00fd rozv\u00ed\u0159\u00ed jen&#8230;<\/p>\n","protected":false},"author":2,"featured_media":581,"comment_status":"closed","ping_status":"closed","sticky":false,"template":"","format":"standard","meta":[],"categories":[6],"tags":[29,165,27],"_links":{"self":[{"href":"https:\/\/www.infokuryr.cz\/n\/wp-json\/wp\/v2\/posts\/21245"}],"collection":[{"href":"https:\/\/www.infokuryr.cz\/n\/wp-json\/wp\/v2\/posts"}],"about":[{"href":"https:\/\/www.infokuryr.cz\/n\/wp-json\/wp\/v2\/types\/post"}],"author":[{"embeddable":true,"href":"https:\/\/www.infokuryr.cz\/n\/wp-json\/wp\/v2\/users\/2"}],"replies":[{"embeddable":true,"href":"https:\/\/www.infokuryr.cz\/n\/wp-json\/wp\/v2\/comments?post=21245"}],"version-history":[{"count":0,"href":"https:\/\/www.infokuryr.cz\/n\/wp-json\/wp\/v2\/posts\/21245\/revisions"}],"wp:featuredmedia":[{"embeddable":true,"href":"https:\/\/www.infokuryr.cz\/n\/wp-json\/wp\/v2\/media\/581"}],"wp:attachment":[{"href":"https:\/\/www.infokuryr.cz\/n\/wp-json\/wp\/v2\/media?parent=21245"}],"wp:term":[{"taxonomy":"category","embeddable":true,"href":"https:\/\/www.infokuryr.cz\/n\/wp-json\/wp\/v2\/categories?post=21245"},{"taxonomy":"post_tag","embeddable":true,"href":"https:\/\/www.infokuryr.cz\/n\/wp-json\/wp\/v2\/tags?post=21245"}],"curies":[{"name":"wp","href":"https:\/\/api.w.org\/{rel}","templated":true}]}}