{"id":21243,"date":"2023-01-16T01:19:42","date_gmt":"2023-01-16T00:19:42","guid":{"rendered":"http:\/\/www.infokuryr.cz\/n\/?p=21243"},"modified":"2023-01-15T17:26:26","modified_gmt":"2023-01-15T16:26:26","slug":"jindrich-kulhavy-den-pote-je-treba-vice-premyslet-a-vnimat","status":"publish","type":"post","link":"https:\/\/www.infokuryr.cz\/n\/2023\/01\/16\/jindrich-kulhavy-den-pote-je-treba-vice-premyslet-a-vnimat\/","title":{"rendered":"Jind\u0159ich Kulhav\u00fd: Den pot\u00e9, je t\u0159eba v\u00edce p\u0159em\u00fd\u0161let a vn\u00edmat"},"content":{"rendered":"<div id=\"fb-root\"><\/div>\n<p><span class=\"anotation\">Anal\u00fdzu voleb nech\u00e1me na v\u00e1s samotn\u00fdch, nicm\u00e9n\u011b mohutn\u00fd fini\u0161 Petra Pavla v\u00a0dvou hlavn\u00edch metropol\u00edch ukazuje, jakou \u0161kodnou jsou proevrop\u0161t\u00ed intelektu\u00e1lov\u00e9 z\u00a0kancel\u00e1\u0159\u00ed um\u00edst\u011bn\u00fdch ve velk\u00fdch m\u011bstech. M\u00edra nepochopen\u00ed v\u00e1\u017en\u00e9 situace, ve kter\u00e9 se \u010cesk\u00e1 republika pod veden\u00edm ideologicky pomaten\u00e9 a Bruselu \u010di B\u00edl\u00e9mu domu slou\u017e\u00edc\u00ed P\u011btikoalice nach\u00e1z\u00ed, je d\u011bsiv\u00e1.<\/span><\/p>\n<div id=\"pagetext\">\n<p>\u00a0 Je s\u00a0podivem, kolika lidem ,,vyhovuje\u201c nejvy\u0161\u0161\u00ed inflace v\u00a0Evrop\u011b spu\u0161t\u011bn\u00e1 Fialou a jeho ministry, nejdra\u017e\u0161\u00ed elekt\u0159ina na sv\u011bt\u011b, p\u0159esto\u017ee ji vyr\u00e1b\u00edme velmi levn\u011b, \u010di riziko odstaven\u00ed v\u011bt\u0161iny plynov\u00fdch za\u0159\u00edzen\u00ed nap\u0159\u00ed\u010d dom\u00e1cnostmi, tov\u00e1rnami a elektr\u00e1rnami. Je p\u0159ekvapiv\u00e9, \u017ee tu vznik\u00e1 podpora osob\u011b preferovan\u00e9 P\u011btikoalic\u00ed, jej\u00ed\u017e p\u0159edstavitel\u00e9 se v\u00fdrazn\u011b pod\u00edl\u00ed na dal\u0161\u00edm zdra\u017eov\u00e1n\u00ed u\u017e tak obrovsk\u00e9ho skand\u00e1lu v\u00a0podob\u011b emisn\u00edch povolenek a \u0161\u00ed\u0159\u00edc\u00edho se Green Dealu, d\u00edky kter\u00e9mu bude u n\u00e1s uzav\u0159en automobilov\u00fd pr\u016fmysl dosud dr\u017e\u00edc\u00ed ekonomiku nad vodou. To jsou re\u00e1ln\u00e9 v\u011bci, o kter\u00fdch nelze diskutovat. D\u00e1le tu m\u00e1me devastaci \u0161kolstv\u00ed a zdravotnictv\u00ed, ukrajinizaci spole\u010dnosti prov\u00e1zenou nav\u00fd\u0161en\u00edm kriminality o 20 %, p\u0159erozd\u011blov\u00e1n\u00ed spole\u010dn\u00fdch pen\u011bz, z\u00a0nich\u017e velk\u00e1 \u010d\u00e1st kon\u010d\u00ed n\u011bkde, kde se daj\u00ed v\u00a0pohod\u011b defraudovat, p\u0159i\u010dem\u017e se to naz\u00fdv\u00e1 jako v\u00e1le\u010dn\u00e1 pomoc Ukrajin\u011b. \u010cti podpora polonacistick\u00e9ho re\u017eimu p\u0159edstavovan\u00e9ho Zelensk\u00fdm a podporovan\u00fdm Spojen\u00fdmi st\u00e1ty a Velkou Brit\u00e1ni\u00ed, jejich\u017e z\u00e1jmy v\u00a0tomto teritoriu lze naz\u00fdvat jakkoliv, jen ne \u010destn\u00fdmi.<\/p>\n<p>Petr Pavel, kter\u00fd \u00fadajn\u011b zv\u00edt\u011bzil o t\u011bsn\u00fdch cca 25000 hlas\u016f, pat\u0159\u00ed k\u00a0tvrd\u00e9 lampas\u00e1ck\u00e9 linii b\u00fdval\u00e9ho re\u017eimu. Arogantn\u00ed vystupov\u00e1n\u00ed bez emoc\u00ed a tv\u00e1\u0159 bez grimas p\u0159ipom\u00ednaj\u00edc\u00ed pokrov\u00e9ho hr\u00e1\u010de jsou jen \u010d\u00e1st\u00ed jeho osobnosti. Na boj o Hrad byl p\u0159ipravov\u00e1n dlouho a jeho kari\u00e9ra, v\u00a0n\u00ed\u017e byl i druhou nejv\u00fd\u0161e postavenou osobou ve struktur\u00e1ch NATO, mu nahr\u00e1v\u00e1. Je t\u0159eba si uv\u011bdomit, \u017ee vojensk\u00fd pakt NATO je v\u00edcem\u00e9n\u011b prodlou\u017eenou rukou USA a v\u00a0podstat\u011b jde o odno\u017e Pentagonu. A jak v\u00edme, Spojen\u00e9 st\u00e1ty po absolutn\u00ed v\u011bt\u0161inu sv\u00e9 historie vedou v\u00e1lky po cel\u00e9m sv\u011bt\u011b a maj\u00ed prsty v\u00a0tolika ozbrojen\u00fdch konfliktech, \u017ee by bylo s\u00a0podivem, kdyby ve veden\u00ed NATO jeho p\u0159\u00edslu\u0161n\u00edci nez\u00edsk\u00e1vali militantn\u00ed man\u00fdry a n\u00e1zory. \u010cemu\u017e napov\u00edd\u00e1 i spol\u010den\u00ed s\u00a0Fialovo vl\u00e1dou, jej\u00ed\u017e protirusk\u00e9 n\u00e1lady a zbrojn\u00ed dod\u00e1vky na Ukrajinu se st\u00e1vaj\u00ed bezpe\u010dnostn\u00edm rizikem pro \u010ceskou republiku a p\u0159ibli\u017euj\u00ed n\u00e1s k\u00a0zata\u017een\u00ed do v\u00e1lky proti nejl\u00e9pe vyzbrojen\u00e9mu st\u00e1tu sv\u011bta.<\/p>\n<p>Pokud se gener\u00e1l Petr Pavel stane prezidentem, bude riziko povol\u00e1v\u00e1n\u00ed na\u0161ich syn\u016f do zbran\u011b mnohem vy\u0161\u0161\u00ed, ne\u017e tomu bylo dosud, kdy je mobilizace na \u00farovni vl\u00e1dn\u00edch diskus\u00ed a prozat\u00edm naprosto dobrovoln\u00e1. I kdyby v\u0161ak v\u00e1lka skon\u010dila, Fiala &amp; spol. budou d\u00e1le plundrovat ji\u017e tak zni\u010denou \u010deskou ekonomiku ve jm\u00e9nu obnovy Ukrajiny, p\u0159esto\u017ee ve skute\u010dnosti p\u016fjde o zvelebov\u00e1n\u00ed anglosask\u00e9ho majetku z\u00edskan\u00e9ho r\u016fzn\u00fdmi fondy korupc\u00ed Zelensk\u00e9ho re\u017eimu i jeho samotn\u00e9ho. A Petr Pavel se ni\u010demu z\u00a0toho br\u00e1nit nebude. P\u0159idejme jeho p\u0159esv\u011bd\u010den\u00ed o tom, \u017ee se n\u00e1m i na jeho popud maj\u00ed razantn\u011b zv\u00fd\u0161it dan\u011b v\u010detn\u011b t\u00e9 z\u00a0nemovitost\u00ed a pt\u00e1me se, zda li je \u010desk\u00fd n\u00e1rod opravdu tak tup\u00fd, \u017ee mu sta\u010d\u00ed l\u00edbiv\u00e1 tv\u00e1\u0159 a oslniv\u00e1 kari\u00e9ra b\u00fdval\u00e9ho rozv\u011bd\u010d\u00edka p\u0159evl\u00e9kaj\u00edc\u00edho kab\u00e1t dle pot\u0159eby? P\u0159edstava, \u017ee n\u00e1s ve sv\u011bt\u011b reptezentuj\u00ed Fiala a vedle n\u011bj stoj\u00edc\u00ed Pavel, je d\u00edky jejich n\u00e1zor\u016fm d\u011bsiv\u00e1. Nav\u00edc zaveden\u00edm \u0159\u00e1du a po\u0159\u00e1dku se z\u00a0\u010cech\u016f proslul\u00fdch smyslem pro improvizaci stane n\u00e1rod \u017eij\u00edc\u00ed v\u00a0polovojensk\u00e9m re\u017eimu s\u00a0velmi okle\u0161t\u011bn\u00fdmi svobodami a mo\u017enostmi br\u00e1nit vlastn\u00ed identitu. Z\u00e1m\u011brem veden\u00ed voj\u00e1k\u016f bylo v\u017edy ud\u011blat z\u00a0nich nemysl\u00edc\u00ed hmotu poslouchaj\u00edc\u00ed rozkazy a jdouc\u00ed na smrt, je li k\u00a0tomu vyd\u00e1n povel. Kdo byl na vojn\u011b, v\u00ed, o \u010dem je \u0159e\u010d. Posadit lampas\u00e1ka na Hrad je z\u00e1sadn\u00ed omyl, na kter\u00e9m se jeho voli\u010di pod\u00edl\u00ed.<\/p>\n<p>Ani druh\u00fd kandid\u00e1t na post prezidenta nen\u00ed zrovna ide\u00e1lem. P\u0159edv\u00eddat chov\u00e1n\u00ed Babi\u0161e bylo v\u017edy slo\u017eit\u00e9 a v\u0161ichni pamatujeme na jeho lopingy ve veden\u00ed vl\u00e1dy. P\u0159edvolebn\u00ed kampa\u0148 Babi\u0161 d\u011blal mnohem levn\u011bji, nepot\u0159eboval \u017e\u00e1dn\u00fd t\u00fdm slo\u017een\u00fd z\u00a0b\u00fdval\u00fdch st\u00e1tn\u00edch funkcion\u00e1\u0159\u016f, sta\u010dil mu m\u00e1g Prchal, jeho\u017e \u00faloha nyn\u00ed bude je\u0161t\u011b n\u00e1ro\u010dn\u011bj\u0161\u00ed. Babi\u0161 m\u00e1 za sebou 8 let ve vl\u00e1d\u00e1ch, jednu z\u00a0nich vedl. Byl u zvl\u00e1d\u00e1n\u00ed pandemie. Zde je t\u0159eba jeho kritik\u016fm \u0159\u00edct, \u017ee \u0159ada omezen\u00ed u n\u00e1s uveden\u00fdch do provozu byla oproti Rakousku, It\u00e1lii, Francii \u010di N\u011bmecku daleko men\u0161\u00edch a m\u00e9n\u011b d\u016fsledn\u011b vym\u00e1han\u00fdch ne\u017e jinde. V\u011b\u0159te tomu, \u017ee b\u00fdt u moci Fiala, byli bychom na tom d\u00edky komukoliv z\u00a0elit podl\u00e9zav\u00e9mu Fialovi daleko mnohem h\u016f\u0159e. Pokud by byla u moci P\u011btikoalice s\u00a0Pavlem na Hradu, byl by tu polovojensk\u00fd \u0159\u00e1d a o\u010dkov\u00e1n\u00ed by bylo nejen povinn\u00e9, ale i tvrd\u011b vynucovan\u00e9. Plno z\u00a0n\u00e1s to ust\u00e1lo a z\u016fstali jsme ,,\u010dist\u00ed\u201c. Tak\u017ee kdo kritizuje Babi\u0161e za toto obdob\u00ed, mus\u00ed to br\u00e1t v\u00a0celosv\u011btov\u00e9m kontextu a uv\u011bdomit si, \u017ee Big Pharm\u011b podlehli i V\u00a0Rusku, Ma\u010farsku, \u010c\u00edn\u011b a v\u011bt\u0161in\u011b sv\u011bta \u00fapln\u011b stejn\u011b, jako v\u00a0zkorumpovan\u00e9 EU veden\u00e9 n\u00e1kup\u010d\u00ed Leyenovou. Fiala v\u00a0tandemu s\u00a0Pavlem by byli mnohem v\u011bt\u0161\u00edmi dikt\u00e1tory u\u017e jen proto, aby dostali pochvalu od Evropsk\u00e9 komise.<\/p>\n<p>Babi\u0161 m\u00e1 plno dal\u0161\u00edch h\u0159\u00edch\u016f z\u00a0minulosti a jeho kari\u00e9ra se mo\u017en\u00e1 zd\u00e1 b\u00fdt divo\u010dej\u0161\u00ed ne\u017e u Pavla. Jist\u011b, jeho podnik\u00e1n\u00ed bylo \u010dasto bezohledn\u00e9, zaklek\u00e1v\u00e1n\u00ed na konkurenci v\u00edcem\u00e9n\u011b trestn\u00e9, Finan\u010dn\u00ed spr\u00e1va se stala st\u00e1tem ve st\u00e1tu a jej\u00ed propojen\u00ed s\u00a0hospod\u00e1\u0159skou krimin\u00e1lkou odstra\u0161uj\u00edc\u00ed uk\u00e1zkou zv\u016fle moci. Zvl\u00e1\u0161t\u011b, kdy\u017e se to t\u00fdkalo v\u0161ech mimo Babi\u0161e a jeho vyvolen\u00fdch. Na druhou stranu m\u011bl Babi\u0161 p\u0159inejmen\u0161\u00edm v\u00a0roli ministra financ\u00ed a prvn\u00edch dvou let i ve funkci p\u0159edsedy vl\u00e1dy snahu sni\u017eovat \u010desk\u00fd n\u00e1rodn\u00ed dluh a neb\u00fdt um\u011ble vyvolan\u00e9 pandemie, mo\u017en\u00e1 by m\u011bl kritik\u016f m\u00e9n\u011b. Sn\u00ed\u017eil by se i jeho mor\u00e1ln\u00ed deficit, p\u0159esto\u017ee ho \u0159ad\u00edme ke globalistick\u00e9 linii. M\u00e1 nav\u00edc schopnost navazovat dobr\u00e9 vztahy s\u00a0jin\u00fdmi v\u00fdznamn\u00fdmi politiky a nestoj\u00ed v\u00a0tak hlubok\u00e9m p\u0159edklonu, jako Fiala. Nav\u00edc odpor, kter\u00fd proti n\u011bmu vytv\u00e1\u0159\u00ed cel\u00e1 P\u011btikoalice, vypov\u00edd\u00e1 o tom, \u017ee jim ned\u00e1v\u00e1 tolik prostoru k\u00a0prov\u00e1d\u011bn\u00ed pl\u00e1novan\u00e9 destrukce st\u00e1tu, jakou by si Fiala s\u00a0Leyenovou p\u0159\u00e1li. V\u00a0dob\u011b absence siln\u00e9 a z\u00e1sadov\u00e9 opozice ze strany SPD je tak Babi\u0161 jedinou mo\u017enou silou schopnou sed\u011bt sou\u010dasn\u00e9 vl\u00e1d\u011b za krkem a brzdit ji v\u00a0jej\u00edm rozletu. Aktivn\u00ed pr\u00e1ci pro STB nelze prok\u00e1zat, by\u0165 svazek existoval a u zam\u011bstnanc\u016f v\u00a0zahrani\u010dn\u00edm obchodu byl standardem. Pavlova velmi aktivn\u00ed \u010dinnost v\u00a0KS\u010c je zn\u00e1mou realitou. V\u00a0tomto je ostuda u obou, \u017ee se 33 let po tzv. Sametov\u00e9 revoluci dostali do 2.kola prezidentsk\u00fdch voleb.<\/p>\n<p>Ch\u00e1peme, \u017ee je t\u011b\u017ek\u00e9 \u0159\u00edct:,,Hodili jsme to Babi\u0161ovi\u201c. Je v\u0161ak t\u0159eba si uv\u011bdomit d\u016fsledky toho, co se stane, kdy\u017e to neud\u011bl\u00e1me. Petr Pavel je z\u00e1rukou dal\u0161\u00edho nekontrolovan\u00e9ho se\u0161upu, do n\u011bho\u017e n\u00e1s vl\u00e1da P\u011btikoalice dostala. A pokud si budou jmenovat i sv\u00e9ho p\u0159edsedu \u00dastavn\u00edho soudu kvalit Rychetsk\u00e9ho, nic n\u00e1s v\u00a0p\u00e1du do propasti nezastav\u00ed. Sm\u011b\u0159ujeme k\u00a0soci\u00e1ln\u00edm kredit\u016fm, ztr\u00e1t\u011b pr\u00e1va na osobn\u00ed vlastnictv\u00ed a sn\u00ed\u017een\u00e9 mobilit\u011b na minimum. U\u017e nyn\u00ed se ve Sn\u011bmovn\u011b projedn\u00e1vaj\u00ed \u00fapravy \u00dastavy \u010cR, kter\u00e9 povedou k\u00a0militarizaci, uml\u010den\u00ed kritik\u016f a odp\u016frc\u016f. Rychetsk\u00fd to posv\u011bt\u00ed a my v\u0161ichni se je\u0161t\u011b budeme divit, co se bude d\u00edt. Vzpome\u0148me na posledn\u00ed volby prezidenta, kdy nakonec Zeman favorizovan\u00e9ho Draho\u0161e p\u0159ekonal a zmobilizujme se proti dal\u0161\u00edmu liber\u00e1lovi v\u00a0osob\u011b Petra Pavla derouc\u00edho se k\u00a0moci. Opravdu se nad t\u00edm zamyslete. I p\u0159es Babi\u0161ovu zna\u010dnou nedokonalost.<\/p>\n<p><a href=\"https:\/\/www.inadhled.live\/zajimavosti\/den-pote-je-treba-vice-premyslet-a-vnimat\/\">Jind\u0159ich Kulhav\u00fd<\/a><\/p>\n<\/div>\n<p>&nbsp;<\/p>\n<p><img decoding=\"async\" loading=\"lazy\" class=\"wp-image-19187 aligncenter\" src=\"http:\/\/www.infokuryr.cz\/n\/wp-content\/uploads\/2022\/12\/1-PRO-300x36.jpg\" alt=\"\" width=\"1292\" height=\"155\" srcset=\"https:\/\/www.infokuryr.cz\/n\/wp-content\/uploads\/2022\/12\/1-PRO-300x36.jpg 300w, https:\/\/www.infokuryr.cz\/n\/wp-content\/uploads\/2022\/12\/1-PRO.jpg 699w\" sizes=\"(max-width: 1292px) 100vw, 1292px\" \/><\/p>\n<p>&nbsp;<\/p>\n","protected":false},"excerpt":{"rendered":"<p>Anal\u00fdzu voleb nech\u00e1me na v\u00e1s samotn\u00fdch, nicm\u00e9n\u011b mohutn\u00fd fini\u0161 Petra Pavla v\u00a0dvou hlavn\u00edch metropol\u00edch ukazuje,&#8230;<\/p>\n","protected":false},"author":2,"featured_media":21244,"comment_status":"closed","ping_status":"closed","sticky":false,"template":"","format":"standard","meta":[],"categories":[6],"tags":[1042,126,869,27],"_links":{"self":[{"href":"https:\/\/www.infokuryr.cz\/n\/wp-json\/wp\/v2\/posts\/21243"}],"collection":[{"href":"https:\/\/www.infokuryr.cz\/n\/wp-json\/wp\/v2\/posts"}],"about":[{"href":"https:\/\/www.infokuryr.cz\/n\/wp-json\/wp\/v2\/types\/post"}],"author":[{"embeddable":true,"href":"https:\/\/www.infokuryr.cz\/n\/wp-json\/wp\/v2\/users\/2"}],"replies":[{"embeddable":true,"href":"https:\/\/www.infokuryr.cz\/n\/wp-json\/wp\/v2\/comments?post=21243"}],"version-history":[{"count":0,"href":"https:\/\/www.infokuryr.cz\/n\/wp-json\/wp\/v2\/posts\/21243\/revisions"}],"wp:featuredmedia":[{"embeddable":true,"href":"https:\/\/www.infokuryr.cz\/n\/wp-json\/wp\/v2\/media\/21244"}],"wp:attachment":[{"href":"https:\/\/www.infokuryr.cz\/n\/wp-json\/wp\/v2\/media?parent=21243"}],"wp:term":[{"taxonomy":"category","embeddable":true,"href":"https:\/\/www.infokuryr.cz\/n\/wp-json\/wp\/v2\/categories?post=21243"},{"taxonomy":"post_tag","embeddable":true,"href":"https:\/\/www.infokuryr.cz\/n\/wp-json\/wp\/v2\/tags?post=21243"}],"curies":[{"name":"wp","href":"https:\/\/api.w.org\/{rel}","templated":true}]}}