{"id":21241,"date":"2023-01-16T01:18:47","date_gmt":"2023-01-16T00:18:47","guid":{"rendered":"http:\/\/www.infokuryr.cz\/n\/?p=21241"},"modified":"2023-01-16T05:21:22","modified_gmt":"2023-01-16T04:21:22","slug":"lubomir-man-ze-to-tem-trem-nebylo-divne","status":"publish","type":"post","link":"https:\/\/www.infokuryr.cz\/n\/2023\/01\/16\/lubomir-man-ze-to-tem-trem-nebylo-divne\/","title":{"rendered":"Lubom\u00edr Man: \u017de to t\u011bm t\u0159em nebylo divn\u00e9&#8230;"},"content":{"rendered":"<div id=\"fb-root\"><\/div>\n<div class=\"content\">\n<p>Na z\u00e1v\u011br hektick\u00e9ho volebn\u00edho p\u016flv\u00edkendu si redaktor Kubal pozval do studia \u010cT t\u0159i novin\u00e1\u0159e, aby v dob\u011b od 21 do 22 hodiny ve\u010der spolu s n\u00edm provedli cosi jako definitivn\u011b platn\u00fd rozbor pr\u016fb\u011bhu a hlavn\u011b pak v\u00fdsledku skon\u010den\u00e9ho prvn\u00edho kola boje o prezidentsk\u00fd \u00fa\u0159ad. Byli to Robert \u010c\u00e1sensk\u00fd, \u0161\u00e9fredaktor a\u00a0\u00a0 majitel magaz\u00ednu Report\u00e9r, Jind\u0159ich \u0160\u00eddlo, redaktor port\u00e1lu Seznam Zpr\u00e1vy, kter\u00fd zde uv\u00e1d\u00ed satirick\u00fd po\u0159ad \u0160\u0165astn\u00e9 pond\u011bl\u00ed, jen\u017e je sou\u010dasn\u011b vyu\u017e\u00edv\u00e1n i Televiz\u00ed Seznam, a d\u00e1le redaktor \u010dasopisu Reflex Bohumil Pe\u010d\u00ednka. V\u0161echno to tedy pracovn\u00edci \u010desk\u00e9ho zpravodajsk\u00e9ho mainstreamu, \u010dili hlavn\u00edho proudu, kter\u00fd je jako ve v\u0161ech zem\u00edch z\u00e1padn\u00edho bloku &#8211;\u00a0 tedy i u n\u00e1s \u2013 pln\u011b ve slu\u017eb\u00e1ch vl\u00e1dnouc\u00edho establishmentu.<\/p>\n<p>Ve studiu \u010cT tedy tito t\u0159i novin\u00e1\u0159i usedli do k\u0159esel, a je\u0161t\u011b p\u0159edt\u00edm, ne\u017e do m\u00edstnosti veplul redaktor \u010cT\u00a0 Kubal, pohl\u00e9dli jeden na druh\u00e9ho. Co\u017e je okam\u017eik, u kter\u00e9ho\u00a0 bych se r\u00e1d zastavil s n\u00e1sleduj\u00edc\u00ed ot\u00e1zkou: nebylo t\u011bm t\u0159em mu\u017e\u016fm podivn\u00e9, \u017ee byli do \u010cT pozv\u00e1ni jen oni t\u0159i jako vesm\u011bs to podporovatel\u00e9 prezidentsk\u00fdch kandid\u00e1t\u016f p\u011btikolky Spolu? A \u017ee zde tud\u00ed\u017e chyb\u00ed t\u0159eba i jen jedin\u00fd podporovatel kandid\u00e1t\u016f z konkuren\u010dn\u00edho t\u00e1bora Babi\u0161e \u010di Ba\u0161ty, hlavn\u011b pak Babi\u0161e, kter\u00fd s v\u00fdjimkou posledn\u00edch minut pr\u00e1v\u011b prob\u011bhl\u00fd volebn\u00ed boj o prezidentsk\u00fd \u00fa\u0159ad vedl?<\/p>\n<p>V\u017edy\u0165 v\u0161ichni ti t\u0159i dob\u0159e v\u011bd\u00ed, \u017ee \u010cT ve sv\u00e9m Kodexu uv\u00e1d\u00ed, \u017ee\u00a0 \u201esi zakl\u00e1d\u00e1 na sv\u00e9 nestrannosti\u201c\u2013 a te\u010f zde sed\u00ed jen oni t\u0159i coby zaryt\u00ed fandov\u00e9 gener\u00e1la Pavla a b\u00fdval\u00e9 univerzitn\u00ed rektorky\u00a0 Nerudov\u00e9 \u2013 a k\u0159esla proti nim jsou pr\u00e1zdn\u00e1.\u00a0 A tudi\u017e zde nen\u00ed nikdo, s k\u00fdm by mohli zk\u0159\u00ed\u017eit sv\u00e9 novin\u00e1\u0159sk\u00e9 kordy a s k\u00fdm by se v dobr\u00e9m slova smyslu mohli t\u0159eba i poh\u00e1dat. Tak\u017ee nestrannost\u00a0 \u010cT je v tento okam\u017eik nam\u00edsto pom\u011bru 3:3\u00a0 vyj\u00e1d\u0159ena pom\u011brem 3:0.<\/p>\n<p>Ale i to je slu\u0161n\u00e9, proto\u017ee cel\u00fd pr\u016fb\u011bh presidentsk\u00e9 volby \u2013 tak jak jej v p\u00e1tek i v sobotu zobrazovala \u010cT, ukazoval sp\u00ed\u0161 na pom\u011br 100:0.<\/p>\n<p>Ale mo\u017en\u00e1, \u017ee \u010cT opravdu cht\u011bla\u00a0 b\u00fdt\u00a0 tentokr\u00e1t nestrann\u00e1 a ud\u011blat to nejlep\u0161\u00ed, ale dopadlo to jako v\u017edycky.<\/p>\n<p><strong><em>Lubom\u00edr Man<\/em><\/strong><\/p>\n<\/div>\n<p><img decoding=\"async\" loading=\"lazy\" class=\"alignnone size-full wp-image-860\" src=\"http:\/\/www.infokuryr.cz\/n\/wp-content\/uploads\/2021\/04\/lub_man.jpg\" alt=\"\" width=\"143\" height=\"200\" \/><\/p>\n<p>&nbsp;<\/p>\n<p><img decoding=\"async\" loading=\"lazy\" class=\"wp-image-19187 aligncenter\" src=\"http:\/\/www.infokuryr.cz\/n\/wp-content\/uploads\/2022\/12\/1-PRO-300x36.jpg\" alt=\"\" width=\"1258\" height=\"151\" srcset=\"https:\/\/www.infokuryr.cz\/n\/wp-content\/uploads\/2022\/12\/1-PRO-300x36.jpg 300w, https:\/\/www.infokuryr.cz\/n\/wp-content\/uploads\/2022\/12\/1-PRO.jpg 699w\" sizes=\"(max-width: 1258px) 100vw, 1258px\" \/><\/p>\n<p>&nbsp;<\/p>\n","protected":false},"excerpt":{"rendered":"<p>Na z\u00e1v\u011br hektick\u00e9ho volebn\u00edho p\u016flv\u00edkendu si redaktor Kubal pozval do studia \u010cT t\u0159i novin\u00e1\u0159e, aby&#8230;<\/p>\n","protected":false},"author":2,"featured_media":1886,"comment_status":"closed","ping_status":"closed","sticky":false,"template":"","format":"standard","meta":[],"categories":[6],"tags":[1042,1025,165,4250,27],"_links":{"self":[{"href":"https:\/\/www.infokuryr.cz\/n\/wp-json\/wp\/v2\/posts\/21241"}],"collection":[{"href":"https:\/\/www.infokuryr.cz\/n\/wp-json\/wp\/v2\/posts"}],"about":[{"href":"https:\/\/www.infokuryr.cz\/n\/wp-json\/wp\/v2\/types\/post"}],"author":[{"embeddable":true,"href":"https:\/\/www.infokuryr.cz\/n\/wp-json\/wp\/v2\/users\/2"}],"replies":[{"embeddable":true,"href":"https:\/\/www.infokuryr.cz\/n\/wp-json\/wp\/v2\/comments?post=21241"}],"version-history":[{"count":1,"href":"https:\/\/www.infokuryr.cz\/n\/wp-json\/wp\/v2\/posts\/21241\/revisions"}],"predecessor-version":[{"id":21242,"href":"https:\/\/www.infokuryr.cz\/n\/wp-json\/wp\/v2\/posts\/21241\/revisions\/21242"}],"wp:featuredmedia":[{"embeddable":true,"href":"https:\/\/www.infokuryr.cz\/n\/wp-json\/wp\/v2\/media\/1886"}],"wp:attachment":[{"href":"https:\/\/www.infokuryr.cz\/n\/wp-json\/wp\/v2\/media?parent=21241"}],"wp:term":[{"taxonomy":"category","embeddable":true,"href":"https:\/\/www.infokuryr.cz\/n\/wp-json\/wp\/v2\/categories?post=21241"},{"taxonomy":"post_tag","embeddable":true,"href":"https:\/\/www.infokuryr.cz\/n\/wp-json\/wp\/v2\/tags?post=21241"}],"curies":[{"name":"wp","href":"https:\/\/api.w.org\/{rel}","templated":true}]}}