{"id":21240,"date":"2023-01-16T01:17:02","date_gmt":"2023-01-16T00:17:02","guid":{"rendered":"http:\/\/www.infokuryr.cz\/n\/?p=21240"},"modified":"2023-01-15T16:49:56","modified_gmt":"2023-01-15T15:49:56","slug":"vy-rozhodnete-jak-moc-velky","status":"publish","type":"post","link":"https:\/\/www.infokuryr.cz\/n\/2023\/01\/16\/vy-rozhodnete-jak-moc-velky\/","title":{"rendered":"Vy rozhodnete, jak moc velk\u00fd"},"content":{"rendered":"<div id=\"fb-root\"><\/div>\n<p>Prvn\u00ed kolo prezidentsk\u00e9 volby n\u00e1m poskytlo mnoho nov\u00fdch a zaj\u00edmav\u00fdch informac\u00ed.<span id=\"more-5638\"><\/span><\/p>\n<p>Zaprv\u00e9, pokud se nestane z\u00e1zrak, tak za \u010dtrn\u00e1ct dn\u00ed se po Mimo\u0148ovi, Neomyln\u00e9m a Ovarovi na Hrad\u011b usad\u00ed Guma \u2013 b\u00fdval\u00fd komunistick\u00fd lampas\u00e1k a rozv\u011bd\u010d\u00edk s mor\u00e1ln\u00edm profilem Jid\u00e1\u0161e. \u010c\u00edm d\u00e1l t\u00edm lep\u0161\u00ed.<\/p>\n<p>Zadruh\u00e9, bezp\u00e1te\u0159n\u00e1 komunistick\u00e1 guma se na Hrad\u011b ocitne d\u00edky hlas\u016fm voli\u010d\u016f koalice SPOLU, kter\u00fdm ho jej\u00ed politici doporu\u010dili jako vzorov\u011b\u00a0<em>demokratick\u00e9ho<\/em>\u00a0kandid\u00e1ta zt\u011bles\u0148uj\u00edc\u00edho hodnoty, kter\u00e9 vyzn\u00e1val u\u017e V\u00e1clav Havel. P\u0159ipom\u00edn\u00e1 to jeho divadeln\u00ed hry.<\/p>\n<p>Zat\u0159et\u00ed, mimo\u0159\u00e1dn\u011b militantn\u011b a hystericky antikomunistick\u00e1 Praha u\u017e deset let otloukaj\u00edc\u00ed\u00a0<em>agentu Bure\u0161ovi<\/em>\u00a0o hlavu, krom\u011b presumpce viny, jeho rudou kn\u00ed\u017eku, te\u010f za nad\u0161en\u00e9ho j\u00e1sotu nese na ramenou na Hrad\u00a0<em>agenta P\u00e1vka\u00a0<\/em>i s jeho rudou kn\u00ed\u017ekou. To by nevymyslel ani Havel.<\/p>\n<p>Za\u010dtvrt\u00e9, ono absurdn\u00ed divadlo vynikne je\u0161t\u011b v\u00edce, kdy\u017e si uv\u011bdom\u00edme, \u017ee voli\u010di \u201e<em>demokratick\u00fdch stran<\/em>\u201c m\u011bli krom\u011b bol\u0161evick\u00e9 gumy na v\u00fdb\u011br z cel\u00e9ho hejna puncovan\u00fdch\u00a0<em>prav\u00fdch demokrat\u016f\u00a0<\/em>nemaj\u00edc\u00edch p\u0159i cest\u011b do toho kopce na noze kouli se srpem a kladivem a zu\u0159iv\u011b m\u00e1vaj\u00edc\u00edch prapory\u00a0se spr\u00e1vn\u00fdmi hesly.\u00a0WTF??<\/p>\n<p>Zap\u00e1t\u00e9, prezidenty se gener\u00e1lov\u00e9 st\u00e1vaj\u00ed a\u00a0<em>\u0159\u00e1d a klid<\/em>\u00a0pak zav\u00e1d\u011bj\u00ed p\u0159edev\u0161\u00edm v jihoamerick\u00fdch diktatur\u00e1ch, ban\u00e1nov\u00fdch republik\u00e1ch a totalitn\u00edch re\u017eimech. Nechci\u00a0 za ka\u017edou cenu mo\u010dit proti v\u011btru, ale m\u00e1 snad n\u011bkdo pocit, \u017ee tahle praxe stoj\u00ed za zaveden\u00ed?<\/p>\n<p>Za\u0161est\u00e9, a\u010dkoliv prezidentsk\u00e1 krit\u00e9ria se u n\u00e1s zjevn\u011b daj\u00ed asi nejl\u00e9pe vyj\u00e1d\u0159it heslem Mary Bardov\u00e9: \u201e<em>Kdokoliv m\u016f\u017ee d\u011blat cokoliv!<\/em>\u201c , tak b\u00fdt pouze blond\u00fdnou zjevn\u011b st\u00e1le nesta\u010d\u00ed. V tom u\u017e jsou t\u0159eba i Slov\u00e1ci rozhodn\u011b evrop\u0161t\u011bj\u0161\u00ed. M\u00e1me tedy co doh\u00e1n\u011bt a chceme-li kone\u010dn\u011b dostihnout Z\u00e1pad je t\u0159eba se prioritn\u011b zam\u011b\u0159it na dal\u0161\u00ed rozvoj um\u011bl\u00e9 inteligence a prosazen\u00ed koresponden\u010dn\u00edho hlasov\u00e1n\u00ed.<\/p>\n<p>Zasedm\u00e9, dle propastn\u00e9ho rozd\u00edlu mezi optimistick\u00fdmi p\u0159edvolebn\u00edmi odhady a\u00a0 tragickou volebn\u00ed realitou soud\u00edm, \u017ee p\u016flka p\u016fvodn\u00edho potenci\u00e1ln\u00edho elektor\u00e1tu\u00a0 Prezidentu\u0161e nerozd\u00fdchala televizn\u00ed debaty, kde se jejich volba p\u0159edvedla jako prav\u00e1 blond\u00fdna a v zoufalstv\u00ed emigrovala k rozv\u011bd\u010d\u00edkovi. Spr\u00e1vn\u011b. Ostatn\u011b, jinej demokrat k dispozici nebyl, \u017ee.<\/p>\n<p>Zaosm\u00e9, a\u010dkoliv m\u00e1 Jaroslav Ba\u0161ta jako jedin\u00fd z pelotonu m\u00e9 sympatie, z mor\u00e1ln\u00edho hlediska p\u0159evy\u0161uje konkurenci o t\u0159\u00eddu, v p\u0159\u00edpad\u011b kandid\u00e1t\u016f s komunistickou minulost\u00ed o nekone\u010dno, tak z m\u00e9ho \u00fahlu pohledu to slu\u0161n\u011b posral. A to jak kampa\u0148, tak komunikaci a vyj\u00e1d\u0159en\u00ed. Jedinou rozumnou reakc\u00ed na v\u00fdvoj bylo v jeho p\u0159\u00edpad\u011b odstoupen\u00ed a hlasit\u00e1 podpora Babi\u0161e. Cokoliv jin\u00e9ho by toti\u017e na Hrad\u011b spolehliv\u011b usadilo, a jak u\u017e v\u00edme, tak za dva t\u00fddny taky usad\u00ed, je\u0161t\u011b mnohem v\u011bt\u0161\u00edho kokota, ne\u017e je Babi\u0161. Bravo, Jaroslave, brilantn\u00ed taktika. Jak vidno, v\u011bk, mor\u00e1ln\u00ed kvality ani zku\u0161enosti automaticky nevedou k pozn\u00e1n\u00ed, \u017ee politika je p\u0159edev\u0161\u00edm kompromis a ne cena fair play.<\/p>\n<p>Zadev\u00e1t\u00e9, titul nejv\u011bt\u0161\u00edho idiota voleb s velk\u00fdm n\u00e1skokem z\u00edskal Pitomio Okamura. Kandid\u00e1ta SPD volila pouze p\u016flka voli\u010d\u016f strany, ta druh\u00e1, zjevn\u011b inteligentn\u011bj\u0161\u00ed, to pragmaticky \u0161oupla Andymu, aby volbou Ba\u0161ty, jeho\u017e postup do druh\u00e9ho kola byl od za\u010d\u00e1tku do konce z \u0159\u00ed\u0161e fantazie, nespl\u00e1chli sv\u016fj hlas rovnou do hajzlu u\u017e v prvn\u00edm kole. Sly\u0161\u00ed\u0161 ten zvuk, Pitomio? Tv\u00e9mu politick\u00e9mu podnik\u00e1n\u00ed pr\u00e1v\u011b zvon\u00ed hrana.<\/p>\n<p>Zades\u00e1t\u00e9, v t\u00e9to souvislosti m\u00e1m na Pitomia n\u011bkolik \u0159e\u010dnick\u00fdch ot\u00e1zek. Pro\u010d koktav\u00fd, smutn\u00fd, prehistorick\u00fd klaun Ba\u0161ta s voli\u010dskou p\u0159ita\u017elivost\u00ed Milo\u0161e Jake\u0161e? Pro\u010d ne t\u0159eba Kobza? A jestli nikdo jin\u00fd ne\u017e Ba\u0161ta, p\u0159edem jasn\u00fd pora\u017een\u00fd, nebyl, tak pro\u010d ne rad\u0161i Babi\u0161? Je pro SPD Waterloo a Stalingrad dohromady, kter\u00e9 pro stranu znamen\u00e1 4,45% jej\u00edho kandid\u00e1ta z\u00a0 hlediska budoucnosti lep\u0161\u00ed, ne\u017e 40% Babi\u0161e s podporou SPD? Fakt je pro SPD lep\u0161\u00ed, kdy\u017e na Hrad\u011b bude\u00a0<em>demokratick\u00fd<\/em>\u00a0rozv\u011bd\u010d\u00edk? Kter\u00fd u\u017e te\u010f prohla\u0161uje, \u017ee by nikdy nejmenoval premi\u00e9rem nikoho z SPD? Vidl\u00e1k, takto Henry Kissinger alternativy \u0159\u00edznut\u00fd Broukem Pytl\u00edkem, v\u00e1m p\u0159ece v\u0161em i s Babi\u0161em jasn\u011b psal, co m\u00e1te ud\u011blat. Ale t\u0159eba jsem jen moc blbej a ty benefity retardovan\u00e9ho chov\u00e1n\u00ed SPD prost\u011b nevid\u00edm.<\/p>\n<p>Za \u010dtrn\u00e1ct dn\u00ed volte, koho chcete. V ka\u017ed\u00e9m p\u0159\u00edpad\u011b se prezidentem stane kokot. Vy u\u017e jen rozhodnete, jak moc velk\u00fd.<\/p>\n<p><a href=\"http:\/\/nonserviam.cz\/vy-rozhodnete-jak-moc-velky\/\">BY LU LINA<\/a><\/p>\n<p>&nbsp;<\/p>\n<p><img decoding=\"async\" loading=\"lazy\" class=\"wp-image-19187 aligncenter\" src=\"http:\/\/www.infokuryr.cz\/n\/wp-content\/uploads\/2022\/12\/1-PRO-300x36.jpg\" alt=\"\" width=\"1258\" height=\"151\" srcset=\"https:\/\/www.infokuryr.cz\/n\/wp-content\/uploads\/2022\/12\/1-PRO-300x36.jpg 300w, https:\/\/www.infokuryr.cz\/n\/wp-content\/uploads\/2022\/12\/1-PRO.jpg 699w\" sizes=\"(max-width: 1258px) 100vw, 1258px\" \/><\/p>\n<p>&nbsp;<\/p>\n","protected":false},"excerpt":{"rendered":"<p>Prvn\u00ed kolo prezidentsk\u00e9 volby n\u00e1m poskytlo mnoho nov\u00fdch a zaj\u00edmav\u00fdch informac\u00ed. Zaprv\u00e9, pokud se nestane&#8230;<\/p>\n","protected":false},"author":2,"featured_media":715,"comment_status":"closed","ping_status":"closed","sticky":false,"template":"","format":"standard","meta":[],"categories":[6],"tags":[126,425,869,165,27],"_links":{"self":[{"href":"https:\/\/www.infokuryr.cz\/n\/wp-json\/wp\/v2\/posts\/21240"}],"collection":[{"href":"https:\/\/www.infokuryr.cz\/n\/wp-json\/wp\/v2\/posts"}],"about":[{"href":"https:\/\/www.infokuryr.cz\/n\/wp-json\/wp\/v2\/types\/post"}],"author":[{"embeddable":true,"href":"https:\/\/www.infokuryr.cz\/n\/wp-json\/wp\/v2\/users\/2"}],"replies":[{"embeddable":true,"href":"https:\/\/www.infokuryr.cz\/n\/wp-json\/wp\/v2\/comments?post=21240"}],"version-history":[{"count":0,"href":"https:\/\/www.infokuryr.cz\/n\/wp-json\/wp\/v2\/posts\/21240\/revisions"}],"wp:featuredmedia":[{"embeddable":true,"href":"https:\/\/www.infokuryr.cz\/n\/wp-json\/wp\/v2\/media\/715"}],"wp:attachment":[{"href":"https:\/\/www.infokuryr.cz\/n\/wp-json\/wp\/v2\/media?parent=21240"}],"wp:term":[{"taxonomy":"category","embeddable":true,"href":"https:\/\/www.infokuryr.cz\/n\/wp-json\/wp\/v2\/categories?post=21240"},{"taxonomy":"post_tag","embeddable":true,"href":"https:\/\/www.infokuryr.cz\/n\/wp-json\/wp\/v2\/tags?post=21240"}],"curies":[{"name":"wp","href":"https:\/\/api.w.org\/{rel}","templated":true}]}}