{"id":21228,"date":"2023-01-16T01:10:16","date_gmt":"2023-01-16T00:10:16","guid":{"rendered":"http:\/\/www.infokuryr.cz\/n\/?p=21228"},"modified":"2023-01-15T15:21:14","modified_gmt":"2023-01-15T14:21:14","slug":"eva-hrindova-mit-pravdu-nestaci","status":"publish","type":"post","link":"https:\/\/www.infokuryr.cz\/n\/2023\/01\/16\/eva-hrindova-mit-pravdu-nestaci\/","title":{"rendered":"Eva Hrindov\u00e1: M\u00edt pravdu nesta\u010d\u00ed!"},"content":{"rendered":"<div id=\"fb-root\"><\/div>\n<div class=\"anotace\">\n<div class=\"field field-name-field-anotace field-type-text-long field-label-hidden\">\n<div class=\"field-items\">\n<div class=\"field-item even\"><strong>M\u00edt pravdu nesta\u010d\u00ed. Opakuji to st\u00e1le dokola. Pro\u010d to nesta\u010d\u00ed? Proto\u017ee v\u011bt\u0161ina ob\u010dan\u016f prost\u011b pravdu nehled\u00e1. Kdy\u017e si to uv\u011bdom\u00edte, logicky mus\u00edte zm\u011bnit strategii. \u017de opravdu nesta\u010d\u00ed m\u00edt pravdu uk\u00e1zalo prvn\u00ed prezidentsk\u00e9 kolo voleb.<\/strong><\/div>\n<div><\/div>\n<div class=\"field-item even\">Jinak by nebylo mo\u017en\u00e9, \u017ee &#8222;provl\u00e1dn\u00ed&#8220; kandid\u00e1ti dostali tolik hlas\u016f. Lid\u00e9 jsou p\u0159ece na vl\u00e1du na\u0161tvan\u00ed! S t\u00edmto \u0161la do voleb SPD a p\u0159epo\u010d\u00edtala se.<\/div>\n<\/div>\n<\/div>\n<\/div>\n<div class=\"text\">\n<div class=\"field field-name-body field-type-text-with-summary field-label-hidden\">\n<div class=\"field-items\">\n<div class=\"field-item even\">\n<p>Jejich kandid\u00e1t spl\u0148oval matematicky v\u0161echna krit\u00e9ria, kter\u00e1 mu m\u011bla p\u0159in\u00e9st hlasy antikomunistick\u00fdch a vl\u00e1dou zklaman\u00fdch voli\u010d\u016f. Tentokr\u00e1t SPD tak\u00e9 investovala docela dost prost\u0159edk\u016f do kampan\u011b a pana Ba\u0161tu podporovala i &#8222;vlasteneck\u00e1&#8220; elita. P\u0159esto je v\u00fdsledek v\u00edce ne\u017e tristn\u00ed.<\/p>\n<p>Standardn\u00ed voli\u010di SPD se toti\u017e nenechaj\u00ed manipulovat a jejich loajalita kon\u010d\u00ed tam, kde k nim p\u0159est\u00e1v\u00e1 b\u00fdt loaj\u00e1ln\u00ed samotn\u00e1 SPD. Pana Ba\u0161tu odm\u00edtli jako nev\u00fdrazn\u00e9ho kandid\u00e1ta bez charismatu a spr\u00e1vn\u011b vyhodnotili strategii &#8222;vlastenc\u016f&#8220; jako chybnou.<\/p>\n<p>Bohu\u017eel o na\u0161\u00ed budoucnosti rozhoduje v\u011bt\u0161ina voli\u010d\u016f povrchn\u00edch a hloup\u00fdch. Rozhoduj\u00ed se nahodile, nic si nezji\u0161\u0165uj\u00ed a vlastn\u011b je ani nezaj\u00edm\u00e1, kdo jejich &#8222;sympatick\u00e9&#8220; kandid\u00e1ty \u0159\u00edd\u00ed a podporuje. S n\u011bjak\u00fdmi dvoj\u00edmi metry a racion\u00e1ln\u00edmi \u00favahami se nenechaj\u00ed zdr\u017eovat a reaguj\u00ed a rozhoduj\u00ed se okam\u017eit\u011b a emotivn\u011b. A t\u00fdk\u00e1 se to vl\u00e1dn\u00edho i opozi\u010dn\u00edho t\u00e1bora.<\/p>\n<p>Babi\u0161 je lump a basta! Zavedl lockdowny, asi je v Aspenu a nic jin\u00e9ho nem\u00e1 v\u00e1hu. A jin\u00ed zas uva\u017euj\u00ed takto &#8211; Pavel je rozv\u00e1\u017en\u00fd a sympatick\u00fd a nen\u00ed to extremista, tak mu to tam hod\u00edme. \u017de podporuje euro, a cenzuru a \u0159\u00edd\u00ed ho n\u011bjac\u00ed mu\u017ei v pozad\u00ed, nikoho moc nezaj\u00edm\u00e1. Stejn\u011b jako antibabi\u0161ovce z opozi\u010dn\u00edho t\u00e1bora nezaj\u00edm\u00e1, \u017ee Babi\u0161 vad\u00ed Bruselu, USA i Ukrajin\u011b, proto\u017ee prost\u011b je mo\u017en\u00e1 v\u00edc nez\u00e1visl\u00fd ne\u017e byl prezident Zeman.<\/p>\n<p>Situace nen\u00ed dobr\u00e1 a nem\u00e1me moc \u0161anc\u00ed na zm\u011bnu, \u00favahy o revoluci nebo gener\u00e1ln\u00edch st\u00e1vk\u00e1ch jsou projevem zabedn\u011bnosti a velk\u00e9 naivity. Jestli chceme vytvo\u0159it prostor pro zm\u011bny v budoucnosti, pro r\u016fst nov\u00fdch nad\u011bjn\u00fdch politick\u00fdch sm\u011br\u016f a nov\u00fdch l\u00eddr\u016f, pot\u0159ebujeme \u010das. Pot\u0159ebujeme brzdit, proto\u017ee na v\u00edc skute\u010dn\u011b nem\u00e1me ani lidi ani s\u00edlu. SPD se nechov\u00e1 racion\u00e1ln\u011b a \u017e\u00e1rliv\u011b si st\u0159e\u017e\u00ed sv\u016fj mal\u00fd man\u00e9vrovac\u00ed prostor, kter\u00fd si ohrani\u010dila ona sama a nechce z n\u011bho z vlastn\u00ed v\u016fle vykro\u010dit. Tady \u0161anci na zm\u011bnu nem\u016f\u017eeme hledat ani \u010dekat.<\/p>\n<p>Realitou je fakt, \u017ee \u0161anc\u00ed na brzdu je zat\u00edm pouze ANO a Andrej Babi\u0161. Ne\u0159\u00edk\u00e1 se mi to lehce, ale to je asi tak v\u0161echno, co se s t\u00edm d\u00e1 d\u011blat. Vyho\u010fme si z hlavy, \u017ee politika je o n\u011bjak\u00fdch lib\u00fdch pocitech. \u017de podporujeme politiky, kter\u00e9 milujeme a ve v\u0161em s nimi souhlas\u00edme. Politika je o pragmatismu, o hled\u00e1n\u00ed nejefektivn\u011bj\u0161\u00edch \u0159e\u0161en\u00ed.<\/p>\n<p>Proto i v druh\u00e9m kole hod\u00edm hlas Andreji Babi\u0161ovi a nebudu \u0159e\u0161it, \u017ee to nen\u00ed m\u00e1 superstar. I kdy\u017e je fakt, \u017ee kdy\u017e se zbav\u00edte t\u00e9 zaslepuj\u00edc\u00ed nen\u00e1visti, za\u010dnete vid\u011bt i jeho nepochybn\u00e9 dobr\u00e9 str\u00e1nky. Je p\u0159ipraven otev\u0159en\u011b nel\u00e9zt do zadku m\u00e9di\u00edm. Chce dotla\u010dit politiky k \u0159e\u0161en\u00ed drah\u00e9 elekt\u0159iny. Chce mluvit o m\u00edru a chce pro to vyu\u017e\u00edt sv\u00e9 kontakty. Nepodporuje cenzuru. A oligarchick\u00e1 a nedemokratick\u00e1 Ukrajina m\u00e1 z jeho zvolen\u00ed strach. A s t\u00edm v\u0161\u00edm se m\u016f\u017ee op\u0159\u00edt o nejsiln\u011bj\u0161\u00ed politickou stranu u n\u00e1s. Tak\u017ee tak.<\/p>\n<p><a href=\"https:\/\/www.evahrindova.cz\/mit-pravdu-nestaci\">Eva Hrindov\u00e1<\/a><\/p>\n<\/div>\n<\/div>\n<\/div>\n<\/div>\n<p>&nbsp;<\/p>\n<p><img decoding=\"async\" loading=\"lazy\" class=\"wp-image-19187 aligncenter\" src=\"http:\/\/www.infokuryr.cz\/n\/wp-content\/uploads\/2022\/12\/1-PRO-300x36.jpg\" alt=\"\" width=\"1217\" height=\"146\" srcset=\"https:\/\/www.infokuryr.cz\/n\/wp-content\/uploads\/2022\/12\/1-PRO-300x36.jpg 300w, https:\/\/www.infokuryr.cz\/n\/wp-content\/uploads\/2022\/12\/1-PRO.jpg 699w\" sizes=\"(max-width: 1217px) 100vw, 1217px\" \/><\/p>\n<p>&nbsp;<\/p>\n","protected":false},"excerpt":{"rendered":"<p>M\u00edt pravdu nesta\u010d\u00ed. Opakuji to st\u00e1le dokola. Pro\u010d to nesta\u010d\u00ed? Proto\u017ee v\u011bt\u0161ina ob\u010dan\u016f prost\u011b pravdu&#8230;<\/p>\n","protected":false},"author":2,"featured_media":21229,"comment_status":"closed","ping_status":"closed","sticky":false,"template":"","format":"standard","meta":[],"categories":[6],"tags":[126,3387,869,165],"_links":{"self":[{"href":"https:\/\/www.infokuryr.cz\/n\/wp-json\/wp\/v2\/posts\/21228"}],"collection":[{"href":"https:\/\/www.infokuryr.cz\/n\/wp-json\/wp\/v2\/posts"}],"about":[{"href":"https:\/\/www.infokuryr.cz\/n\/wp-json\/wp\/v2\/types\/post"}],"author":[{"embeddable":true,"href":"https:\/\/www.infokuryr.cz\/n\/wp-json\/wp\/v2\/users\/2"}],"replies":[{"embeddable":true,"href":"https:\/\/www.infokuryr.cz\/n\/wp-json\/wp\/v2\/comments?post=21228"}],"version-history":[{"count":1,"href":"https:\/\/www.infokuryr.cz\/n\/wp-json\/wp\/v2\/posts\/21228\/revisions"}],"predecessor-version":[{"id":21230,"href":"https:\/\/www.infokuryr.cz\/n\/wp-json\/wp\/v2\/posts\/21228\/revisions\/21230"}],"wp:featuredmedia":[{"embeddable":true,"href":"https:\/\/www.infokuryr.cz\/n\/wp-json\/wp\/v2\/media\/21229"}],"wp:attachment":[{"href":"https:\/\/www.infokuryr.cz\/n\/wp-json\/wp\/v2\/media?parent=21228"}],"wp:term":[{"taxonomy":"category","embeddable":true,"href":"https:\/\/www.infokuryr.cz\/n\/wp-json\/wp\/v2\/categories?post=21228"},{"taxonomy":"post_tag","embeddable":true,"href":"https:\/\/www.infokuryr.cz\/n\/wp-json\/wp\/v2\/tags?post=21228"}],"curies":[{"name":"wp","href":"https:\/\/api.w.org\/{rel}","templated":true}]}}