{"id":21083,"date":"2023-01-12T06:56:29","date_gmt":"2023-01-12T05:56:29","guid":{"rendered":"http:\/\/www.infokuryr.cz\/n\/?p=21083"},"modified":"2023-01-12T06:56:29","modified_gmt":"2023-01-12T05:56:29","slug":"smutek-v-nato-rusove-za-14-dni-rozprasili-elitni-mesice-cvicene-a-po-zuby-ozbrojene-posily-ukrajine","status":"publish","type":"post","link":"https:\/\/www.infokuryr.cz\/n\/2023\/01\/12\/smutek-v-nato-rusove-za-14-dni-rozprasili-elitni-mesice-cvicene-a-po-zuby-ozbrojene-posily-ukrajine\/","title":{"rendered":"Smutek v NATO! Rusov\u00e9 za 14 dn\u00ed rozpr\u00e1\u0161ili elitn\u00ed m\u011bs\u00edce cvi\u010den\u00e9 a po zuby ozbrojen\u00e9 posily Ukrajin\u011b!"},"content":{"rendered":"<div id=\"fb-root\"><\/div>\n<p><a href=\"https:\/\/topwar.ru\/208528-osnovatel-chvk-vagner-prigozhin-soledar-polnostju-osvobozhden-i-zachischen-ot-boevikov-vsu.html\">Na Ukrajin\u011b do\u0161lo v\u010dera 11.ledna\u00a0 pozd\u011b ve\u010der k dramatick\u00e9 zm\u011bn\u011b situace<\/a>,\u00a0<a href=\"https:\/\/denikn.cz\/1050774\/vyvoj-boju-321-den-rusove-slavili-predcasne-soledar-dobyti-odolava\/\">o kter\u00e9 rad\u011bji m\u00e9dia neinformuj\u00ed<\/a>. Rusk\u00e9 dobyt\u00ed Soledaru, pokud nebude podniknut \u00fasp\u011b\u0161n\u00fd ukrajinsk\u00fd proti\u00fatok, znamen\u00e1 vynucen\u00fd Ukrajinsk\u00fd \u00fastup na \u0161irok\u00e9 front\u011b, a nebo velk\u00fd kotel, do kter\u00e9ho padnou nejv\u00fdchodn\u011bj\u0161\u00ed \u010d\u00e1sti ukrajinsk\u00fdch vojsk. V dne\u0161n\u00ed anal\u00fdze se proto na celou situaci podrobn\u011b pod\u00edv\u00e1me. Na jej\u00edm konci potom bude \u00favod do sl\u00edben\u00e9 syrsk\u00e9 anal\u00fdzy, proto\u017ee v dne\u0161n\u00edm sv\u011bt\u011b je v\u0161e propojeno s kucha\u0159em Prigo\u017einem.<\/p>\n<p>Na (n\u00ed\u017ee) jednoduch\u00e9 map\u011b vid\u00edte,\u00a0<a href=\"https:\/\/t.me\/rybar\/42628\">\u017ee p\u00e1d\u00a0 Soledaru znamen\u00e1 pro sou\u010dasnou obranu Ukrajiny<\/a>\u00a0(zelen\u00e1 linie), bu\u010f vynucen\u00fd \u00fastup na \u010dervenou linii, a nebo velk\u00e9 obkl\u00ed\u010den\u00ed, (modr\u00e9 p\u0159e\u0161krtnut\u00e9 kolo). V\u0161e je d\u00e1no logistikou frontov\u00e9ho z\u00e1sobov\u00e1n\u00ed. Z\u00e1soby na zelenou linii se daj\u00ed p\u0159epravovat tak\u0159ka v\u00fdlu\u010dn\u011b po tras\u00e1ch Kramatorsk-Bachmut-Soledar-Siversk, Konstantinovka-Bachmut-Soledar-Siversk. Jakmile Soledar padl, je hlavn\u00ed z\u00e1sobovac\u00ed trasa pro severn\u00ed polovinu zelen\u00e9 obrann\u00e9 linie Ukrajinc\u016f p\u0159eru\u0161ena. Bez z\u00e1sob se v\u00e1lka ned\u00e1 dlouhodob\u011b v\u00e9st. Ukrajinci si mus\u00ed rychle vybrat.<\/p>\n<p><a href=\"https:\/\/www.unian.net\/war\/vsu-ne-sobirayutsya-pokidat-soledar-ekspert-sprognoziroval-kak-mogut-razvivatsya-sobytiya-12106560.html\">Ukrajina zat\u00edm \u00fasty plukovn\u00edka Romana Svitana<\/a>, dnes v 00.04 ozn\u00e1mila, \u017ee Soledar st\u00e1le dr\u017e\u00ed, a \u017ee Rusov\u00e9 o jeho dobyt\u00ed l\u017eou, proto\u017ee pot\u0159ebuj\u00ed ospravedlnit dal\u0161\u00ed des\u00edtky tis\u00edc mrtv\u00fdch. V\u00e1gner podle Svitana v boj\u00edch o Soledar ztratil 35 tis\u00edc voj\u00e1k\u016f! Ukrajin\u0161t\u00ed voj\u00e1ci se pr\u00fd zat\u00edm skr\u00fdvaj\u00ed v podzem\u00ed, a brzy odtud na Rusy ude\u0159\u00ed. Plukovn\u00edk Svitan je zn\u00e1m\u00fd kyjevsk\u00fd v\u00e1le\u010dn\u00fd propagandista.\u00a0<a href=\"https:\/\/t.me\/michalapetr\/512\">U\u017e 22. \u0159\u00edjna 2022 sliboval Ukrajinc\u016fm, \u017ee NATO provede na Rusko jadern\u00e9 \u00fadery, aby Ukrajina vyhr\u00e1la v\u00e1lku<\/a>! Nicm\u00e9n\u011b Prigo\u017ein nenech\u00e1v\u00e1 nic n\u00e1hod\u011b,<a href=\"https:\/\/topwar.ru\/208528-osnovatel-chvk-vagner-prigozhin-soledar-polnostju-osvobozhden-i-zachischen-ot-boevikov-vsu.html\">\u00a0a bitvu o mnohakilometrov\u00e9 podzemn\u00ed jeskyn\u011b osobn\u011b \u0159\u00edd\u00ed<\/a>, a tvrd\u00ed \u017ee v\u00edt\u011bzn\u011b!<\/p>\n<p><img decoding=\"async\" loading=\"lazy\" class=\"wp-image-2694 aligncenter\" src=\"https:\/\/www.michalapetr.com\/wp-content\/uploads\/2023\/01\/Prigozin-dungeon.jpg\" sizes=\"(max-width: 800px) 100vw, 800px\" srcset=\"https:\/\/www.michalapetr.com\/wp-content\/uploads\/2023\/01\/Prigozin-dungeon.jpg 800w, https:\/\/www.michalapetr.com\/wp-content\/uploads\/2023\/01\/Prigozin-dungeon-300x236.jpg 300w, https:\/\/www.michalapetr.com\/wp-content\/uploads\/2023\/01\/Prigozin-dungeon-768x605.jpg 768w, https:\/\/www.michalapetr.com\/wp-content\/uploads\/2023\/01\/Prigozin-dungeon-705x555.jpg 705w, https:\/\/www.michalapetr.com\/wp-content\/uploads\/2023\/01\/Prigozin-dungeon-450x354.jpg 450w\" alt=\"\" width=\"714\" height=\"562\" \/><\/p>\n<p>&nbsp;<\/p>\n<p><img decoding=\"async\" loading=\"lazy\" class=\"wp-image-2692 aligncenter\" src=\"https:\/\/www.michalapetr.com\/wp-content\/uploads\/2023\/01\/Zm%C4%9Bny-fronty-1.jpg\" sizes=\"(max-width: 1754px) 100vw, 1754px\" srcset=\"https:\/\/www.michalapetr.com\/wp-content\/uploads\/2023\/01\/Zm\u011bny-fronty-1.jpg 1754w, https:\/\/www.michalapetr.com\/wp-content\/uploads\/2023\/01\/Zm\u011bny-fronty-1-300x212.jpg 300w, https:\/\/www.michalapetr.com\/wp-content\/uploads\/2023\/01\/Zm\u011bny-fronty-1-1030x728.jpg 1030w, https:\/\/www.michalapetr.com\/wp-content\/uploads\/2023\/01\/Zm\u011bny-fronty-1-768x543.jpg 768w, https:\/\/www.michalapetr.com\/wp-content\/uploads\/2023\/01\/Zm\u011bny-fronty-1-1536x1085.jpg 1536w, https:\/\/www.michalapetr.com\/wp-content\/uploads\/2023\/01\/Zm\u011bny-fronty-1-1500x1060.jpg 1500w, https:\/\/www.michalapetr.com\/wp-content\/uploads\/2023\/01\/Zm\u011bny-fronty-1-260x185.jpg 260w, https:\/\/www.michalapetr.com\/wp-content\/uploads\/2023\/01\/Zm\u011bny-fronty-1-705x498.jpg 705w, https:\/\/www.michalapetr.com\/wp-content\/uploads\/2023\/01\/Zm\u011bny-fronty-1-450x318.jpg 450w\" alt=\"\" width=\"774\" height=\"547\" \/><\/p>\n<p>Elitn\u00ed,<a href=\"https:\/\/www.pucara.org\/post\/guerra-en-ucrania-d%C3%ADa-321\">\u00a0ve Velk\u00e9 Brit\u00e1nii, a v dal\u0161\u00edch zem\u00edch NATO<\/a>\u00a0(\u010cesko? Slovensko?)\u00a0<a href=\"https:\/\/armyinform.com.ua\/2022\/04\/30\/ukrayinski-desantnyky-v-umovah-maksymalno-nablyzhenyh-do-bojovyh-vidpraczovuyut-taktychni-diyi-z-bojovoyu-strilboyu\/\">n\u011bkolik m\u011bs\u00edc\u016f cvi\u010den\u00ed<\/a>, a z\u00e1padn\u00edmi zbran\u011bmi po zuby vyzbrojen\u00ed\u00a0<a href=\"https:\/\/t.me\/oaembr46\">v\u00fdsadk\u00e1\u0159i ze 46. ukrajinsk\u00e9 brig\u00e1dy<\/a>\u00a0rychle a zbab\u011ble p\u0159edev\u010d\u00edrem prchli z boji\u0161t\u011b, jen co na n\u011b Rusov\u00e9 za\u00fato\u010dili. Anal\u00fdza rusk\u00e9ho \u00fasp\u011bchu u Soledaru a Bachmutu uk\u00e1zala neuv\u011b\u0159iteln\u00e9. Tamn\u00ed frontu dok\u00e1zali proti Rus\u016fm dr\u017eet od l\u00e9ta n\u011bkolik m\u011bs\u00edc\u016f oby\u010dejn\u00ed ale udatn\u00ed mobilizovan\u00ed rekruti z teritori\u00e1ln\u00ed obrany, (2-3 prapory), podporov\u00e1n\u00ed slab\u00fdmi zbytky dnes asi nejlep\u0161\u00ed jednotky sv\u011bta, 93. mechanizovan\u00e9 brig\u00e1dy Cholodnyj Yar. Jen\u017ee v prosinci m\u00edsto nich Napoleon Zelensky do boje nakomandoval sv\u00e9 nov\u00e9, elitn\u00ed, a na Z\u00e1pad\u011b vycvi\u010den\u00e9 brig\u00e1dy 46. v\u00fdsadkovou, 4. a 10. tankovou, 10. a 128. horskou, a 3. d\u011blost\u0159eleckou. Na map\u00e1ch kyjevsk\u00e9ho doup\u011bte, (viz n\u00ed\u017ee), vypadaly v\u00e1le\u010dn\u00e9 pl\u00e1ny kyjevsk\u00e9ho Napoleona skv\u011ble. P\u0159evaha modr\u00fdch nad \u010derven\u00fdmi byla pap\u00edrov\u011b impozantn\u00ed, a tak se u\u017e ohla\u0161ovalo i brzk\u00e9 dobyt\u00ed Krymu!<\/p>\n<p><img decoding=\"async\" loading=\"lazy\" class=\"wp-image-2687 aligncenter\" src=\"https:\/\/www.michalapetr.com\/wp-content\/uploads\/2023\/01\/Kyiv-Dungeon-Map.jpg\" sizes=\"(max-width: 720px) 100vw, 720px\" srcset=\"https:\/\/www.michalapetr.com\/wp-content\/uploads\/2023\/01\/Kyiv-Dungeon-Map.jpg 720w, https:\/\/www.michalapetr.com\/wp-content\/uploads\/2023\/01\/Kyiv-Dungeon-Map-199x300.jpg 199w, https:\/\/www.michalapetr.com\/wp-content\/uploads\/2023\/01\/Kyiv-Dungeon-Map-684x1030.jpg 684w, https:\/\/www.michalapetr.com\/wp-content\/uploads\/2023\/01\/Kyiv-Dungeon-Map-468x705.jpg 468w, https:\/\/www.michalapetr.com\/wp-content\/uploads\/2023\/01\/Kyiv-Dungeon-Map-450x678.jpg 450w\" alt=\"\" width=\"621\" height=\"935\" \/><\/p>\n<p>Rusov\u00e9 ov\u0161em, p\u0159es p\u0159es pap\u00edrovou p\u0159evahu Kyjeva, pokra\u010dovali i v prosinci ve sv\u00fdch ka\u017edodenn\u00edch \u00fatoc\u00edch, a u\u017e na nov\u00fd rok se do\u010dkali. Nov\u00e9 elitn\u00ed ukrajinsk\u00e9 jednotky vycvi\u010den\u00e9 a vyzbrojen\u00e9 podle standard\u016f NATO nevydr\u017eely vzdorovat 4 m\u011bs\u00edce, jako p\u0159edt\u00edm nevycvi\u010den\u00ed mobilizovan\u00ed rekruti, podporovan\u00ed skute\u010dnou ukrajinskou elitou, brig\u00e1dou Cholodnyj Yar, a u\u017e za 2 a\u017e 3 t\u00fddny boj\u016f s 50 tis\u00edci rusk\u00fdmi kucha\u0159i v uniform\u00e1ch, (viz. \u010derven\u00e1 zna\u010dka PMC), se zhroutily, odh\u00e1zely zbran\u011b a uprchly!<\/p>\n<p>Toto hodnocen\u00ed lednov\u00fdch boj\u016f u Soledaru zve\u0159ejnila v\u010dera Puccara Defensa, ost\u0159e protirusk\u00e1 organizace jihoamerick\u00fdch vojensk\u00fdch expert\u016f, a ta Zelensk\u00e9ho a jeho gener\u00e1ly za tuto por\u00e1\u017eku ost\u0159e kritizovala.<a href=\"https:\/\/www.pucara.org\/post\/guerra-en-ucrania-d%C3%ADa-322\">\u00a0Pucara Defensa analyzovala<\/a>, \u017ee:<\/p>\n<ol>\n<li>nekompetentn\u00ed ukrajin\u0161t\u00ed komand\u00fd\u0159i nahnali sv\u00e9 jednotky po houfech na boji\u0161t\u011b, tak aby jich tam bylo co nejv\u00edc,\u00a0<a href=\"https:\/\/en.wikipedia.org\/wiki\/William_Westmoreland\">podle zn\u00e1m\u00e9 ne\u00fasp\u011b\u0161n\u00e9 strategie vel\u00edc\u00edho gener\u00e1la Westmorelanda<\/a>\u00a0z Vietnamu,\u00a0 p\u0159ezd\u00edvan\u00e9 \u201c<em>Waste-more-men<\/em>\u201d (m\u00edsto na zbyte\u010dnou likvidaci st\u00e1le v\u011bt\u0161\u00edho mno\u017estv\u00ed mu\u017e\u016f). Na boji\u0161ti tak doch\u00e1zelo k takov\u00fdm exces\u016fm, \u017ee ukrajin\u0161t\u00ed velitel\u00e9 ani netu\u0161ili, kdy a kam jim jejich gener\u00e1lov\u00e9 pos\u00edlaj\u00ed posily, a ty tak \u010dasto kon\u010dily na vlastn\u00edch minov\u00fdch pol\u00edch, a nebo napochodovaly rovnou p\u0159ed hlavn\u011b rusk\u00fdch kulomet\u016f, kter\u00e9 podle kyjevsk\u00fdch map m\u011bly b\u00fdt je\u0161t\u011b cel\u00e9 kilometry daleko;<\/li>\n<li>ukrajin\u0161t\u00ed komand\u00fd\u0159i nejsou schopni spolupracovat, a velitel ka\u017ed\u00e9 roty, praporu, a nebo brig\u00e1dy se chov\u00e1 na boji\u0161ti jako by byl s\u00e1m Napoleon, a vyd\u00e1v\u00e1 si sv\u00e9 vlastn\u00ed rozkazy, bez ohledu na celkovou situaci a rozkazy kyjevsk\u00e9ho Napoleona. Ukrajinsk\u00e1 arm\u00e1da u Soledaru tak vlastn\u011b nen\u00ed arm\u00e1da, ale 25! nik\u00fdm ne\u0159\u00edzen\u00fdch brig\u00e1dn\u00edch band pod komandem 25 mini-Napoleon\u016f p\u0159esv\u011bd\u010den\u00fdch o sv\u00e9 vojensk\u00e9 genialit\u011b. Boji\u0161t\u011b je tak ve stavu naprost\u00e9ho permanentn\u00edho chaosu, kter\u00fd je t\u00edm v\u011bt\u0161\u00ed, \u010d\u00edm v\u00edce elitn\u00edch jednotek vycvi\u010den\u00fdch NATO s dal\u0161\u00edmi mini-Napoleony v\u010dele Zelensk\u00fd do prostoru boj\u016f nakomanduje. Cel\u00fd chaos je\u0161t\u011b zvy\u0161uje rusk\u00e1 radiotechnick\u00e1 p\u0159evaha, kter\u00e1 \u00fa\u010dinn\u011b ru\u0161\u00ed ve\u0161kerou taktickou komunikaci mezi v t\u00fdlu ukryt\u00fdmi ukrajinsk\u00fdmi gener\u00e1lsk\u00fdmi doupaty, a doupaty 25 sv\u00e9hlav\u00fdch mini Napoleon\u016f na front\u011b;<\/li>\n<li>aby chaosu nebylo m\u00e1lo, ukrajin\u0161t\u00ed politi\u010dt\u00ed pohlav\u00e1\u0159i striktn\u011b zakazuj\u00ed p\u0159izn\u00e1vat por\u00e1\u017eky, ztr\u00e1ty \u00fazem\u00ed, ztr\u00e1ty vlastn\u00edch zbran\u00ed i ztr\u00e1ty mu\u017estva, a m\u00edsto toho pl\u00e1nuj\u00ed nad mapami,podobn\u011b jako Hitler v dubnu 1945, \u00fadery se sotva existuj\u00edc\u00edmi virtu\u00e1ln\u00edmi jednotkami vyzbrojen\u00fdmi dosud nedodan\u00fdmi zbran\u011bmi NATO. T\u00edm doch\u00e1z\u00ed na front\u011b k je\u0161t\u011b v\u011bt\u0161\u00edmu chaosu, proto\u017ee \u0159ada jednotek teprve a\u017e p\u0159i pochodu na boji\u0161t\u011b zjist\u00ed, \u017ee se u\u017e nach\u00e1z\u00ed na rusk\u00e9m \u00fazem\u00ed, a \u017ee vlastn\u00ed ukrajinsk\u00e9 jednotky na boji\u0161ti p\u0159edstavuj\u00ed u\u017e jen mal\u00e9 houfy unaven\u00fdch voj\u00e1k\u016f;<\/li>\n<li>cesta k Putinov\u011b por\u00e1\u017ece nen\u00ed ve l\u017e\u00edch a propagandistick\u00e9m chv\u00e1st\u00e1n\u00ed, jak \u010din\u00ed kyjevsk\u00e9 doup\u011b, a z\u00e1padn\u00ed m\u00e9dia, ale ve st\u0159\u00edzliv\u00e9m p\u0159izn\u00e1n\u00ed a zhodnocen\u00ed vlastn\u00edch chyb a slabost\u00ed, a vyu\u017e\u00edv\u00e1n\u00edm skute\u010dn\u00e9 p\u0159ednosti Ukrajiny, udatn\u00fdch a ob\u011btav\u00fdch oby\u010dejn\u00fdch voj\u00e1k\u016f. Podle anal\u00fdzy, se Rusov\u00e9 u\u017e ze sv\u00fdch chyb na ja\u0159e a v l\u00e9t\u011b pou\u010dili, kde\u017eto Kyjev to teprve \u010dek\u00e1, a nebo bude pora\u017een!<\/li>\n<\/ol>\n<p>Pozn\u00e1mka: 93. mechanizovan\u00e1 brig\u00e1da Cholodnyj Yar, kter\u00e1 \u00fasp\u011b\u0161n\u011b odr\u00e1\u017eela od l\u00e9ta do konce listopadu rusk\u00e9 \u00fatoky na Soledar, je bezesporu nejlep\u0161\u00ed jednotka Ukrajiny, ne-li sv\u011bta.\u00a0\u00a0<a href=\"https:\/\/web.archive.org\/web\/20220327080201\/https:\/\/nv.ua\/ukr\/ukraine\/events\/trostyanec-zvilnili-vid-rosiyskih-viysk-novini-ukrajini-50228636.html\">Na ja\u0159e perfektn\u00edm v\u00fdpadem napadla z boku slavnou ruskou 1. tankovou arm\u00e1du p\u0159i jej\u00edm \u00fastupu z Kyjeva p\u0159es Sumy do Ruska<\/a>, a zp\u016fsobila j\u00ed chytr\u00fdm veden\u00edm boje p\u016fsobiv\u00e9 ztr\u00e1ty.<a href=\"https:\/\/www.ceskenoviny.cz\/ukrinform\/cesky\/zprava.php?id=1011484\">\u00a0Po\u010d\u00e1tkem l\u00e9ta profesion\u00e1ln\u011b zastavila rusk\u00fd \u00fatok p\u0159es Izjum<\/a>, stabilizovala tamn\u00ed frontu, vy\u010derpala Rusy, a vytvo\u0159ila tak podm\u00ednky pro pozd\u011bj\u0161\u00ed charkovsko-izjumskou ofenz\u00edvu Ukrajiny. T\u00e9 se ov\u0161em u\u017e sama ne\u00fa\u010dastnila, proto\u017ee okam\u017eit\u011b po letn\u00edm p\u00e1du aglomerace\u00a0<a href=\"tps:\/\/www.google.com\/maps\/place\/Lysy%C4%8Dansk,+Luhansk%C3%A1,+Ukrajina\/@48.901137,38.4171226,12z\/data=!3m1!4b1!4m5!3m4!1s0x41200ff1a84cd0c5:0x4dcad050a5b70faa!8m2!3d48.9110806!4d38.4264295\">Lysy\u010dansk \u2013 Severodon\u011bck<\/a>\u00a0byla z Izjumu odkomandov\u00e1na, aby zastavila hlavn\u00ed rusk\u00fd postup ve sm\u011bru Popasnaja p\u0159es Soledar na Slavjansk, kter\u00fd hrozil rozseknut\u00edm fronty a obrovsk\u00fdm obkl\u00ed\u010den\u00edm. Cholodnyj Yar p\u0159ed Soledarem poprv\u00e9 narazil na minim\u00e1ln\u011b stejn\u011b zdatn\u00e9ho protivn\u00edka \u2013 W\u00e1gnerovi symfoniky. Proto\u017ee nebyl na rozd\u00edl od Prigo\u017eina dopl\u0148ov\u00e1n, a jeho palebn\u00e1 s\u00edla se rusk\u00e9 artilerii nemohla rovnat, Cholodnyj Yar pomalu ustupoval, ale v\u017edy zabr\u00e1nil Rus\u016fm, aby p\u0159esekli, zni\u010dili, a nebo obkl\u00ed\u010dili slab\u00e9 prapory teritori\u00e1ln\u00ed obrany, kter\u00e9 ob\u011btav\u011b nesly hlavn\u00ed t\u00edhu obrany prvn\u00ed linie. \u00dastup byl sice ka\u017edodenn\u00ed, ale o des\u00edtky metr\u016f a spo\u0159\u00e1dan\u00fd. Toto ob\u011btov\u00e1n\u00ed brig\u00e1dy Cholodnyj Yar k zastaven\u00ed pr\u016fniku kucha\u0159e Prigo\u017eina po ose Popasnaja-Soledar-Slavjansk v letn\u00edch statick\u00fdch boj\u00edch u Soledaru se u\u017e nyn\u00ed ukazuje jako strategick\u00e1 chyba Kyjeva. Proto\u017ee ani n\u011bkolik nov\u011b vycvi\u010den\u00fdch po zuby ozbrojen\u00fdch brig\u00e1d nakomandovan\u00fdch do Soledaru aby vym\u011bnilo v boji tak\u0159ka \u00fapln\u011b zni\u010denou brig\u00e1du Cholodnyj Yar k zastaven\u00ed Prigo\u017eina nesta\u010dilo, ba naopak zp\u016fsobilo ne\u010dekan\u011b rychl\u00e9 zhroucen\u00ed cel\u00e9 obrany. Nevratnou ztr\u00e1tu n\u011bkolika tis\u00edc profesion\u00e1ln\u00edch, n\u011bkolik let i na cvi\u010di\u0161t\u00edch NATO tr\u00e9novan\u00fdch dobrovoln\u00edk\u016f p\u0159\u00edslu\u0161n\u00edk\u016f brig\u00e1dy Cholodnyj Yar, s rozs\u00e1hl\u00fdmi bojov\u00fdmi zku\u0161enostmi a s perfektn\u00edm vojensko-technick\u00fdm v\u00fdcvikem, nebude jen tak snadn\u00e9 nenahradit.\u00a0 Ukrajin\u0161t\u00ed propagandist\u00e9 neust\u00e1le p\u011bj\u00ed chvalozp\u011bvy na AZOV, a dal\u0161\u00ed jednotky, kter\u00e9 se zaskv\u011bly v boj\u00edch jen kdy\u017e m\u011bly zna\u010dnou po\u010detn\u00ed p\u0159evahu nad Rusy.\u00a0<a href=\"https:\/\/uk.wikipedia.org\/wiki\/93-%D1%82%D1%8F_%D0%BE%D0%BA%D1%80%D0%B5%D0%BC%D0%B0_%D0%BC%D0%B5%D1%85%D0%B0%D0%BD%D1%96%D0%B7%D0%BE%D0%B2%D0%B0%D0%BD%D0%B0_%D0%B1%D1%80%D0%B8%D0%B3%D0%B0%D0%B4%D0%B0_%C2%AB%D0%A5%D0%BE%D0%BB%D0%BE%D0%B4%D0%BD%D0%B8%D0%B9_%D0%AF%D1%80%C2%BB\">Skute\u010dn\u00e1 elita Cholodnyj Yar<\/a>, kter\u00e1 cel\u00fdch 300 dn\u00ed pod\u00e1vala ty nejt\u011b\u017e\u0161\u00ed v\u00fdkony na t\u011bch nejt\u011b\u017e\u0161\u00edch \u00fasec\u00edch fronty st\u00e1la v\u017edy v pozad\u00ed kyjevsk\u00e9 propagandy, asi pr\u00e1v\u011b proto, \u017ee bojovala v t\u011bch nejt\u011b\u017e\u0161\u00edch bitv\u00e1ch, o kter\u00fdch se z Kyjeva rad\u011bji moc nemluvilo.<\/p>\n<p><img decoding=\"async\" loading=\"lazy\" class=\"wp-image-2698 aligncenter\" src=\"https:\/\/www.michalapetr.com\/wp-content\/uploads\/2023\/01\/photo_2023-01-12_00-59-12.jpg\" sizes=\"(max-width: 575px) 100vw, 575px\" srcset=\"https:\/\/www.michalapetr.com\/wp-content\/uploads\/2023\/01\/photo_2023-01-12_00-59-12.jpg 575w, https:\/\/www.michalapetr.com\/wp-content\/uploads\/2023\/01\/photo_2023-01-12_00-59-12-135x300.jpg 135w, https:\/\/www.michalapetr.com\/wp-content\/uploads\/2023\/01\/photo_2023-01-12_00-59-12-463x1030.jpg 463w, https:\/\/www.michalapetr.com\/wp-content\/uploads\/2023\/01\/photo_2023-01-12_00-59-12-317x705.jpg 317w\" alt=\"\" width=\"518\" height=\"1153\" \/><\/p>\n<p>Bitva o Soledar byla mimo\u0159\u00e1dn\u011b krvav\u00e1:\u00a0<a href=\"https:\/\/t.me\/vysokygovorit\/10486\">Dal\u0161\u00ed fotky zabit\u00fdch Ukrajinc\u016f zde.<\/a>\u00a0 Na\u00a0<a href=\"https:\/\/t.me\/vysokygovorit\/10465\">tomto videu<\/a>\u00a0\u2013 uvid\u00edte nejnov\u011bj\u0161\u00ed rusk\u00fd tank T-90M Proryv, kter\u00fd dostal v produkci p\u0159ednost p\u0159ed T-14 Armata. Rusk\u00e9 jednotky vybaven\u00e9 T-90M Proryv poprv\u00e9 dorazily na frontu p\u0159ed p\u00e1r dny, a to v jeho nejv\u00fdchodn\u011bj\u0161\u00ed \u010d\u00e1sti Svatovo-Kremennaja. Na videu je zachycena \u00fasp\u011b\u0161n\u00e1 obrana T-90M proti raket\u00e1m NATO. T-90M m\u00e1 automatickou obranu proti raket\u00e1m, a jakmile je oz\u00e1\u0159en nav\u00e1d\u011bc\u00edm laserem, a nebo se k n\u011bmu p\u0159ibli\u017euje v\u00fdrazn\u00fd tepeln\u00fd bod, spust\u00ed se automatick\u00e1 obrann\u00e1 sekvence, kter\u00e9 zne\u0161kodn\u00ed p\u0159il\u00e9taj\u00edc\u00ed raketu.\u00a0<a href=\"https:\/\/t.me\/vysokygovorit\/10473\">T-90M p\u0159ed t\u00edm palbou zni\u010dil cel\u00e9 ukrajinsk\u00fd obrann\u00e9 postaven\u00ed<\/a>.\u00a0<a href=\"https:\/\/topcor.ru\/30913-ukrainskie-voennye-zhalujutsja-na-rossijskie-tanki-t-90-proryv.html?yrwinfo=1673484207487357-9613048900227044475-sas3-0670-75f-sas-l7-balancer-8080-BAL-7889\">Smrt\u00edc\u00ed \u00fa\u010dinnost nov\u00e9 rusk\u00e9 zbran\u011b u\u017e potvrdil i zn\u00e1m\u00fd rusk\u00fd analytik Podoljak<\/a>.<\/p>\n<p>P\u0159\u00edchod nov\u00fdch rusk\u00fdch jednotek do oblasti Svatovo\u00a0<a href=\"https:\/\/topwar.ru\/208527-kievskij-stavlennik-gajdaj-na-luganskom-napravlenii-vs-rf-sosredotochili-30-tysjachnuju-gruppirovku.html\">potvrdil i tzv. ukrajinsk\u00fd spr\u00e1vce \u00fazem\u00ed Luhanska obsazen\u00e9ho rusk\u00fdmi rebely\u00a0\u00a0<\/a><span class=\"mw-page-title-main\">Serhiy Haidai.\u00a0<a href=\"https:\/\/topwar.ru\/208527-kievskij-stavlennik-gajdaj-na-luganskom-napravlenii-vs-rf-sosredotochili-30-tysjachnuju-gruppirovku.html\">Ten na FB p\u0159iznal<\/a>\u00a0posilov\u00e1n\u00ed rusk\u00fdch tankov\u00fdch jednotek v oblasti Svatovo-Kremennaja, a v televizi dokonce p\u0159iznal, \u017ee se k ofenz\u00edv\u011b v t\u00e9to oblasti chyst\u00e1 a\u017e 35 000 nov\u00fdch rusk\u00fdch voj\u00e1k\u016f vybaven\u00fdch nov\u00fdmi tanky.<\/span><\/p>\n<p>N\u00e1r\u016fst rusk\u00fdch sil v oblasti Svatovo-Kremennaja, zejm\u00e9na v\u00fdskyt nov\u00fdch tank\u016f s protiraketovou obranou, je logick\u00fd. Ofenz\u00edva z dobyt\u00e9ho Soledaru sm\u011brem na Slavjansk pot\u0159ebuje svoji severn\u00ed v\u011btev. Z\u0159ejm\u011b proto v oblasti na v\u00fdchod od \u0159eky Severn\u00ed Don\u011bc, (Soledar je z\u00e1padn\u011b od \u0159eky), Svatovo-Kremennaja, soust\u0159e\u010fuj\u00ed Rusov\u00e9 dal\u0161\u00ed s\u00edly. Jejich \u00fatok bude sm\u011b\u0159ovat k obnoven\u00ed p\u016fvodn\u00edch postaven\u00ed Rusk\u00e9 arm\u00e1dy z l\u00e9ta 22 p\u0159ed Charkovem. Vzhledem k o\u010dek\u00e1van\u00e9mu postupu ji\u017en\u00edch Prigo\u017einov\u00fdch kle\u0161t\u00ed na Slavjansk, se stane, co jsme u\u017e v l\u00e9t\u011b p\u0159edpov\u00eddali. Ukrajinci budou muset sami vyklidit letn\u00ed ofenz\u00edvou dobyt\u00e9 \u00fazem\u00ed u Charkova, proto\u017ee jeho obrana je logisticky nemo\u017en\u00e1 bez ovl\u00e1d\u00e1n\u00ed m\u011bst Soledar a Bachmut.<\/p>\n<p>Rusov\u00e9, ale budou \u010delit i t\u011b\u017ekostem.\u00a0<a href=\"https:\/\/topwar.ru\/208473-pakistan-planiruet-napravit-ukraine-bolshoe-kolichestvo-boepripasov-vkljuchaja-artillerijskie-snarjady-kalibra-155-mm.html\">P\u00e1kist\u00e1n se rozhodl vyhov\u011bt n\u00e1tlaku USA<\/a>, a za\u010dal dod\u00e1vat Ukrajin\u011b n\u00e1boje 155mm a 122mm, kter\u00fdch m\u00e1 z\u00e1soby, a kter\u00e9 je schopen v dostate\u010dn\u00e9 m\u00ed\u0159e vyr\u00e1b\u011bt. P\u00e1kist\u00e1n je tak jedna z prvn\u00edch zem\u00ed, kter\u00e1 se odklonila od spolupr\u00e1ce s Ruskem zp\u011bt k Z\u00e1padu. Je to d\u016fle\u017eit\u00fd politick\u00fd mezn\u00edk, proto\u017ee \u010d\u00edm v\u00edce bude P\u00e1kist\u00e1n proz\u00e1padn\u00ed, t\u00edm v\u00edce bude Indie prorusk\u00e1. Obdobn\u00e9 posuny nastanou sm\u011brem k Rusku i v S\u00fdrii, Ir\u00e1nu, \u00c1zerb\u00e1jd\u017e\u00e1nu a Turecku. P\u00e1kist\u00e1n se tak stal\u00a0<a href=\"https:\/\/topwar.ru\/208521-ukroboronprom-razvernul-serijnoe-proizvodstvo-novoj-minometnoj-miny-kalibra-82-mm-na-territorii-odnoj-iz-stran-nato.html\">vedle \u010ceska dal\u0161\u00ed zbrojn\u00ed tov\u00e1rnou Ukrajiny<\/a>. Z P\u00e1kist\u00e1nu transportuj\u00ed n\u00e1boje britsk\u00e1 letadla. Z \u010ceska se odv\u00e1\u017e\u00ed po zemi nejsp\u00ed\u0161 do Polska. \u010cesko se tak vr\u00e1tilo ke sv\u00e9 star\u00e9 roli \u0159\u00ed\u0161sk\u00e9 zbrojn\u00ed kov\u00e1rny, kterou hr\u00e1lo za druh\u00e9 sv\u011btov\u00e9 v\u00e1lky. N\u00e1m nezb\u00fdv\u00e1 ne\u017e doufat,\u00a0<a href=\"https:\/\/cs.wikipedia.org\/wiki\/Leteck%C3%BD_%C3%BAtok_na_Plze%C5%88_25._dubna_1945\">\u017ee Rusov\u00e9 nebudou jako Ameri\u010dan\u00e9 a Britov\u00e9 \u010dasem tyto na\u0161e \u0159\u00ed\u0161sk\u00e9 kov\u00e1rny bombardovat<\/a>. U\u017e za druh\u00e9 sv\u011btov\u00e9 v\u00e1lky zp\u016fsobilo bombardov\u00e1n\u00ed Plzn\u011b 25. dubna 1945! mnoho ne\u0161t\u011bst\u00ed a prom\u011bnilo 70% tehdej\u0161\u00ed \u0160kodovky v ruiny, ale dnes by byly n\u00e1sledky mnohem hor\u0161\u00ed. Tak dr\u017eme m\u00edru palce!<\/p>\n<p><a href=\"https:\/\/www.michalapetr.com\/map-1566-smutek-v-nato-rusove-za-14-dni-rozprasili-elitni-mesice-cvicene-a-po-zuby-ozbrojene-posily-ukrajine\/\">Michael Svato\u0161<\/a><\/p>\n<p>&nbsp;<\/p>\n<p><img decoding=\"async\" loading=\"lazy\" class=\"wp-image-19187 aligncenter\" src=\"http:\/\/www.infokuryr.cz\/n\/wp-content\/uploads\/2022\/12\/1-PRO-300x36.jpg\" alt=\"\" width=\"1250\" height=\"150\" srcset=\"https:\/\/www.infokuryr.cz\/n\/wp-content\/uploads\/2022\/12\/1-PRO-300x36.jpg 300w, https:\/\/www.infokuryr.cz\/n\/wp-content\/uploads\/2022\/12\/1-PRO.jpg 699w\" sizes=\"(max-width: 1250px) 100vw, 1250px\" \/><\/p>\n<p>&nbsp;<\/p>\n<p>&nbsp;<\/p>\n","protected":false},"excerpt":{"rendered":"<p>Na Ukrajin\u011b do\u0161lo v\u010dera 11.ledna\u00a0 pozd\u011b ve\u010der k dramatick\u00e9 zm\u011bn\u011b situace,\u00a0o kter\u00e9 rad\u011bji m\u00e9dia neinformuj\u00ed&#8230;.<\/p>\n","protected":false},"author":2,"featured_media":20339,"comment_status":"closed","ping_status":"closed","sticky":false,"template":"","format":"standard","meta":[],"categories":[6],"tags":[1042,39,26],"_links":{"self":[{"href":"https:\/\/www.infokuryr.cz\/n\/wp-json\/wp\/v2\/posts\/21083"}],"collection":[{"href":"https:\/\/www.infokuryr.cz\/n\/wp-json\/wp\/v2\/posts"}],"about":[{"href":"https:\/\/www.infokuryr.cz\/n\/wp-json\/wp\/v2\/types\/post"}],"author":[{"embeddable":true,"href":"https:\/\/www.infokuryr.cz\/n\/wp-json\/wp\/v2\/users\/2"}],"replies":[{"embeddable":true,"href":"https:\/\/www.infokuryr.cz\/n\/wp-json\/wp\/v2\/comments?post=21083"}],"version-history":[{"count":0,"href":"https:\/\/www.infokuryr.cz\/n\/wp-json\/wp\/v2\/posts\/21083\/revisions"}],"wp:featuredmedia":[{"embeddable":true,"href":"https:\/\/www.infokuryr.cz\/n\/wp-json\/wp\/v2\/media\/20339"}],"wp:attachment":[{"href":"https:\/\/www.infokuryr.cz\/n\/wp-json\/wp\/v2\/media?parent=21083"}],"wp:term":[{"taxonomy":"category","embeddable":true,"href":"https:\/\/www.infokuryr.cz\/n\/wp-json\/wp\/v2\/categories?post=21083"},{"taxonomy":"post_tag","embeddable":true,"href":"https:\/\/www.infokuryr.cz\/n\/wp-json\/wp\/v2\/tags?post=21083"}],"curies":[{"name":"wp","href":"https:\/\/api.w.org\/{rel}","templated":true}]}}