{"id":21066,"date":"2023-01-12T01:04:15","date_gmt":"2023-01-12T00:04:15","guid":{"rendered":"http:\/\/www.infokuryr.cz\/n\/?p=21066"},"modified":"2023-01-11T15:45:48","modified_gmt":"2023-01-11T14:45:48","slug":"ivan-david-babis-je-zdatny-obchodnik-proda-vas-se-ziskem","status":"publish","type":"post","link":"https:\/\/www.infokuryr.cz\/n\/2023\/01\/12\/ivan-david-babis-je-zdatny-obchodnik-proda-vas-se-ziskem\/","title":{"rendered":"Ivan David: Babi\u0161 je zdatn\u00fd obchodn\u00edk, prod\u00e1 v\u00e1s se ziskem"},"content":{"rendered":"<div id=\"fb-root\"><\/div>\n<p><strong>Andrej Babi\u0161 je celo\u017eivotn\u011b \u00fasp\u011b\u0161n\u00fd, proto\u017ee bezvadn\u011b ovl\u00e1d\u00e1 sv\u016fj obor: n\u00e1kup \u2013 prodej. V\u00a0tom je opravdu dobr\u00fd.\u00a0Dovede obchodovat s\u00a0mnoha komoditami. V\u00a0posledn\u00edm desetilet\u00ed roz\u0161\u00ed\u0159il obchod o\u00a0politickou moc, medi\u00e1ln\u00ed vliv, iluze dav\u016f, jejich nad\u011bje a\u00a0strach.\u00a0Hlavn\u00edm beneficientem jeho podnik\u00e1n\u00ed je ale v\u017edy Andrej Babi\u0161.<\/strong><\/p>\n<p>S\u00a0t\u00edm, jak ob\u010dan\u00e9 ztr\u00e1cej\u00ed p\u016fdu pod nohama a\u00a0c\u00edt\u00ed zhoubn\u00fd vliv prosazov\u00e1n\u00ed ciz\u00edch z\u00e1jm\u016f, nau\u010dil se Andrej Babi\u0161 obchodovat s\u00a0vlastenectv\u00edm. A\u00a0tak\u00e9 s\u00a0demokraci\u00ed a\u00a0lidsk\u00fdmi pr\u00e1vy. Vym\u011bn\u00ed je za sv\u016fj politick\u00fd vliv a\u00a0ten zpen\u011b\u017e\u00ed ve sv\u00e9m podnik\u00e1n\u00ed.<\/p>\n<p>Proto\u017ee je zraniteln\u00fd stejn\u011b jako jeho byznys, je vyd\u00edrateln\u00fd a\u00a0mus\u00ed vyd\u011bra\u010d\u016fm platit za ochranu. Pen\u00edze u\u0161et\u0159\u00ed, plat\u00ed politick\u00fdm vlivem, nab\u00eddne spolupr\u00e1ci, odstran\u011bn\u00ed p\u0159ek\u00e1\u017eek a\u00a0lid\u00ed z\u00a0jejich k\u0159esel.<\/p>\n<p>Aby nejen p\u0159e\u017eil, ale i\u00a0vynikl, musel pou\u017e\u00edvat v\u00a0ka\u017ed\u00e9m re\u017eimu vhodn\u00e9 mimikry. Budov\u00e1n\u00ed socialismu mu bylo lhostejn\u00e9, ale aby mohl budovat vlastn\u00ed blahobyt, vstoupil do KS\u010c a\u00a0podepsal, co bylo po\u017eadov\u00e1no. Aby vyu\u017eil p\u0159\u00edle\u017eitost\u00ed po\u00a0p\u00e1du moci KS\u010c, ze strany zase vystoupil, zmocnil se podnik\u016f, koupil m\u00e9dia a\u00a0nakonec politiky do vlastn\u00ed strany, aby mohl obchodovat s\u00a0iluzemi voli\u010d\u016f a\u00a0jejich nad\u011bjemi, \u017ee \u201ebude l\u00edp\u201c, proto\u017ee \u201enen\u00ed politik, mak\u00e1\u201c. Koupil si d\u016fchodce citeln\u00fdm zv\u00fd\u0161en\u00edm d\u016fchod\u016f ze spole\u010dn\u00fdch pen\u011bz, zat\u00edmco \u010cSSD je pon\u00ed\u017eila \u201enav\u00fd\u0161en\u00edm\u201c o\u00a057.- K\u010d m\u011bs\u00ed\u010dn\u011b.<\/p>\n<p>V\u00a0\u010cesk\u00e9 republice se tv\u00e1\u0159\u00ed jako vlastenec, ale mocn\u00e9 v\u00a0Bruselu, Berl\u00edn\u011b a\u00a0Washingtonu nezarmout\u00ed a\u00a0nena\u0161tve, \u017ee by neslou\u017eil podle jejich o\u010dek\u00e1v\u00e1n\u00ed. Jeho lid\u00e9 v\u00a0Evropsk\u00e9m parlamentu v\u00a0\u010dele s\u00a0m\u00edstop\u0159edsedkyn\u00ed Ditou Charanzovou podporuj\u00ed v\u0161echny perverzn\u00ed projekty jako je Green deal, podpora isl\u00e1msk\u00e9 imigrace a\u00a0v\u00e1lky na Ukrajin\u011b do posledn\u00edho Ukrajince, atd. Babi\u0161em nominovan\u00e1 komisa\u0159ka Evropsk\u00e9 komise pro \u201eevropsk\u00e9 hodnoty\u201c V\u011bra Jourov\u00e1 prosazuje zaveden\u00ed cenzury pod z\u00e1minkou boje proti \u201cdezinformac\u00edm\u201c a\u00a0\u201eomezen\u00ed politick\u00e9 reklamy\u201c a\u017e k\u00a0z\u00e1kazu politick\u00fdch stran, kter\u00e9 nevyjad\u0159uj\u00ed \u201eevropsk\u00e9 hodnoty\u201c.<\/p>\n<p>Nyn\u00ed n\u00e1s m\u00e1 Andrej Babi\u0161 oslinit sv\u00fdm setk\u00e1n\u00edm s\u00a0francouzsk\u00fdm prezidentem. O\u00a0sou\u010dasn\u00fdch statis\u00edcov\u00fdch demonstrac\u00edch proti Macronovi, nominantu velk\u00fdch bank a\u00a0nadn\u00e1rodn\u00edch korporac\u00ed se v\u00a0\u010cR nep\u00ed\u0161e. Je to n\u00e1v\u0161t\u011bva \u0161\u00e9fa. Macronova strana je hlavn\u00ed silou europarlamentn\u00ed frakce Renew, sou\u010d\u00e1sti \u201evl\u00e1dnouc\u00ed koalice\u201c v\u00a0EP, v\u00a0n\u00ed\u017e p\u016fsob\u00ed europoslanci hnut\u00ed ANO. V\u00a0t\u00e9to koalici frakc\u00ed, v\u00a0n\u00ed\u017e jsou i\u00a0europoslanci KDU-\u010cSL, TOP09, StaN a\u00a0\u010cSSD jsou podporov\u00e1ny zhoubn\u00e9 projekty. Zelen\u00ed v\u010detn\u011b Pir\u00e1t\u016f pom\u00e1haj\u00ed.<\/p>\n<p>Takovou opozic\u00ed je Babi\u0161ovo hnut\u00ed ANO.<\/p>\n<p>Ob\u010dan\u00e9 \u010cR budou str\u00e1dat za jeho loaj\u00e1ln\u00ed spolupr\u00e1ce se sou\u010dasnou zlo\u010dinnou\u00a0vl\u00e1dou, ale podnik\u00e1n\u00ed Andreje Babi\u0161e d\u00e1l pokvete.<\/p>\n<p><a href=\"https:\/\/www.novarepublika.online\/2023\/01\/babis-je-zdatny-obchodnik-proda-vas-se-ziskem\">MUDr. Ivan David, CSc.<\/a><\/p>\n<p>&nbsp;<\/p>\n<p><img decoding=\"async\" loading=\"lazy\" class=\"wp-image-19187 aligncenter\" src=\"http:\/\/www.infokuryr.cz\/n\/wp-content\/uploads\/2022\/12\/1-PRO-300x36.jpg\" alt=\"\" width=\"1275\" height=\"153\" srcset=\"https:\/\/www.infokuryr.cz\/n\/wp-content\/uploads\/2022\/12\/1-PRO-300x36.jpg 300w, https:\/\/www.infokuryr.cz\/n\/wp-content\/uploads\/2022\/12\/1-PRO.jpg 699w\" sizes=\"(max-width: 1275px) 100vw, 1275px\" \/><\/p>\n<p>&nbsp;<\/p>\n","protected":false},"excerpt":{"rendered":"<p>Andrej Babi\u0161 je celo\u017eivotn\u011b \u00fasp\u011b\u0161n\u00fd, proto\u017ee bezvadn\u011b ovl\u00e1d\u00e1 sv\u016fj obor: n\u00e1kup \u2013 prodej. V\u00a0tom je&#8230;<\/p>\n","protected":false},"author":2,"featured_media":4380,"comment_status":"closed","ping_status":"closed","sticky":false,"template":"","format":"standard","meta":[],"categories":[6],"tags":[595,159,3981],"_links":{"self":[{"href":"https:\/\/www.infokuryr.cz\/n\/wp-json\/wp\/v2\/posts\/21066"}],"collection":[{"href":"https:\/\/www.infokuryr.cz\/n\/wp-json\/wp\/v2\/posts"}],"about":[{"href":"https:\/\/www.infokuryr.cz\/n\/wp-json\/wp\/v2\/types\/post"}],"author":[{"embeddable":true,"href":"https:\/\/www.infokuryr.cz\/n\/wp-json\/wp\/v2\/users\/2"}],"replies":[{"embeddable":true,"href":"https:\/\/www.infokuryr.cz\/n\/wp-json\/wp\/v2\/comments?post=21066"}],"version-history":[{"count":1,"href":"https:\/\/www.infokuryr.cz\/n\/wp-json\/wp\/v2\/posts\/21066\/revisions"}],"predecessor-version":[{"id":21067,"href":"https:\/\/www.infokuryr.cz\/n\/wp-json\/wp\/v2\/posts\/21066\/revisions\/21067"}],"wp:featuredmedia":[{"embeddable":true,"href":"https:\/\/www.infokuryr.cz\/n\/wp-json\/wp\/v2\/media\/4380"}],"wp:attachment":[{"href":"https:\/\/www.infokuryr.cz\/n\/wp-json\/wp\/v2\/media?parent=21066"}],"wp:term":[{"taxonomy":"category","embeddable":true,"href":"https:\/\/www.infokuryr.cz\/n\/wp-json\/wp\/v2\/categories?post=21066"},{"taxonomy":"post_tag","embeddable":true,"href":"https:\/\/www.infokuryr.cz\/n\/wp-json\/wp\/v2\/tags?post=21066"}],"curies":[{"name":"wp","href":"https:\/\/api.w.org\/{rel}","templated":true}]}}