{"id":21063,"date":"2023-01-12T01:03:15","date_gmt":"2023-01-12T00:03:15","guid":{"rendered":"http:\/\/www.infokuryr.cz\/n\/?p=21063"},"modified":"2023-01-11T15:41:26","modified_gmt":"2023-01-11T14:41:26","slug":"jan-zizka-general-petr-pavel-predstavuje-vse-co-jsme-v-listopadu-odmitali","status":"publish","type":"post","link":"https:\/\/www.infokuryr.cz\/n\/2023\/01\/12\/jan-zizka-general-petr-pavel-predstavuje-vse-co-jsme-v-listopadu-odmitali\/","title":{"rendered":"Jan \u017di\u017eka: Gener\u00e1l Petr Pavel p\u0159edstavuje v\u0161e, co jsme v listopadu odm\u00edtali"},"content":{"rendered":"<div id=\"fb-root\"><\/div>\n<p><a href=\"https:\/\/www.generalpavel.cz\/\">Gener\u00e1l Pavel<\/a>\u00a0(alias P\u00e1vek) se v\u00a0roce 89 pr\u00e1v\u011b \u0161kolil na rozv\u011bd\u010d\u00edka. Nebyl to oby\u010dejn\u00fd voj\u00e1k \u2013 byl nejprov\u011b\u0159en\u011bj\u0161\u00ed z\u00a0prov\u011b\u0159en\u00fdch, nebo\u0165 jen takov\u00ed mohli b\u00fdt p\u0159ipravov\u00e1ni na diverzn\u00ed akce proti z\u00e1padn\u00edm imperialist\u016fm.<\/p>\n<p>U\u017e jeho \u0161koln\u00ed kariera (dle jeho tehdej\u0161\u00edho spolu\u017e\u00e1ka) byla nestandardn\u00ed. V\u00a0jeho \u017eivotopise jsou rozpory a\u00a0b\u00fdval\u00fd gener\u00e1ln\u00ed prokur\u00e1tor\u00a0<a href=\"https:\/\/www.youtube.com\/watch?v=jFUA8O9FeNo\">plk. Dr. K\u0159\u00ed\u017eeneck\u00fd<\/a>\u00a0velmi podrobn\u011b a\u00a0d\u016fv\u011bryhodn\u011b vysv\u011btlil, \u017ee Pavel pracoval pod dohledem sov\u011btsk\u00e9 zpravodajsk\u00e9 slu\u017eby a\u017e do devades\u00e1t\u00fdch let. To potvrdil i\u00a0gen. Zachari\u00e1\u0161.<\/p>\n<figure id=\"attachment_161149\" class=\"wp-caption aligncenter\" style=\"width: 480px;\" aria-describedby=\"caption-attachment-161149\"><img decoding=\"async\" loading=\"lazy\" class=\"wp-image-161149\" src=\"https:\/\/www.novarepublika.online\/wp-content\/uploads\/2023\/01\/Fiala-a-Pavel.jpg\" alt=\"\" width=\"480\" height=\"309\" \/><figcaption id=\"caption-attachment-161149\" class=\"wp-caption-text\"><em>Petr Pavel je prezidentsk\u00fd kandid\u00e1t Fialovy vl\u00e1dy. Ta n\u00e1s vede do b\u00eddy, vysok\u00e9 nezam\u011bstnanosti a\u00a0do v\u00e1lky s\u00a0jadernou velmoc\u00ed.<\/em><\/figcaption><\/figure>\n<p>Jako u\u017eivatel konspira\u010dn\u00edho bytu v\u00a0Praze pracoval do roku 89\u201c i\u00a0pozd\u011bji pod fale\u0161n\u00fdm jm\u00e9nem jako rozv\u011bd\u010d\u00edk. Jako voj\u00e1k p\u0159\u00edsahal na svou \u201e\u010dest\u201c a\u00a0\u201esv\u011bdom\u00ed\u201c v\u011brnost tehdej\u0161\u00ed \u010ceskoslovensk\u00e9 arm\u00e1d\u011b. To mu ale o\u010dividn\u011b nijak nevadilo p\u00e1r let na to p\u0159\u00edsahat op\u011bt na svou \u201e\u010dest\u201c v\u011brnost zase \u00fapln\u011b jin\u00e9 arm\u00e1d\u011b, co\u017e je jist\u011b to vynikaj\u00edc\u00ed d\u016fkaz pevn\u00e9ho charakteru, kter\u00e9ho je do prezidentsk\u00e9 funkce tolik zapot\u0159eb\u00ed.<\/p>\n<p>Je smutnou realitou, \u017ee n\u011bkdo takov\u00fd se dnes uch\u00e1z\u00ed o\u00a0funkci prezidenta. Je ale je\u0161t\u011b hor\u0161\u00ed, \u017ee se t\u011b\u0161\u00ed zna\u010dn\u00e9 podpo\u0159e. Nesm\u00edme v\u0161ak zapom\u00ednat, \u017ee gener\u00e1l Pavel je kandid\u00e1tem jak na\u0161ich zahrani\u010dn\u00edch vl\u00e1dc\u016f, tak na\u0161\u00ed televize, kter\u00e1 m\u016f\u017ee m\u00edt sv\u00fdm nestandardn\u00edm zp\u016fsobem sv\u00e9ho \u201ezpravodajstv\u00ed\u201c posledn\u00ed slovo (a\u00a0nebylo by to poprv\u00e9).\u00a0<a href=\"https:\/\/ct24.ceskatelevize.cz\/domaci\/3556310-prezidentsti-kandidati-se-vecer-stretnou-v-superdebate-ct\">Sobotn\u00ed debata na \u010cT<\/a>\u00a0to tak\u00e9 pln\u011b prok\u00e1zala. Pokud bude Pavel zvolen, jsem si jist\u00fd, \u017ee se brzy do\u010dk\u00e1me vojensk\u00e9 americk\u00e9 z\u00e1kladny a\u00a0jin\u00fdch \u201evymo\u017eenost\u00ed\u201c, kter\u00e9 definitivn\u011b vyma\u017eou zbytek na\u0161\u00ed samostatnosti.<\/p>\n<p><img decoding=\"async\" loading=\"lazy\" class=\"wp-image-161150 aligncenter\" src=\"https:\/\/www.novarepublika.online\/wp-content\/uploads\/2023\/01\/P-P-lze_konspiracne_byt-300x169.jpg\" sizes=\"(max-width: 586px) 100vw, 586px\" srcset=\"https:\/\/www.novarepublika.online\/wp-content\/uploads\/2023\/01\/P-P-lze_konspiracne_byt-300x169.jpg 300w, https:\/\/www.novarepublika.online\/wp-content\/uploads\/2023\/01\/P-P-lze_konspiracne_byt-1024x576.jpg 1024w, https:\/\/www.novarepublika.online\/wp-content\/uploads\/2023\/01\/P-P-lze_konspiracne_byt-768x432.jpg 768w, https:\/\/www.novarepublika.online\/wp-content\/uploads\/2023\/01\/P-P-lze_konspiracne_byt.jpg 1280w\" alt=\"\" width=\"567\" height=\"319\" \/><\/p>\n<p>Petr Pavel slou\u017eil u\u00a0v\u00fdsadk\u00e1\u0159\u016f, nev\u00edm, zda se on nebo jeho spolubojovn\u00edci \u00fa\u010dastnili z\u00e1sahu na N\u00e1rodn\u00ed t\u0159\u00edd\u011b, ale vzpom\u00edn\u00e1m si, \u017ee to byli pr\u00e1v\u011b neidentifikovan\u00ed v\u00fdsadk\u00e1\u0159i, kte\u0159\u00ed zp\u016fsobili nejv\u011bt\u0161\u00ed \u0159e\u017e.<\/p>\n<p>Svoji pr\u00e1ci odv\u00e1d\u011bli s\u00a0nasazen\u00edm a\u00a0nad\u0161en\u00edm, byl jsem toho o\u010dit\u00fdm sv\u011bdkem.<\/p>\n<p>To je ale minulost, je p\u011bkn\u00e9, \u017ee po\u00a0\u201ena\u0161\u00ed sametov\u00e9 revoluci\u201c bude mo\u017en\u00e1 na\u0161i demokracii hl\u00eddat se v\u0161\u00ed rozhodnost\u00ed komunistick\u00fd rozv\u011bd\u010d\u00edk. Tak hodn\u011b \u0161t\u011bst\u00ed.<\/p>\n<p><em>Autor:<strong>\u00a0<span class=\"author\"><a href=\"https:\/\/outsidermedia.cz\/clanky-autora\/jan-zizka\/\" rel=\"tag\">Jan \u017di\u017eka<\/a><\/span><\/strong><span class=\"datum\">, zdroj\u00a0<a href=\"https:\/\/outsidermedia.cz\/general-petr-pavel-predstavuje-vse-co-jsme-v-listopadu-odmitali\/\"><strong>Outsidermedia<\/strong><\/a><\/span><\/em><\/p>\n<p>&nbsp;<\/p>\n<p><img decoding=\"async\" loading=\"lazy\" class=\"wp-image-19187 aligncenter\" src=\"http:\/\/www.infokuryr.cz\/n\/wp-content\/uploads\/2022\/12\/1-PRO-300x36.jpg\" alt=\"\" width=\"1292\" height=\"155\" srcset=\"https:\/\/www.infokuryr.cz\/n\/wp-content\/uploads\/2022\/12\/1-PRO-300x36.jpg 300w, https:\/\/www.infokuryr.cz\/n\/wp-content\/uploads\/2022\/12\/1-PRO.jpg 699w\" sizes=\"(max-width: 1292px) 100vw, 1292px\" \/><\/p>\n<p>&nbsp;<\/p>\n","protected":false},"excerpt":{"rendered":"<p>Gener\u00e1l Pavel\u00a0(alias P\u00e1vek) se v\u00a0roce 89 pr\u00e1v\u011b \u0161kolil na rozv\u011bd\u010d\u00edka. Nebyl to oby\u010dejn\u00fd voj\u00e1k \u2013&#8230;<\/p>\n","protected":false},"author":2,"featured_media":21064,"comment_status":"closed","ping_status":"closed","sticky":false,"template":"","format":"standard","meta":[],"categories":[6],"tags":[562,1110,2712,1173,48,27],"_links":{"self":[{"href":"https:\/\/www.infokuryr.cz\/n\/wp-json\/wp\/v2\/posts\/21063"}],"collection":[{"href":"https:\/\/www.infokuryr.cz\/n\/wp-json\/wp\/v2\/posts"}],"about":[{"href":"https:\/\/www.infokuryr.cz\/n\/wp-json\/wp\/v2\/types\/post"}],"author":[{"embeddable":true,"href":"https:\/\/www.infokuryr.cz\/n\/wp-json\/wp\/v2\/users\/2"}],"replies":[{"embeddable":true,"href":"https:\/\/www.infokuryr.cz\/n\/wp-json\/wp\/v2\/comments?post=21063"}],"version-history":[{"count":1,"href":"https:\/\/www.infokuryr.cz\/n\/wp-json\/wp\/v2\/posts\/21063\/revisions"}],"predecessor-version":[{"id":21065,"href":"https:\/\/www.infokuryr.cz\/n\/wp-json\/wp\/v2\/posts\/21063\/revisions\/21065"}],"wp:featuredmedia":[{"embeddable":true,"href":"https:\/\/www.infokuryr.cz\/n\/wp-json\/wp\/v2\/media\/21064"}],"wp:attachment":[{"href":"https:\/\/www.infokuryr.cz\/n\/wp-json\/wp\/v2\/media?parent=21063"}],"wp:term":[{"taxonomy":"category","embeddable":true,"href":"https:\/\/www.infokuryr.cz\/n\/wp-json\/wp\/v2\/categories?post=21063"},{"taxonomy":"post_tag","embeddable":true,"href":"https:\/\/www.infokuryr.cz\/n\/wp-json\/wp\/v2\/tags?post=21063"}],"curies":[{"name":"wp","href":"https:\/\/api.w.org\/{rel}","templated":true}]}}