{"id":21039,"date":"2023-01-11T07:52:17","date_gmt":"2023-01-11T06:52:17","guid":{"rendered":"http:\/\/www.infokuryr.cz\/n\/?p=21039"},"modified":"2023-01-11T07:52:17","modified_gmt":"2023-01-11T06:52:17","slug":"rusko-jasa-zase-ten-wagner-washington-se-ho-uz-boji-vic-nez-putina-priznala-cia","status":"publish","type":"post","link":"https:\/\/www.infokuryr.cz\/n\/2023\/01\/11\/rusko-jasa-zase-ten-wagner-washington-se-ho-uz-boji-vic-nez-putina-priznala-cia\/","title":{"rendered":"Rusko j\u00e1s\u00e1! Zase ten W\u00e1gner! Washington se ho u\u017e boj\u00ed v\u00edc ne\u017e Putina, p\u0159iznala CIA!"},"content":{"rendered":"<div id=\"fb-root\"><\/div>\n<p>Perli\u010dka na za\u010d\u00e1tek. Fialov\u00e1 vl\u00e1da \u010ceska najala na kontrolu pravosti podpis\u016f \u010desk\u00fdch ob\u010dan\u016f na podpisov\u00fdch ar\u0161\u00edch kandid\u00e1t\u016f na prezidenta \u010ceska firmu vlastn\u011bnou z USA, kter\u00e1 m\u00e1 pot\u00ed\u017ee s dodr\u017eov\u00e1n\u00edm \u010desk\u00fdch z\u00e1kon\u016f! Jak vypl\u00fdv\u00e1 i z t\u00e9to smlouvy ministerstva vnitra (<a href=\"https:\/\/www.michalapetr.com\/wp-content\/uploads\/2023\/01\/objednavka-voleb.pdf\">objednavka voleb<\/a>)\u00a0<a href=\"https:\/\/aeronet.news\/exkluzivne-investigace-aeronetu-odhalila-ze-scitaci-archy-petentu-prezidentskych-kandidatu-v-cr-overuje-firma-s-nepruhlednou-vlastnickou-strukturou-vedouci-do-danoveho-raje-na-kajmanskych-ostrovech\/\">byla za leto\u0161n\u00ed kontrolu pravosti 50 000 podpis\u016f prezidentsk\u00fdch kandid\u00e1t\u016f zodpov\u011bdn\u00e1 firma HEWLETT \u2013 PACKARD s.r.o.<\/a>, kter\u00e1 je vlastn\u011bn\u00e1 p\u0159es r\u016fzn\u00e9 schr\u00e1nky koncov\u00fdm vlastn\u00edkem z USA (viz str 12:\u00a0<a href=\"https:\/\/www.michalapetr.com\/wp-content\/uploads\/2023\/01\/vyrocni-zprava-2019-hpe.pdf\">vyrocni zprava 2019 hpe<\/a>). A p\u0159itom tato firma m\u00e1 pot\u00ed\u017ee dodr\u017eovat platn\u00e9 z\u00e1kony \u010cesk\u00e9 republiky. Z\u00e1kon o \u00fa\u010detnictv\u00ed na\u0159izuje<a href=\"https:\/\/www.e-cons.cz\/post\/povinnost-zverejneni-uz-a-sankce-za-poruseni\">, \u017ee firma mus\u00ed, zve\u0159ej\u0148ovat sv\u00e9 \u00fa\u010detnictv\u00ed ve ve\u0159ejn\u00e9m soudn\u00edm rejst\u0159\u00edku, jinak mus\u00ed b\u00fdt pokutov\u00e1na, a v p\u0159\u00edpad\u011b nutnosti i vymaz\u00e1na<\/a>. Firma HEWLETT \u2013 PACKARD s.r.o., kter\u00e1 podle v\u00fd\u0161e zve\u0159ejn\u011bn\u00e9 smlouvy z\u0159ejm\u011b kontrolovala pravost hlas\u016f prezidentsk\u00fdch kandid\u00e1t\u016f,\u00a0<a href=\"https:\/\/or.justice.cz\/ias\/ui\/vypis-sl-firma?subjektId=426493\">nem\u00e1 dosud zve\u0159ejn\u011bn\u00e9 \u00fa\u010detnictv\u00ed za rok 2021<\/a>, a \u010cesk\u00e9 ministerstvo vnitra m\u00edsto toho, aby po\u017eadovalo, aby firma striktn\u011b dodr\u017eovala \u010desk\u00e9 z\u00e1kony, kdy\u017e kontroluje \u010desk\u00e9 ob\u010dany p\u0159i v\u00fdkonu jejich volebn\u00edho pr\u00e1va, j\u00ed m\u00edsto toho\u00a0<a href=\"http:\/\/aeronet.news\/exkluzivne-investigace-aeronetu-odhalila-ze-scitaci-archy-petentu-prezidentskych-kandidatu-v-cr-overuje-firma-s-nepruhlednou-vlastnickou-strukturou-vedouci-do-danoveho-raje-na-kajmanskych-ostrovech\/\">sv\u011b\u0159ilo kontrolu nad pravost\u00ed podpis\u016f \u010desk\u00fdch ob\u010dan\u016f u \u010desk\u00fdch prezidentsk\u00fdch kandid\u00e1t\u016f<\/a>. Nelze se potom divit, \u017ee proveden\u00e1 kontrola, a zejm\u00e9na jej\u00ed v\u00fdsledek, dopadly, tak\u00a0<a href=\"https:\/\/www.parlamentnilisty.cz\/arena\/monitor\/Karel-Janecek-chce-spravedlivost-Obratil-se-na-Ustavni-soud-Ale-s-vysmechem-724180\">\u017ee vyvolaly pochybnosti o jejich regul\u00e9rnosti<\/a>. Zaj\u00edmav\u00e9 je, \u017ee podobn\u00e9 t\u0159enice,\u00a0<a href=\"https:\/\/www.lidovky.cz\/ceska-pozice\/jak-se-v-kocourkove-dela-nahodny-prezidentsky-vyber.A121203_160536_pozice_86153?\">a ovliv\u0148ov\u00e1n\u00ed algoritm\u016f, byly prok\u00e1z\u00e1ny i u minul\u00fdch voleb<\/a>. Zajistit rovn\u00e9, \u010destn\u00e9, a nezpochybniteln\u00e9 volby je nejd\u016fle\u017eit\u011bj\u0161\u00ed povinnost\u00ed vl\u00e1dy. Doufejme, \u017ee \u010desk\u00e1 fialov\u00e1 vl\u00e1da op\u011bt nesel\u017ee, jako ve v\u0161em co d\u011bl\u00e1!\u00a0<a href=\"https:\/\/www.facebook.com\/janapeterkovaofficial\">Sledujte proto report\u00e9rku Janu Peterkovou, kter\u00e1 dnes 11. ledna ve 14. hodin pr\u00fd zve\u0159ejn\u00ed s advok\u00e1tem Naxerou dal\u0161\u00ed podrobnosti t\u00e9to nejnov\u011bj\u0161\u00ed kauzy<\/a>!<\/p>\n<p>O neuv\u011b\u0159iteln\u00fdch kousc\u00edch Putinova kucha\u0159e Prigo\u017eina (W\u00e1gnerovi \u017eoldn\u00e9\u0159i) jsme u\u017e informovali za posledn\u00ed roky n\u011bkolikr\u00e1t. V\u010dera Prigo\u017ein slavnostn\u011b ohl\u00e1sil obkl\u00ed\u010den\u00ed zbytk\u016f elitn\u00edch ukrajinsk\u00fdch jednotek, kter\u00e9 udatn\u011b, ale marn\u011b, br\u00e1nili 11-ti tis\u00edcov\u00e9 m\u011bsto Soledar. Prigo\u017ein se dokonce podle fotek osobn\u011b z\u00fa\u010dastnil nejzu\u0159iv\u011bj\u0161\u00ed \u010d\u00e1sti bitvy, tzv \u010dist\u011bn\u00ed soledarsk\u00fdch soln\u00fdch dol\u016f, odkud se Ukrajinci ned\u00e1vno pokusili o rozhoduj\u00edc\u00ed proti\u00fader.<\/p>\n<p><img decoding=\"async\" loading=\"lazy\" class=\"wp-image-2681 aligncenter\" src=\"https:\/\/www.michalapetr.com\/wp-content\/uploads\/2023\/01\/1844013995_0_0_960_1280_640x0_80_0_0_29244e5bb1926aab6e9736cbe11630fe.png\" sizes=\"(max-width: 640px) 100vw, 640px\" srcset=\"https:\/\/www.michalapetr.com\/wp-content\/uploads\/2023\/01\/1844013995_0_0_960_1280_640x0_80_0_0_29244e5bb1926aab6e9736cbe11630fe.png 640w, https:\/\/www.michalapetr.com\/wp-content\/uploads\/2023\/01\/1844013995_0_0_960_1280_640x0_80_0_0_29244e5bb1926aab6e9736cbe11630fe-225x300.png 225w, https:\/\/www.michalapetr.com\/wp-content\/uploads\/2023\/01\/1844013995_0_0_960_1280_640x0_80_0_0_29244e5bb1926aab6e9736cbe11630fe-529x705.png 529w, https:\/\/www.michalapetr.com\/wp-content\/uploads\/2023\/01\/1844013995_0_0_960_1280_640x0_80_0_0_29244e5bb1926aab6e9736cbe11630fe-450x600.png 450w\" alt=\"\" width=\"572\" height=\"762\" \/><\/p>\n<p>V\u010dera ve\u010der,\u00a0<a href=\"https:\/\/ria.ru\/20230111\/soledar-1844013206.html\">hodinu p\u0159ed p\u016flnoc\u00ed Prigo\u017ein z jeskyn\u00ed pod Soledarem ozn\u00e1mil,<\/a>\u00a0\u017ee posledn\u00ed Ukrajinci ve m\u011bst\u011b jsou beznad\u011bjn\u011b obkl\u00ed\u010deni, a \u017ee jeho jednotky tak p\u0159eru\u0161ily nejd\u016fle\u017eit\u011bj\u0161\u00ed ukrajinskou z\u00e1sobovac\u00ed trasu, kter\u00e1 vede do 12-ti tis\u00edcov\u00e9ho m\u011bsta Siversk, a otev\u0159ely cestu na Slavjansk. P\u00e1dem Soledaru se cel\u00e1 skupina Ukrajinsk\u00e9 arm\u00e1dy v\u00fdchodn\u011b od Don\u011bcka dostala do mimo\u0159\u00e1dn\u011b obt\u00ed\u017en\u00e9 z\u00e1sobovac\u00ed pozice, a bude muset ustoupit o des\u00edtky kilometr\u016f, a nebo riskovat dal\u0161\u00ed obkl\u00ed\u010den\u00ed. Pokud Ukrajinci neprovedou \u00fasp\u011b\u0161n\u00fd proti\u00fatok a rychle nevysvobod\u00ed pos\u00e1dku\u00a0<a href=\"https:\/\/www.seznamzpravy.cz\/clanek\/zahranicni-rusove-zahajili-mohutny-utok-na-soledar-hlasi-kyjev-222915\">Soledaru z obkl\u00ed\u010den\u00ed, padne brzy i Bachmut<\/a>, a Rus\u016fm se otev\u0159e cesta k o\u010dek\u00e1van\u00fdm ofenz\u00edv\u00e1m na Dn\u011bpropetrovsk a Charkov. (<a href=\"https:\/\/t.me\/rybar\/42597\">Viz. Rusk\u00e1 situa\u010dn\u00ed mapa z noci z 10. na 11. ledna.<\/a>)<\/p>\n<p><img decoding=\"async\" loading=\"lazy\" class=\"wp-image-2682 aligncenter\" src=\"https:\/\/www.michalapetr.com\/wp-content\/uploads\/2023\/01\/20230111005956-b4353d37-scaled.jpg\" sizes=\"(max-width: 2560px) 100vw, 2560px\" srcset=\"https:\/\/www.michalapetr.com\/wp-content\/uploads\/2023\/01\/20230111005956-b4353d37-scaled.jpg 2560w, https:\/\/www.michalapetr.com\/wp-content\/uploads\/2023\/01\/20230111005956-b4353d37-300x212.jpg 300w, https:\/\/www.michalapetr.com\/wp-content\/uploads\/2023\/01\/20230111005956-b4353d37-1030x727.jpg 1030w, https:\/\/www.michalapetr.com\/wp-content\/uploads\/2023\/01\/20230111005956-b4353d37-768x542.jpg 768w, https:\/\/www.michalapetr.com\/wp-content\/uploads\/2023\/01\/20230111005956-b4353d37-1536x1084.jpg 1536w, https:\/\/www.michalapetr.com\/wp-content\/uploads\/2023\/01\/20230111005956-b4353d37-2048x1446.jpg 2048w, https:\/\/www.michalapetr.com\/wp-content\/uploads\/2023\/01\/20230111005956-b4353d37-1500x1059.jpg 1500w, https:\/\/www.michalapetr.com\/wp-content\/uploads\/2023\/01\/20230111005956-b4353d37-260x185.jpg 260w, https:\/\/www.michalapetr.com\/wp-content\/uploads\/2023\/01\/20230111005956-b4353d37-705x498.jpg 705w, https:\/\/www.michalapetr.com\/wp-content\/uploads\/2023\/01\/20230111005956-b4353d37-450x318.jpg 450w\" alt=\"\" width=\"752\" height=\"531\" \/><\/p>\n<p>Tak\u0159ka ve stejn\u00fd den, kdy Prigo\u017ein obkl\u00ed\u010dil Soledar, z Washington potvrdili, \u017ee CIA nyn\u00ed pova\u017euje Prigo\u017eina za jednu z nejv\u011bt\u0161\u00edch hrozeb pro USA, a to proto, \u017ee\u00a0<a href=\"https:\/\/www.politico.com\/news\/2023\/01\/09\/russias-wagner-group-ramping-up-operations-outside-of-ukraine-u-s-warns-00076859\"><em>Prigo\u017ein nejen \u00fasp\u011b\u0161n\u011b vytla\u010duje CIA, a dal\u0161\u00ed z\u00e1padn\u00ed tajn\u00e9 slu\u017eby z Afriky, ze Srbska, z Ar\u00e1bie, a z dal\u0161\u00edch oblast\u00ed sv\u011bta, ale dokonce tam p\u0159eb\u00edr\u00e1 cel\u00e9 vojensk\u00e9 z\u00e1kladny a obsazuje tamn\u00ed\u00a0<\/em><\/a><em>strategicky d\u016fle\u017eit\u00e1 m\u00edsta<\/em>.<\/p>\n<p>O rostouc\u00edm vlivu Prigo\u017eina sv\u011bd\u010d\u00ed i skute\u010dnost, \u017ee v\u010dera hrd\u011b ohl\u00e1sil, \u017ee Soledar osvobozovaly v\u00fdlu\u010dn\u011b jeho soukrom\u00e9 jednotky,\u00a0<a href=\"https:\/\/sofrep.com\/news\/wagner-in-russian-air-force-is-this-why-theyre-losing-more-sukhoi-jets\/\">kter\u00e9 jako jedin\u00e1 soukrom\u00e1 arm\u00e1da na sv\u011bt\u011b disponuj\u00ed i \u00fadern\u00fdm letectvem, v\u010detn\u011b typ\u016f SU-25, SU-24, SU-27<\/a>. Podle odhad\u016f je jen na Ukrajin\u011b v z\u00f3n\u011b boj\u016f nyn\u00ed nasazeno 50 tis\u00edc W\u00e1gnerov\u00fdch symfonik\u016f, a sami ru\u0161t\u00ed vojen\u0161t\u00ed analytici p\u0159izn\u00e1vaj\u00ed, \u017ee jejich bojov\u00e9 schopnosti a profesionalita zna\u010dn\u011b p\u0159evy\u0161uj\u00ed sou\u010dasn\u00e9 rusk\u00e9 jednotky s v\u00fdjimkou \u010ce\u010denc\u016f a V\u00fdsadk\u00e1\u0159\u016f. Nav\u00edc se v posledn\u00edch m\u011bs\u00edc\u00edch ukazuje, \u017ee vliv Prigo\u017eina roste s po\u010dtem jeho soukrom\u00fdch voj\u00e1k\u016f. Za\u010d\u00edn\u00e1 tak p\u0159ipom\u00ednat vzestup Vald\u0161tejna za t\u0159icetilet\u00e9 v\u00e1lky. Tak uvid\u00edme, zda skon\u010d\u00ed podobn\u011b.<\/p>\n<p>Putinova podzimn\u00ed strategie \u2013 dr\u017eet co nejkrat\u0161\u00ed linii fronty, zat\u00edm slav\u00ed \u00fasp\u011bch.\u00a0 V\u00fdhodou Kyjeva je mnohem v\u011bt\u0161\u00ed po\u010det voj\u00e1k\u016f, ale ti mohou prov\u00e1d\u011bt \u00fato\u010dn\u00e9 i obrann\u00e9 operace d\u00edky sv\u00e9 slab\u00e9 v\u00fdzbroji jen na \u0161irok\u00e9 front\u011b.\u00a0 Jakmile je fronta kr\u00e1tk\u00e1, prosad\u00ed se ni\u017e\u0161\u00ed po\u010det rusk\u00fdch voj\u00e1k\u016f, d\u00edky sv\u00e9 profesionalit\u011b a vysok\u00e9 palebn\u00e9 s\u00edle.<\/p>\n<p><a href=\"https:\/\/www.michalapetr.com\/map-1565-rusko-jasa-zase-ten-wagner-washington-se-ho-uz-boji-vic-nez-putina-priznala-cia\/\">Michael Svato\u0161<\/a><\/p>\n<p>&nbsp;<\/p>\n<p><img decoding=\"async\" loading=\"lazy\" class=\"wp-image-19187 aligncenter\" src=\"http:\/\/www.infokuryr.cz\/n\/wp-content\/uploads\/2022\/12\/1-PRO-300x36.jpg\" alt=\"\" width=\"1275\" height=\"153\" srcset=\"https:\/\/www.infokuryr.cz\/n\/wp-content\/uploads\/2022\/12\/1-PRO-300x36.jpg 300w, https:\/\/www.infokuryr.cz\/n\/wp-content\/uploads\/2022\/12\/1-PRO.jpg 699w\" sizes=\"(max-width: 1275px) 100vw, 1275px\" \/><\/p>\n<p>&nbsp;<\/p>\n","protected":false},"excerpt":{"rendered":"<p>Perli\u010dka na za\u010d\u00e1tek. Fialov\u00e1 vl\u00e1da \u010ceska najala na kontrolu pravosti podpis\u016f \u010desk\u00fdch ob\u010dan\u016f na podpisov\u00fdch&#8230;<\/p>\n","protected":false},"author":2,"featured_media":18381,"comment_status":"closed","ping_status":"closed","sticky":false,"template":"","format":"standard","meta":[],"categories":[6],"tags":[1042,29,22,26,37,4058],"_links":{"self":[{"href":"https:\/\/www.infokuryr.cz\/n\/wp-json\/wp\/v2\/posts\/21039"}],"collection":[{"href":"https:\/\/www.infokuryr.cz\/n\/wp-json\/wp\/v2\/posts"}],"about":[{"href":"https:\/\/www.infokuryr.cz\/n\/wp-json\/wp\/v2\/types\/post"}],"author":[{"embeddable":true,"href":"https:\/\/www.infokuryr.cz\/n\/wp-json\/wp\/v2\/users\/2"}],"replies":[{"embeddable":true,"href":"https:\/\/www.infokuryr.cz\/n\/wp-json\/wp\/v2\/comments?post=21039"}],"version-history":[{"count":0,"href":"https:\/\/www.infokuryr.cz\/n\/wp-json\/wp\/v2\/posts\/21039\/revisions"}],"wp:featuredmedia":[{"embeddable":true,"href":"https:\/\/www.infokuryr.cz\/n\/wp-json\/wp\/v2\/media\/18381"}],"wp:attachment":[{"href":"https:\/\/www.infokuryr.cz\/n\/wp-json\/wp\/v2\/media?parent=21039"}],"wp:term":[{"taxonomy":"category","embeddable":true,"href":"https:\/\/www.infokuryr.cz\/n\/wp-json\/wp\/v2\/categories?post=21039"},{"taxonomy":"post_tag","embeddable":true,"href":"https:\/\/www.infokuryr.cz\/n\/wp-json\/wp\/v2\/tags?post=21039"}],"curies":[{"name":"wp","href":"https:\/\/api.w.org\/{rel}","templated":true}]}}