{"id":21037,"date":"2023-01-11T07:49:17","date_gmt":"2023-01-11T06:49:17","guid":{"rendered":"http:\/\/www.infokuryr.cz\/n\/?p=21037"},"modified":"2023-01-11T07:49:17","modified_gmt":"2023-01-11T06:49:17","slug":"jindrich-kulhavy-to-je-ficak","status":"publish","type":"post","link":"https:\/\/www.infokuryr.cz\/n\/2023\/01\/11\/jindrich-kulhavy-to-je-ficak\/","title":{"rendered":"Jind\u0159ich Kulhav\u00fd: To je fi\u010d\u00e1k"},"content":{"rendered":"<div id=\"fb-root\"><\/div>\n<p><span class=\"anotation\">Uzn\u00e1n\u00ed Andreje Babi\u0161e nevinn\u00fdm rozv\u00ed\u0159ilo vody politick\u00e9 sc\u00e9ny. Prezidentsk\u00fdm kandid\u00e1t\u016fm ztuhnul u\u017e tak k\u0159e\u010dovit\u00fd \u00fasm\u011bv. Pot\u00e9, co se Fischer kasal t\u00edm, \u017ee Babi\u0161 bude jist\u011b odsouzen, Pavel doufal v dehonestaci nejv\u011bt\u0161\u00edho soka a Danu\u0161e Nerudov\u00e1 maj\u00edc\u00ed probl\u00e9m sama se sebou a sv\u00fdmi v\u00fdroky pomalu p\u0159est\u00e1v\u00e1 r\u00e1zem napl\u0148ovat p\u0159edstavy podporovatel\u016f z P\u011btikoalice a sv\u00e9ho z\u00e1zem\u00ed, jim v\u0161em v\u00fdrok soudu zmrazil \u00fasm\u011bv. Nejd\u0159\u00edve je trochu postra\u0161il Ba\u0161ta sv\u00fdm v\u00fdkonem v prvn\u00ed debat\u011b, pak se do n\u011bkter\u00fdch pustil nov\u00fd samozvan\u00fd jest\u0159\u00e1b Divi\u0161 a nakonec Danu\u0161i neomalen\u011b nab\u00eddl zam\u011bstn\u00e1n\u00ed \u00fa\u010detn\u00ed na Hradu s\u00e1m Pavel. A te\u010f je\u0161t\u011b do toho v\u0161eho osvobozen\u00fd Babi\u0161, to je h\u0159eb\u00ed\u010dek do jej\u00ed rakve a zmrazen\u00ed \u0161anc\u00ed zbytku s v\u00fdjimkou Pavla. Tedy v p\u0159enesen\u00e9m v\u00fdznamu samoz\u0159ejm\u011b. Nejen, \u017ee se do druh\u00e9ho kola asi nikdo jin\u00fd nedostane, ale rektorce nav\u00edc hroz\u00ed vy\u0161et\u0159ov\u00e1n\u00ed za \u00fa\u010dinkov\u00e1n\u00ed v kauze turbotitul\u016f.<\/span><\/p>\n<div id=\"pagetext\">\n<p>\u00a0\u00a0Nerudov\u00e9 cht\u011bl pomoct za 5 milion\u016f na stole i odstoupiv\u0161\u00ed St\u0159edula. Zklam\u00e1n\u00ed odbor\u00e1\u0159\u016f a \u010cSSD je zjevn\u00e9, ov\u0161em jeho vy\u010di\u0161t\u011bn\u00ed transparentn\u00edho \u00fa\u010dtu je stejn\u011b \u0161okuj\u00edc\u00ed jako to, kdo mu t\u011bch 5 milion\u016f poslal. P\u0159esto\u017ee St\u0159edula nepat\u0159il mezi kandid\u00e1ty podporovan\u00e9 P\u011btikoalic\u00ed, a t\u00edm i ODS, jej\u00ed vlivn\u00fd \u010dlen ho p\u0159ed V\u00e1nocemi zadotoval. Cel\u00e9 to na d\u00e1lku smrd\u00ed korupc\u00ed a k\u0159iv\u00e1rnou. Jinak vcelku logick\u00e9 odstoupen\u00ed nev\u00fdrazn\u00e9ho hr\u00e1\u010de tak dostalo velmi ho\u0159kou p\u0159\u00edchu\u0165. Jen\u017ee zrovna Nerudov\u00e9 odstoupen\u00ed a podpora St\u0159eduly asi nepom\u016f\u017ee. A Pavlovi, kter\u00fd u\u017e byl mo\u017en\u00e1 na hranici odsunut\u00ed z\u00a0hlavn\u00ed bojov\u00e9 linie, tak\u00e9 ne. P\u0159esto se exgener\u00e1l prezentuj\u00edc\u00ed se ni\u017e\u0161\u00ed pot\u0159ebou hovo\u0159it a relativn\u011b klidn\u00fdm vystupov\u00e1n\u00edm op\u011bt vrac\u00ed, lze vn\u00edmat jist\u00e9 ochladnut\u00ed v\u00a0\u0159ad\u00e1ch p\u0159\u00edznivc\u016f Nerudov\u00e9.<\/p>\n<p>To strat\u00e9g Babi\u0161 boduje jinak. V\u00a0dob\u011b, kdy ostatn\u00ed protihr\u00e1\u010di hore\u010dn\u011b p\u0159em\u00fd\u0161l\u00ed, co zase \u0159eknou, p\u0159i\u010dem\u017e od Fischera \u010dekejme p\u0159edev\u0161\u00edm agresivn\u00ed \u00fatoky na expremi\u00e9ra, se Babi\u0161 vydal do Francie za jej\u00edm prezidentem Macronem. Tam, kam by se diplomatick\u00fd zelen\u00e1\u010d a pir\u00e1tsk\u00fd ministr zahrani\u010d\u00ed Lipavsk\u00fd jen tak nedostal, ani kdyby se sebev\u00edce sna\u017eil, \u010di o \u010dem zat\u00edm m\u016f\u017ee sn\u00edt i premi\u00e9r Fiala, kter\u00e9ho si Macron nev\u0161\u00edmal p\u0159i summitu, se Babi\u0161 do Pa\u0159\u00ed\u017ee dostavil a byl p\u0159ijat. Jen tak. A t\u00edm ud\u011blal z\u00a0cel\u00e9 P\u011btikoalice statisty, stoupnul u sv\u00fdch voli\u010d\u016f a mo\u017en\u00e1 i p\u0159esv\u011bd\u010dil mnoho nerozhodnut\u00fdch. Smutn\u00e1 situace nast\u00e1v\u00e1 pro Ba\u0161tu, kter\u00fd je pro voli\u010de SPD a \u010d\u00e1st Alternativy jedin\u00fdm vhodn\u00fdm \u0159e\u0161en\u00ed. Procentu\u00e1ln\u011b by teoreticky mohl z\u00edskat relativn\u011b dost hlas\u016f, za jist\u00fdch okolnost\u00ed i v\u00edce ne\u017e Nerudov\u00e1, ale na druh\u00e9 kolo to prost\u011b ned\u00e1. T\u011b\u017eko se to \u0159\u00edk\u00e1 a p\u00ed\u0161e, z\u00a0pohledu euroskeptik\u016f by bylo p\u0159\u00edjemn\u011bj\u0161\u00ed vid\u011bt ve fin\u00e1le Babi\u0161e s\u00a0Ba\u0161tou, ale to u\u017e bychom cht\u011bli asi moc. Up\u0159\u00edmn\u011b \u0159e\u010deno, byl by to kr\u00e1sn\u00fd pocit, kdyby se v\u0161ichni kolem P\u011btikoalice m\u011bli rozhodovat mezi \u010dlenem SPD a l\u00eddrem ANO. A dost mo\u017en\u00e1 by v\u00a0tu chv\u00edli m\u011bl Ba\u0161ta v\u00edce \u0161anc\u00ed. \u010cT by pak z\u00a0toho skon\u010dila v\u00a0ruin\u00e1ch, Seznam by mohli vymazat z\u00a0internetu a Nova s\u00a0Primou i Barrandovem by byly k m\u00e1n\u00ed za p\u00e1r ka\u010dek. Takov\u00e9 zem\u011bt\u0159esen\u00ed by to bylo.<\/p>\n<p>Jste li p\u0159\u00edznivcem kohokoliv, kdo by dok\u00e1zal znep\u0159\u00edjemnit \u017eivot Fialovi &amp; spol., nej\u00e1sejte. Mus\u00edme si uv\u011bdomit p\u00e1r v\u011bc\u00ed.<\/p>\n<ol>\n<li>Po\u0159\u00e1d tu je realitou, \u017ee nen\u00ed d\u016fle\u017eit\u00e9, kdo kolik dostane hlas\u016f, ale sp\u00ed\u0161e to, kdo ty hlasy po\u010d\u00edt\u00e1. O ur\u010dit\u00fdch nesrovnalostech u\u017e jste jist\u011b n\u011bco zaslechli ve spojitosti se spole\u010dnost\u00ed bl\u00edzk\u00e9\u00a0da\u0148ov\u00e9mu r\u00e1ji na Kajmansk\u00fdch ostrovech a ve vztahu s\u00a0firmou Hewlett Packard pov\u011b\u0159enou dozorem nad s\u010d\u00edt\u00e1n\u00edm. Podvody kolem voleb se u\u017e tak n\u011bjak staly standardem ve velk\u00e9 \u010d\u00e1sti sv\u011bta. Nejen v\u00a0USA, aktu\u00e1ln\u00ed je d\u011bn\u00ed v\u00a0Braz\u00edlii.<\/li>\n<li>Babi\u0161 nen\u00ed v\u00a0zahrani\u010dn\u00ed politice Fialovi tak vzd\u00e1len\u00fd, abychom ho mohli pova\u017eovat za euroskeptika. Je mu bli\u017e\u0161\u00ed Macron nebo Orb\u00e1n? Ve Francii m\u00e1 Andrej majetek.<\/li>\n<li>Eurohujer\u0161t\u00ed liber\u00e1lov\u00e9 maj\u00ed v\u011bt\u0161inu v\u00a0obou komor\u00e1ch Parlamentu \u010cR a ud\u011blaj\u00ed v\u0161e proto, aby omezili pravomoci prezidenta, nebude li to jejich kandid\u00e1t.<\/li>\n<li>Jak jsme si pov\u0161imnuli za doby pseudopandemie, je Babi\u0161 v\u00a0n\u011bkter\u00fdch sm\u011brech velmi ohebn\u00fd, nav\u00edc m\u00e1 majetek a je vcelku dob\u0159e zatla\u010diteln\u00fd do kouta.<\/li>\n<\/ol>\n<p>Jak lze tedy vypozorovat, nic nen\u00ed dop\u0159edu jasn\u00e9. Tedy ani v\u00edt\u011bz, ale ani zlep\u0161en\u00ed presti\u017ee \u010cesk\u00e9 republiky moment\u00e1ln\u011b p\u0159edur\u010den\u00e9 k\u00a0\u0159\u00edzen\u00e9mu krachu \u010di situace \u010desk\u00fdch ob\u010dan\u016f veden\u00fdch na ve\u0159ejnou por\u00e1\u017eku. Jedin\u00e9, co by na v\u00edt\u011bzstv\u00ed Babi\u0161e bylo rozhodn\u011b pozitivn\u00ed, je p\u0159edstava neskute\u010dn\u011b kysel\u00fdch obli\u010dej\u016f v\u0161ech t\u011bch liber\u00e1l\u016f z\u00a0Top09, ODS, KDU-\u010cSL, STAN a Pir\u00e1t\u016f. A to si za pen\u00edze nekoup\u00edte.<\/p>\n<p><a href=\"https:\/\/www.inadhled.live\/zajimavosti\/to-je-ficak\/\">Jind\u0159ich Kulhav\u00fd<\/a><\/p>\n<\/div>\n<p>&nbsp;<\/p>\n<p><img decoding=\"async\" loading=\"lazy\" class=\"wp-image-19187 aligncenter\" src=\"http:\/\/www.infokuryr.cz\/n\/wp-content\/uploads\/2022\/12\/1-PRO-300x36.jpg\" alt=\"\" width=\"1283\" height=\"154\" srcset=\"https:\/\/www.infokuryr.cz\/n\/wp-content\/uploads\/2022\/12\/1-PRO-300x36.jpg 300w, https:\/\/www.infokuryr.cz\/n\/wp-content\/uploads\/2022\/12\/1-PRO.jpg 699w\" sizes=\"(max-width: 1283px) 100vw, 1283px\" \/><\/p>\n<p>&nbsp;<\/p>\n","protected":false},"excerpt":{"rendered":"<p>Uzn\u00e1n\u00ed Andreje Babi\u0161e nevinn\u00fdm rozv\u00ed\u0159ilo vody politick\u00e9 sc\u00e9ny. Prezidentsk\u00fdm kandid\u00e1t\u016fm ztuhnul u\u017e tak k\u0159e\u010dovit\u00fd \u00fasm\u011bv&#8230;.<\/p>\n","protected":false},"author":2,"featured_media":21038,"comment_status":"closed","ping_status":"closed","sticky":false,"template":"","format":"standard","meta":[],"categories":[6],"tags":[126,3322,425,324,27],"_links":{"self":[{"href":"https:\/\/www.infokuryr.cz\/n\/wp-json\/wp\/v2\/posts\/21037"}],"collection":[{"href":"https:\/\/www.infokuryr.cz\/n\/wp-json\/wp\/v2\/posts"}],"about":[{"href":"https:\/\/www.infokuryr.cz\/n\/wp-json\/wp\/v2\/types\/post"}],"author":[{"embeddable":true,"href":"https:\/\/www.infokuryr.cz\/n\/wp-json\/wp\/v2\/users\/2"}],"replies":[{"embeddable":true,"href":"https:\/\/www.infokuryr.cz\/n\/wp-json\/wp\/v2\/comments?post=21037"}],"version-history":[{"count":0,"href":"https:\/\/www.infokuryr.cz\/n\/wp-json\/wp\/v2\/posts\/21037\/revisions"}],"wp:featuredmedia":[{"embeddable":true,"href":"https:\/\/www.infokuryr.cz\/n\/wp-json\/wp\/v2\/media\/21038"}],"wp:attachment":[{"href":"https:\/\/www.infokuryr.cz\/n\/wp-json\/wp\/v2\/media?parent=21037"}],"wp:term":[{"taxonomy":"category","embeddable":true,"href":"https:\/\/www.infokuryr.cz\/n\/wp-json\/wp\/v2\/categories?post=21037"},{"taxonomy":"post_tag","embeddable":true,"href":"https:\/\/www.infokuryr.cz\/n\/wp-json\/wp\/v2\/tags?post=21037"}],"curies":[{"name":"wp","href":"https:\/\/api.w.org\/{rel}","templated":true}]}}