{"id":21028,"date":"2023-01-11T07:23:23","date_gmt":"2023-01-11T06:23:23","guid":{"rendered":"http:\/\/www.infokuryr.cz\/n\/?p=21028"},"modified":"2023-01-11T07:23:23","modified_gmt":"2023-01-11T06:23:23","slug":"cenzura-ve-jmenu-liberalni-demokracie-k-cemu-je-liberalni-demokracie-kdyz-nechrani-narodni-stat","status":"publish","type":"post","link":"https:\/\/www.infokuryr.cz\/n\/2023\/01\/11\/cenzura-ve-jmenu-liberalni-demokracie-k-cemu-je-liberalni-demokracie-kdyz-nechrani-narodni-stat\/","title":{"rendered":"Cenzura ve jm\u00e9nu liber\u00e1ln\u00ed demokracie? K \u010demu je \u201eliber\u00e1ln\u00ed demokracie\u201c, kdy\u017e nechr\u00e1n\u00ed n\u00e1rodn\u00ed st\u00e1t?"},"content":{"rendered":"<div id=\"fb-root\"><\/div>\n<p><strong>Dnes u\u017e v\u0161udyp\u0159\u00edtomn\u00e1 censura neust\u00e1le nar\u016fst\u00e1. Nej\u010dast\u011bji sly\u0161\u00edme, \u017ee d\u016fvodem pos\u00edlen\u00ed censury je nep\u0159\u00e1telsk\u00e9 Rusko, kter\u00e9 chce zni\u010dit na\u0161i k\u0159ehkou demokracii. A demokracie se mus\u00ed br\u00e1nit!<\/strong>\u00a0Demokratick\u00fd syst\u00e9m takto legitimizuje cenzuru.<\/p>\n<p><strong>V na\u0161\u00ed historii nen\u00ed censura ni\u010d\u00edm nov\u00fdm. Pro pochopen\u00ed demokratick\u00e9 censury nen\u00ed od v\u011bci se pod\u00edvat na censuru v ned\u00e1vn\u00e9 minulosti. V obdob\u00ed normalizace m\u011bla censura dv\u011b hlavn\u00ed slo\u017eky. Zaprv\u00e9 chr\u00e1nila politick\u00fd syst\u00e9m, zadruh\u00e9 st\u00e1t jako z\u00e1kladn\u00ed jednotku sou\u017eit\u00ed.\u00a0<\/strong>Syst\u00e9m byl socialistick\u00fd. Proto byly censurovan\u00e9 informa\u010dn\u00ed zdroje, kter\u00e9 propagovaly kapitalismus.<strong> St\u00e1t m\u011bl siln\u00e9 postaven\u00ed. Z toho plynula censura protist\u00e1tn\u00edch postoj\u016f a n\u00e1zor\u016f.<\/strong><\/p>\n<p>U demokratick\u00e9 cenzury je velice zaj\u00edmav\u00e9, \u017ee\u00a0<strong>absentuje druh\u00e1 slo\u017eka (ochrana st\u00e1tu). Demokratick\u00e1 censura chr\u00e1n\u00ed jen samotnou demokracii.\u00a0<\/strong>U\u017e od antick\u00fdch dob je st\u00e1t poj\u00edman\u00fd jako z\u00e1kladn\u00ed spole\u010densk\u00e1 jednotka umo\u017e\u0148uj\u00edc\u00ed p\u0159e\u017eit\u00ed.\u00a0<strong>Prvn\u00ed \u00falohou st\u00e1tu je zaji\u0161t\u011bn\u00ed p\u0159e\u017eit\u00ed a reprodukce dan\u00e9 spole\u010dnosti sdru\u017een\u00e9 ve st\u00e1tn\u00ed instituci. Na druh\u00e9m m\u00edst\u011b je kvalita \u017eivota. St\u00e1t m\u00e1 prost\u0159edkovat dobr\u00fd \u017eivot (bonum commune).<\/strong><\/p>\n<p>To v\u0161ak nen\u00ed v\u0161e.\u00a0<strong>Demokratick\u00e1 censura nejen\u017ee nebr\u00e1n\u00ed st\u00e1t, ale dokonce censuruje zdroje, kter\u00e9 usiluj\u00ed o z\u00e1chranu st\u00e1tu. Pro p\u0159e\u017eit\u00ed jsou v technicky pokro\u010dil\u00e9 dob\u011b d\u016fle\u017eit\u00e9 dov\u00e1\u017een\u00e9 energie. Pro\u010d demokrati\u010dt\u00ed censo\u0159i omezuj\u00ed zdroje, kter\u00e9 v tomto smyslu hovo\u0159\u00ed o energetick\u00e9m ohro\u017een\u00ed st\u00e1tu?\u00a0<\/strong>Pro\u010d demokrati\u010dt\u00ed cenzo\u0159i omezuj\u00ed informace, kter\u00e9 ukazuj\u00ed na nebezpe\u010dn\u00e9 zata\u017een\u00ed st\u00e1tu do v\u00e1lky? O ne\u0159e\u0161iteln\u00fd hlavolam jde jen na prvn\u00ed pohled. \u0158e\u0161en\u00ed je zcela jednoduch\u00e9.<\/p>\n<p><strong>Sou\u010dasn\u00fd syst\u00e9m liber\u00e1ln\u00ed demokracie je protist\u00e1tn\u00ed! St\u00e1t v z\u00e1kladn\u00edm slova smyslu liber\u00e1ln\u00ed demokrati \u00fasp\u011b\u0161n\u011b dekonstruuj\u00ed. Hranice st\u00e1tu byly zru\u0161eny. V\u0161e je ukradeno, rozd\u00e1no, prod\u00e1no. O n\u00e1rodn\u00edm st\u00e1tu nelze hovo\u0159it.\u00a0<\/strong>N\u00e1rodnost m\u00e1 nulovou hodnotu, v liber\u00e1ln\u00ed demokracii je voliteln\u00e1. Ob\u010danstv\u00ed lze snadno z\u00edskat podobn\u011b jako \u010dlenstv\u00ed v n\u011bjak\u00e9m sportovn\u00edm klubu. Cizinci a men\u0161iny jsou zv\u00fdhod\u0148ov\u00e1ni. Ano, toto nen\u00ed n\u00e1hodn\u00e1 situace, jde o produkt liber\u00e1ln\u00ed demokracie. Liber\u00e1ln\u00ed demokracie nutn\u011b sm\u011b\u0159uje k likvidaci st\u00e1tu.<\/p>\n<p><strong>RF sp\u00ed\u0161 p\u0159edstavuje siln\u00fd, funk\u010dn\u00ed st\u00e1t. Syst\u00e9m je tam tak\u00e9 demokratick\u00fd. Vzhledem ke kulturn\u00edm danostem v\u0161ak v Rusku p\u0159etrv\u00e1v\u00e1 koncept siln\u00e9ho st\u00e1tu se silnou personou v \u010dele. To je asi jeden z hlavn\u00edch d\u016fvod\u016f odporu liber\u00e1ln\u00edch demokrat\u016f v\u016f\u010di Rusk\u00e9 federaci<\/strong>. Kdy\u017e v konfliktu n\u011bjak\u00fdm zp\u016fsobem zv\u00edt\u011bz\u00ed Rusko, bude to sign\u00e1l, \u017ee koncept suver\u00e9nn\u00edho st\u00e1tu je siln\u011bj\u0161\u00ed, ne\u017e voln\u00e1 bez-st\u00e1tn\u00ed ob\u010dansk\u00e1 spole\u010dnost na z\u00e1pad\u011b.<\/p>\n<p>Jinak samoz\u0159ejm\u011b liber\u00e1ln\u00ed demokrati k censu\u0159e nemaj\u00ed \u017e\u00e1dn\u00fd d\u016fvod. V pluralitn\u00ed demokracie mus\u00ed m\u00edt n\u00e1zory stejnou hodnotu. Lze d\u00e1t p\u0159\u00edklad t\u0159\u00ed n\u00e1zor\u016f:<\/p>\n<p>1) Putin je p\u0159\u00edtel \u010cech\u016f,<\/p>\n<p>2) Putin je v\u016f\u010di \u010cech\u016fm nete\u010dn\u00fd,<\/p>\n<p>3) Putin je nep\u0159\u00edtel \u010cech\u016f.<\/p>\n<p><strong>Liber\u00e1ln\u00ed demokrat nem\u00e1 absolutn\u011b \u017e\u00e1dn\u00e9 pr\u00e1vo, aby n\u011bkomu radil, co si v t\u00e9to z\u00e1le\u017eitosti m\u00e1 myslet. Podle liber\u00e1ln\u00edch demokrat\u016f existuje pluralita pravd. Ka\u017ed\u00fd m\u00e1 svou pravdu. Nem\u016f\u017eeme dokonce \u0159\u00edct, \u017ee by jin\u00e9 kultury nebo st\u00e1ty v n\u011b\u010dem pravdu nem\u011bly. Jde p\u0159ece je o \u00fahel pohledu a hlasov\u00e1n\u00ed.<\/strong><\/p>\n<p><strong>V ot\u00e1zce ov\u011b\u0159ov\u00e1n\u00ed fakt\u016f je to podobn\u00e9. Ka\u017ed\u00fd fakt lze nahl\u00e9dnou z nekone\u010dn\u00e9ho mno\u017estv\u00ed \u00fahl\u016f pohledu. Ka\u017ed\u00fd fakt doprov\u00e1z\u00ed nekone\u010dn\u00e9 mno\u017estv\u00ed fakt\u016f. Pochopen\u00ed faktu v\u017edy p\u0159edch\u00e1z\u00ed n\u011bjak\u00e9 pochopen\u00ed souvislost\u00ed. Kdy\u017e n\u011bkde zabije n\u011bjak\u00fd gran\u00e1t civilistu, nev\u00edme, jakou stranou byl vyst\u0159elen. Nav\u00edc to ani p\u0159esn\u011b v\u011bd\u011bt nem\u016f\u017eeme. V\u017edy jen vych\u00e1z\u00edme ze znalost\u00ed souvislost\u00ed, do kter\u00e9 vkomponujeme n\u00e1mi vybran\u00e9 vhodn\u00e9 fakty.<\/strong><\/p>\n<p>Z nast\u00edn\u011bn\u00e9ho vypl\u00fdv\u00e1, \u017ee n\u00e1s liber\u00e1ln\u00ed demokrati p\u011bkn\u011b tahaj\u00ed za nos. V demokratick\u00e9 censu\u0159e se nejedn\u00e1 o pravdu. Jde jen o ochranu protist\u00e1tn\u00edho syst\u00e9mu.<\/p>\n<p><a href=\"https:\/\/www.facebook.com\/vit.skalsky\">V\u00edt Skalsk\u00fd<\/a><\/p>\n<p>&nbsp;<\/p>\n<p><img decoding=\"async\" loading=\"lazy\" class=\"wp-image-19187 aligncenter\" src=\"http:\/\/www.infokuryr.cz\/n\/wp-content\/uploads\/2022\/12\/1-PRO-300x36.jpg\" alt=\"\" width=\"1258\" height=\"151\" srcset=\"https:\/\/www.infokuryr.cz\/n\/wp-content\/uploads\/2022\/12\/1-PRO-300x36.jpg 300w, https:\/\/www.infokuryr.cz\/n\/wp-content\/uploads\/2022\/12\/1-PRO.jpg 699w\" sizes=\"(max-width: 1258px) 100vw, 1258px\" \/><\/p>\n<p>&nbsp;<\/p>\n","protected":false},"excerpt":{"rendered":"<p>Dnes u\u017e v\u0161udyp\u0159\u00edtomn\u00e1 censura neust\u00e1le nar\u016fst\u00e1. Nej\u010dast\u011bji sly\u0161\u00edme, \u017ee d\u016fvodem pos\u00edlen\u00ed censury je nep\u0159\u00e1telsk\u00e9 Rusko,&#8230;<\/p>\n","protected":false},"author":2,"featured_media":8646,"comment_status":"closed","ping_status":"closed","sticky":false,"template":"","format":"standard","meta":[],"categories":[6],"tags":[1042,63,29,1045],"_links":{"self":[{"href":"https:\/\/www.infokuryr.cz\/n\/wp-json\/wp\/v2\/posts\/21028"}],"collection":[{"href":"https:\/\/www.infokuryr.cz\/n\/wp-json\/wp\/v2\/posts"}],"about":[{"href":"https:\/\/www.infokuryr.cz\/n\/wp-json\/wp\/v2\/types\/post"}],"author":[{"embeddable":true,"href":"https:\/\/www.infokuryr.cz\/n\/wp-json\/wp\/v2\/users\/2"}],"replies":[{"embeddable":true,"href":"https:\/\/www.infokuryr.cz\/n\/wp-json\/wp\/v2\/comments?post=21028"}],"version-history":[{"count":0,"href":"https:\/\/www.infokuryr.cz\/n\/wp-json\/wp\/v2\/posts\/21028\/revisions"}],"wp:featuredmedia":[{"embeddable":true,"href":"https:\/\/www.infokuryr.cz\/n\/wp-json\/wp\/v2\/media\/8646"}],"wp:attachment":[{"href":"https:\/\/www.infokuryr.cz\/n\/wp-json\/wp\/v2\/media?parent=21028"}],"wp:term":[{"taxonomy":"category","embeddable":true,"href":"https:\/\/www.infokuryr.cz\/n\/wp-json\/wp\/v2\/categories?post=21028"},{"taxonomy":"post_tag","embeddable":true,"href":"https:\/\/www.infokuryr.cz\/n\/wp-json\/wp\/v2\/tags?post=21028"}],"curies":[{"name":"wp","href":"https:\/\/api.w.org\/{rel}","templated":true}]}}