{"id":21026,"date":"2023-01-11T07:08:14","date_gmt":"2023-01-11T06:08:14","guid":{"rendered":"http:\/\/www.infokuryr.cz\/n\/?p=21026"},"modified":"2023-01-11T07:08:14","modified_gmt":"2023-01-11T06:08:14","slug":"zaverecny-volebni-meeting-kandidatu-5-koalice-bude-na-olsanskych-hrbitovech-v-praze","status":"publish","type":"post","link":"https:\/\/www.infokuryr.cz\/n\/2023\/01\/11\/zaverecny-volebni-meeting-kandidatu-5-koalice-bude-na-olsanskych-hrbitovech-v-praze\/","title":{"rendered":"Z\u00e1v\u011bre\u010dn\u00fd volebn\u00ed meeting kandid\u00e1t\u016f 5 koalice bude na Ol\u0161ansk\u00fdch h\u0159bitovech v Praze"},"content":{"rendered":"<div id=\"fb-root\"><\/div>\n<h2 class=\"entry-title\">Uch\u00e1zet se budou i o hlasy padl\u00fdch rudoarm\u011bjc\u016f. Bure\u0161 chce vz\u00fdvat rab\u00edna Loewa a jeho v\u011brn\u00e9 na star\u00e9m \u017eidovsk\u00e9m h\u0159bitov\u011b<\/h2>\n<p>Volebn\u00ed kampa\u0148 p\u0159ed prezidentsk\u00fdmi volbami nab\u00edr\u00e1 na s\u00edle a\u00a0<strong>kandid\u00e1ti 5 koalice dali na rady americk\u00fdch poradc\u016f a cht\u011bj\u00ed oslovit opravdu v\u0161echny voli\u010de<\/strong>.\u00a0<strong>Proto budou m\u00edt z\u00e1v\u011bre\u010dn\u00fd volebn\u00ed meeting na Ol\u0161ansk\u00fdch h\u0159bitovech v Praze. Zde je poh\u0159beno mnoho voli\u010d\u016f \u2013 p\u0159\u00edznivc\u016f liber\u00e1ln\u00ed demokracie. Mezi kandid\u00e1ty propukl men\u0161\u00ed spor, zda se uch\u00e1zet i o hlasy tam poh\u0159ben\u00fdch rudoarm\u011bjc\u016f.\u00a0<\/strong>Podle gener\u00e1la P\u00e1vka by dnes ur\u010dit\u011b byli proti Putinovi,\u00a0<strong>kandid\u00e1tka Maru\u0161e v nich vid\u011bla nejenom obh\u00e1jce z\u00e1padn\u00edch hodnot, ale i z\u00e1jemce o doktorandsk\u00e9 studium na jist\u00e9 brn\u011bnsk\u00e9 V\u0160<\/strong>. Polonah\u00fd Hilsner byl sice proti, pr\u00fd rusk\u00fdm \u0161v\u00e1b\u016fm se ned\u00e1 v\u011b\u0159it ani po smrti nato\u017e u hlasovac\u00edch uren,\u00a0<strong>ale uml\u010del ho kandid\u00e1t LGBT++ strany Ryb\u00e1\u0159 slovy \u201ei Bre\u017en\u011bv byl Ukrajinec a rozhoduje ka\u017ed\u00fd hlas\u201c.<\/strong><\/p>\n<p>Na to reagoval osvobozen\u00fd kandid\u00e1t\u00a0<strong>Bure\u0161, kter\u00fd se rozhodl aktivovat voli\u010de na star\u00e9m \u017eidovsk\u00e9m h\u0159bitov\u011b na Josefov\u011b u hrobu rab\u00edna Loewa. Tam\u011bj\u0161\u00ed h\u0159bitov sice nen\u00ed tak velk\u00fd, ale nebo\u017et\u00edci tam le\u017e\u00ed v n\u011bkolika vrstv\u00e1ch.<\/strong><\/p>\n<p>Kandid\u00e1ti 5 koalice tomu cht\u011bj\u00ed\u00a0<strong>\u010delit zvl\u00e1\u0161tn\u00ed kampan\u00ed na nov\u00e9m \u017eidovsk\u00e9 h\u0159bitov\u011b, kter\u00fd je sou\u010d\u00e1st\u00ed Ol\u0161ansk\u00fdch h\u0159bitov\u016f, hodn\u011b si slibuj\u00ed i od podpory spisovatel\u016f F. Kavky a Oty Pavla<\/strong>.<\/p>\n<p><strong>Kandid\u00e1ti ob\u010dansk\u00e9 spole\u010dnosti cht\u011bj\u00ed ale oslovit voli\u010de i na nejv\u011bt\u0161\u00edch h\u0159bitovech ve v\u0161ech krajsk\u00fdch m\u011bstech.<\/strong><\/p>\n<p>U voleb se o\u010dek\u00e1v\u00e1 vysoce nadpr\u016fm\u011brn\u00fd po\u010det voli\u010d\u016f.\u00a0<strong>Bruselsk\u00fd statistick\u00fd \u00fastav hovo\u0159\u00ed o o\u010dek\u00e1van\u00fdch 20 milionech odevzdan\u00fdch hlas\u016f z celkov\u00e9ho po\u010dtu 8,5 mil. registrovan\u00fdch voli\u010d\u016f. To je\u0161t\u011b v novodob\u00e9 historii \u010desk\u00fdch voleb nebylo a nezmohli se na to ani komunist\u00e9.<\/strong>\u00a0Ti to nikdy nedot\u00e1hli d\u00e1l n\u011b\u017e ke 100% ze 100% mo\u017en\u00fdch! Jen\u017ee vysp\u011bl\u00e1 liber\u00e1ln\u00ed demokracie takov\u00e9 omezuj\u00edc\u00ed hranice na\u0161t\u011bst\u00ed nezn\u00e1!<\/p>\n<p><a href=\"https:\/\/ceskavec.com\/2023\/01\/zaverecny-volebni-meeting-kandidatu-5-koalice-bude-na-olsanskych-hrbitovech-uchazet-se-budou-i-o-hlasy-padlych-rudoarmejcu-bures-chce-vzyvat-rabin-loewa-a-jeho-verne\">\u010cesk\u00e1 v\u011bc<\/a><\/p>\n<p>&nbsp;<\/p>\n<p><img decoding=\"async\" loading=\"lazy\" class=\"wp-image-19187 aligncenter\" src=\"http:\/\/www.infokuryr.cz\/n\/wp-content\/uploads\/2022\/12\/1-PRO-300x36.jpg\" alt=\"\" width=\"1300\" height=\"156\" srcset=\"https:\/\/www.infokuryr.cz\/n\/wp-content\/uploads\/2022\/12\/1-PRO-300x36.jpg 300w, https:\/\/www.infokuryr.cz\/n\/wp-content\/uploads\/2022\/12\/1-PRO.jpg 699w\" sizes=\"(max-width: 1300px) 100vw, 1300px\" \/><\/p>\n<p>&nbsp;<\/p>\n","protected":false},"excerpt":{"rendered":"<p>Uch\u00e1zet se budou i o hlasy padl\u00fdch rudoarm\u011bjc\u016f. Bure\u0161 chce vz\u00fdvat rab\u00edna Loewa a jeho&#8230;<\/p>\n","protected":false},"author":2,"featured_media":21027,"comment_status":"closed","ping_status":"closed","sticky":false,"template":"","format":"standard","meta":[],"categories":[6],"tags":[165,27,4226],"_links":{"self":[{"href":"https:\/\/www.infokuryr.cz\/n\/wp-json\/wp\/v2\/posts\/21026"}],"collection":[{"href":"https:\/\/www.infokuryr.cz\/n\/wp-json\/wp\/v2\/posts"}],"about":[{"href":"https:\/\/www.infokuryr.cz\/n\/wp-json\/wp\/v2\/types\/post"}],"author":[{"embeddable":true,"href":"https:\/\/www.infokuryr.cz\/n\/wp-json\/wp\/v2\/users\/2"}],"replies":[{"embeddable":true,"href":"https:\/\/www.infokuryr.cz\/n\/wp-json\/wp\/v2\/comments?post=21026"}],"version-history":[{"count":0,"href":"https:\/\/www.infokuryr.cz\/n\/wp-json\/wp\/v2\/posts\/21026\/revisions"}],"wp:featuredmedia":[{"embeddable":true,"href":"https:\/\/www.infokuryr.cz\/n\/wp-json\/wp\/v2\/media\/21027"}],"wp:attachment":[{"href":"https:\/\/www.infokuryr.cz\/n\/wp-json\/wp\/v2\/media?parent=21026"}],"wp:term":[{"taxonomy":"category","embeddable":true,"href":"https:\/\/www.infokuryr.cz\/n\/wp-json\/wp\/v2\/categories?post=21026"},{"taxonomy":"post_tag","embeddable":true,"href":"https:\/\/www.infokuryr.cz\/n\/wp-json\/wp\/v2\/tags?post=21026"}],"curies":[{"name":"wp","href":"https:\/\/api.w.org\/{rel}","templated":true}]}}