{"id":21024,"date":"2023-01-11T07:05:00","date_gmt":"2023-01-11T06:05:00","guid":{"rendered":"http:\/\/www.infokuryr.cz\/n\/?p=21024"},"modified":"2023-01-11T07:05:00","modified_gmt":"2023-01-11T06:05:00","slug":"ukrajinci-budou-moci-oficialne-pracovat-v-ceske-statni-sprave-a-na-vsech-uradech","status":"publish","type":"post","link":"https:\/\/www.infokuryr.cz\/n\/2023\/01\/11\/ukrajinci-budou-moci-oficialne-pracovat-v-ceske-statni-sprave-a-na-vsech-uradech\/","title":{"rendered":"Ukrajinci budou moci ofici\u00e1ln\u011b pracovat v \u010desk\u00e9 st\u00e1tn\u00ed spr\u00e1v\u011b a na v\u0161ech \u00fa\u0159adech"},"content":{"rendered":"<div id=\"fb-root\"><\/div>\n<h4>Ukrajinci budou moci ofici\u00e1ln\u011b pracovat v \u010desk\u00e9 st\u00e1tn\u00ed spr\u00e1v\u011b a na v\u0161ech \u00fa\u0159adech, umo\u017en\u00ed to Raku\u0161anova novela z\u00e1kona o \u00fa\u0159edn\u00edc\u00edch, kter\u00e1 pr\u00e1v\u011b p\u0159ist\u00e1la na vl\u00e1d\u011b! P\u016fvodn\u011b m\u011blo j\u00edt o konvergenci evropsk\u00e9 sm\u011brnice pro ob\u010dany zem\u00ed EU, ale vnitro to roz\u0161\u00ed\u0159ilo i na osoby s trval\u00fdm pobytem v \u010cR bez rozd\u00edlu, tedy i na uprchl\u00edky z Ukrajiny se statusem azylant\u016f, kte\u0159\u00ed automaticky dost\u00e1vaj\u00ed trval\u00fd pobyt bez \u010dasov\u00e9ho omezen\u00ed! Ukrajinizace \u010cR se tak rozj\u00ed\u017ed\u00ed na pln\u00e9 obr\u00e1tky! Zm\u011bny z\u00e1kon\u016f maj\u00ed urychlit trvalou a syst\u00e9movou integraci Ukrajinc\u016f do \u010desk\u00e9 spole\u010dnosti!<\/h4>\n<p>Kdy\u017e premi\u00e9r \u010cR p\u00ed\u0161e na darovan\u00e9 tanky Ukrajin\u011b vzkazy vlastn\u00ed rukou, je to osobn\u00ed. Je v tom v\u00edce ne\u017e jen vzkaz, je to l\u00e1ska k Ukrajin\u011b. L\u00e1ska jako tr\u00e1m. Ukrajinizaci \u010cR to jen potvrzuje, a je jasn\u00e9, \u017ee p\u011btikoalice to s tou brut\u00e1ln\u00ed ukrajinizac\u00ed a s n\u00ed spojenou rusofobi\u00ed v \u010cR mysl\u00ed opravdu v\u00e1\u017en\u011b. Na\u0161e redakce byla toti\u017e po pond\u011bln\u00ed Fialov\u011b tankov\u00e9 autogrami\u00e1d\u011b\u00a0<strong>[<a href=\"https:\/\/href.li\/?https:\/\/www.novinky.cz\/clanek\/domaci-fiala-napsal-vzkaz-na-tank-pro-obrance-ukrajiny-40419544\" target=\"_blank\" rel=\"nofollow noopener\">1<\/a>]<\/strong>\u00a0op\u011bt informov\u00e1na na\u0161im extern\u00edm zdrojem.<\/p>\n<p>Ten n\u00e1m pod\u00e1v\u00e1 informace o legislativn\u00edch kroc\u00edch vl\u00e1dy Petra Fialy a tentokr\u00e1t u\u017e je to opravdu v pozici, \u017ee kdo dosud pochyboval o ukrajinizaci \u010cesk\u00e9 republiky, tak te\u010f u\u017e kone\u010dn\u011b mu to douf\u00e1m dojde.\u00a0<strong>Ministr vnitra V\u00edt Raku\u0161an toti\u017e p\u0159ed p\u00e1r dny posunul [<a href=\"https:\/\/href.li\/?https:\/\/www.odok.cz\/portal\/veklep\/material\/ALBSCMSGCRW1\/\" target=\"_blank\" rel=\"nofollow noopener\">2<\/a>] na vl\u00e1du do p\u0159ipom\u00ednkov\u00e9ho \u0159\u00edzen\u00ed n\u00e1vrh novely z\u00e1kona\u00a0\u010d. 312\/2002 Sb., o \u00fa\u0159edn\u00edc\u00edch \u00fazemn\u00edch samospr\u00e1vn\u00fdch celk\u016f<\/strong>, kter\u00fd m\u011bl p\u016fvodn\u011b \u0159e\u0161it sm\u011brnici Evropsk\u00e9 komise o voln\u00e9m pohybu pracovn\u00edch sil a o zamezen\u00ed diskriminace, kdy jednotliv\u00e9 zem\u011b EU m\u011bly do sv\u00fdch z\u00e1kon\u016f tuto sm\u011brnici kodifikovat.<\/p>\n<p><a href=\"https:\/\/aeronet.news\/wp-content\/uploads\/RakusanNovela.jpg\"><img decoding=\"async\" loading=\"lazy\" class=\"wp-image-54338 aligncenter\" src=\"https:\/\/aeronet.news\/wp-content\/uploads\/RakusanNovela.jpg\" sizes=\"(max-width: 1280px) 100vw, 1280px\" srcset=\"https:\/\/aeronet.news\/wp-content\/uploads\/RakusanNovela.jpg 1280w, https:\/\/aeronet.news\/wp-content\/uploads\/RakusanNovela-204x300.jpg 204w, https:\/\/aeronet.news\/wp-content\/uploads\/RakusanNovela-768x1130.jpg 768w, https:\/\/aeronet.news\/wp-content\/uploads\/RakusanNovela-696x1024.jpg 696w, https:\/\/aeronet.news\/wp-content\/uploads\/RakusanNovela-700x1030.jpg 700w, https:\/\/aeronet.news\/wp-content\/uploads\/RakusanNovela-243x357.jpg 243w, https:\/\/aeronet.news\/wp-content\/uploads\/RakusanNovela-328x483.jpg 328w\" alt=\"\" width=\"780\" height=\"1147\" \/><\/a><\/p>\n<p>Z\u00e1kon tedy m\u011bl m\u00edt tu podobu, \u017ee ob\u010dan\u00e9 \u010dlensk\u00fdch zem\u00ed EU maj\u00ed pr\u00e1vo na to, aby pracovali jako \u00fa\u0159edn\u00edci na jednotliv\u00fdch \u00fa\u0159adech t\u00e9 zem\u011b, ve kter\u00e9 bydl\u00ed a \u017eij\u00ed, resp. t\u00e9 zem\u011b EU, do kter\u00e9 se p\u0159est\u011bhovali. Jen\u017ee, jak jsme byli do redakce upozorn\u011bni, \u010desk\u00e1 implementace t\u00e9to evropsk\u00e9 sm\u011brnice je roz\u0161\u00ed\u0159ena z ob\u010dan\u016f \u010dlensk\u00fdch zem\u00ed EU dokonce i na osoby s trval\u00fdm pobytem na \u00fazem\u00ed \u010cR, a to bez jak\u00e9hokoliv omezen\u00ed. A to je naprost\u00fd \u0161ok! A pt\u00e1te se pro\u010d? Proto\u017ee trval\u00fd pobyt dost\u00e1vaj\u00ed v \u010cR nejen ob\u010dan\u00e9 \u010dlensk\u00fdch zem\u00ed EU, kte\u0159\u00ed se do \u010cR p\u0159est\u011bhuj\u00ed, ale i migranti a uprchl\u00edci ze zem\u00ed cel\u00e9ho sv\u011bta a hlavn\u011b z Ukrajiny v posledn\u00ed dob\u011b! Spolu s azylem se toti\u017e automaticky z\u00edsk\u00e1v\u00e1 trval\u00fd pobyt\u00a0<strong>[<a href=\"https:\/\/href.li\/?https:\/\/www.opu.cz\/wp-content\/uploads\/2016\/03\/MUJ-ZIVOT-V-CR_2016.pdf\" target=\"_blank\" rel=\"nofollow noopener\">3<\/a>]<\/strong>.<\/p>\n<h6><span style=\"font-size: 18pt;\">Evropsk\u00e1 unie \u017e\u00e1dala \u00fapravu z\u00e1kona pro ob\u010dany \u010dlensk\u00fdch zem\u00ed EU, ale \u010desk\u00e1 vl\u00e1da to roz\u0161\u00ed\u0159ila i na osoby s trval\u00fdm pobytem<\/span><\/h6>\n<p>Pokud jste to nev\u011bd\u011bli, tak ka\u017ed\u00fd uprchl\u00edk, kter\u00fd po\u017e\u00e1d\u00e1 v \u010cR o azyl, tak po jeho ud\u011blen\u00ed automaticky dost\u00e1v\u00e1 i trval\u00fd pobyt v \u010cR s neomezenou dobou platnosti.\u00a0<strong>A najednou je jasn\u00e9, pro\u010d to tam Raku\u0161anovo vnitro vsunulo do t\u00e9 novely z\u00e1kona, proto\u017ee c\u00edlem t\u00e9 novely je uplatnit z t\u00e9 arm\u00e1dy u\u017e v\u00edce jak 700 000 uprchl\u00fdch Ukrajinc\u016f v \u010cR co nejv\u00edce osob do \u010desk\u00e9 st\u00e1tn\u00ed spr\u00e1vy,<\/strong>\u00a0tedy na \u00farovni jednotliv\u00fdch \u00fa\u0159ad\u016f v r\u00e1mci region\u016f. Podm\u00ednkou novely je, \u017ee takov\u00e1 osoba s trval\u00fdm pobytem mus\u00ed b\u00fdt bez\u00fahonn\u00e1, mus\u00ed b\u00fdt plnolet\u00e1 a mus\u00ed ovl\u00e1dat jednac\u00ed jazyk. No, a t\u00edm jednac\u00edm jazykem bude ukrajin\u0161tina pro ukrajinsk\u00e9 klienty \u00da\u0159ad\u016f pr\u00e1ce v regionech, pro pracovn\u00edky m\u00edstn\u00edch, m\u011bstsk\u00fdch a okresn\u00edch \u00fa\u0159ad\u016f atd.<\/p>\n<figure id=\"attachment_54336\" class=\"wp-caption aligncenter\" style=\"width: 976px;\"><a href=\"https:\/\/aeronet.news\/wp-content\/uploads\/NovelaUradyDetailne.jpg\"><img decoding=\"async\" loading=\"lazy\" class=\"wp-image-54336 \" src=\"https:\/\/aeronet.news\/wp-content\/uploads\/NovelaUradyDetailne-1024x847.jpg\" sizes=\"(max-width: 700px) 100vw, 700px\" srcset=\"https:\/\/aeronet.news\/wp-content\/uploads\/NovelaUradyDetailne-1024x847.jpg 1024w, https:\/\/aeronet.news\/wp-content\/uploads\/NovelaUradyDetailne-300x248.jpg 300w, https:\/\/aeronet.news\/wp-content\/uploads\/NovelaUradyDetailne-768x635.jpg 768w, https:\/\/aeronet.news\/wp-content\/uploads\/NovelaUradyDetailne-700x579.jpg 700w, https:\/\/aeronet.news\/wp-content\/uploads\/NovelaUradyDetailne-432x357.jpg 432w, https:\/\/aeronet.news\/wp-content\/uploads\/NovelaUradyDetailne-584x483.jpg 584w, https:\/\/aeronet.news\/wp-content\/uploads\/NovelaUradyDetailne.jpg 1035w\" alt=\"\" width=\"976\" height=\"807\" \/><\/a><figcaption class=\"wp-caption-text\">Porovn\u00e1n\u00ed toho, co po\u017eadovala p\u016fvodn\u011b EU (vpravo), a co navrhuje do novely vnitro (vlevo)<\/figcaption><\/figure>\n<p>Tak\u017ee p\u016fvodn\u00ed sm\u011brnice EU o ob\u010danech \u010dlensk\u00fdch zem\u00ed unie, aby mohli pracovat na \u00fa\u0159adech jak\u00e9koliv \u010dlensk\u00e9 zem\u011b EU, se najednou v \u010desk\u00e9 podob\u011b roz\u0161i\u0159uje i na v\u00e1le\u010dn\u00e9 uprchl\u00edky z Ukrajiny s trval\u00fdmi pobyty, kte\u0159\u00ed p\u0159itom ob\u010dany \u010dlensk\u00e9 zem\u011b, ani Evropsk\u00e9ho hospod\u00e1\u0159sk\u00e9ho prostoru, prost\u011b nejsou. Ukrajinci si budou cht\u00edt stav\u011bt domy, tak\u017ee na stavebn\u00edch \u00fa\u0159adech mus\u00ed pracovat ukrajin\u0161t\u00ed \u00fa\u0159edn\u00edci, na \u0161kolsk\u00fdch odborech budou muset pracovat Ukrajinci.<\/p>\n<p><strong>Proto\u017ee do \u010desk\u00fdch \u0161kol chod\u00ed u\u017e des\u00edtky tis\u00edc ukrajinsk\u00fdch d\u011bt\u00ed. Na soci\u00e1ln\u00edch odborech a na OSPODu budou muset b\u00fdt ukrajin\u0161t\u00ed \u00fa\u0159edn\u00edci, proto\u017ee ty \u010de\u0161t\u00ed prost\u011b ukrajinsk\u00e9 probl\u00e9my v rodin\u00e1ch \u0159e\u0161it nemohou.<\/strong>\u00a0Na dopravn\u00edch odborech radnic a na inspektor\u00e1tech, kde se vyd\u00e1vaj\u00ed \u0159idi\u010dsk\u00e9 pr\u016fkazy, budou muset b\u00fdt ukrajin\u0161t\u00ed \u00fa\u0159edn\u00edci. Ukrajinizace zkr\u00e1tka pod vl\u00e1dou Petra Fialy je my\u0161lena smrteln\u011b v\u00e1\u017en\u011b se v\u0161\u00edm v\u0161udy a prob\u00edh\u00e1 tak ji\u017e na institucion\u00e1ln\u00ed \u00farovni.<\/p>\n<h6><span style=\"font-size: 18pt;\">Ukrajina se ji\u017e do p\u016fvodn\u00edch hranic nevr\u00e1t\u00ed a obrovsk\u00e1 arm\u00e1da Ukrajinc\u016f v \u010cR z\u016fstane natrvalo. A proto ta narychlo o\u017eiven\u00e1 novela o \u00fa\u0159edn\u00edc\u00edch<\/span><\/h6>\n<p>Bez t\u00e9to novely z\u00e1kona toti\u017e nen\u00ed mo\u017en\u00e9 Ukrajince na \u00fa\u0159adech zam\u011bstn\u00e1vat, tak\u017ee je jasn\u00e9, pro\u010d ta novela, kter\u00e1 byla p\u0159itom p\u0159edlo\u017eena\u00a0<strong>[<a href=\"https:\/\/href.li\/?https:\/\/www.odok.cz\/portal\/veklep\/material\/KORNBB6HAKYN\/\" target=\"_blank\" rel=\"nofollow noopener\">4<\/a>]<\/strong>\u00a0ji\u017e v roce 2019 b\u00fdval\u00fdm ministrem vnitra Janem Ham\u00e1\u010dkem, najednou zni\u010dehonic o\u017eila a dostala se na projedn\u00e1v\u00e1n\u00ed vl\u00e1dy. Tento sp\u011bch na z\u00e1konn\u00e9 \u00fapravy v \u010cR s c\u00edlem institucion\u00e1ln\u011b ukotvit Ukrajince jako nejv\u011bt\u0161\u00ed etnickou men\u0161inu v \u010cR natrvalo a nast\u00e1lo, je veden informacemi vojensk\u00e9ho zpravodajstv\u00ed (VZ) v re\u017eimu tajn\u00e9ho ur\u010den\u00ed.<\/p>\n<p><strong>Vl\u00e1da m\u00e1 informace o bl\u00ed\u017e\u00edc\u00edm se \u201cneblah\u00e9m\u201d v\u00fdsledku p\u0159euspo\u0159\u00e1d\u00e1n\u00ed Ukrajiny, kter\u00e9 povede k p\u00e1du B\u011blov\u011b\u017esk\u00fdch dohod, kter\u00e9 stanovily hranice Rusk\u00e9 federace, B\u011bloruska a Ukrajiny.<\/strong>\u00a0Spole\u010dn\u011b s B\u011blov\u011b\u017esk\u00fdmi dohodami padnou i dal\u0161\u00ed nav\u00e1zan\u00e9 dohody, p\u0159edev\u0161\u00edm o pr\u00e1vech n\u00e1rod\u016f na sebeur\u010den\u00ed, kter\u00e9 bylo Borisem Jelcinem z t\u011bchto dohod \u00fapln\u011b vypu\u0161t\u011bno a Ukrajina si zachovala hranice p\u016fvodn\u00ed Sov\u011btsk\u00e9 ukrajinsk\u00e9 svazov\u00e9 republiky bez jak\u00fdchkoliv reflex\u00ed na siln\u011b rusk\u00e9 regiony na jihu a v\u00fdchod\u011b Ukrajiny.<\/p>\n<figure id=\"attachment_54337\" class=\"wp-caption aligncenter\" style=\"width: 730px;\"><a href=\"https:\/\/aeronet.news\/wp-content\/uploads\/AzylPobytPodminky.jpg\"><img decoding=\"async\" loading=\"lazy\" class=\"wp-image-54337 \" src=\"https:\/\/aeronet.news\/wp-content\/uploads\/AzylPobytPodminky.jpg\" sizes=\"(max-width: 739px) 100vw, 739px\" srcset=\"https:\/\/aeronet.news\/wp-content\/uploads\/AzylPobytPodminky.jpg 739w, https:\/\/aeronet.news\/wp-content\/uploads\/AzylPobytPodminky-300x174.jpg 300w, https:\/\/aeronet.news\/wp-content\/uploads\/AzylPobytPodminky-700x406.jpg 700w, https:\/\/aeronet.news\/wp-content\/uploads\/AzylPobytPodminky-615x357.jpg 615w\" alt=\"\" width=\"730\" height=\"424\" \/><\/a><figcaption class=\"wp-caption-text\">\u00daryvek z dokumentu pro \u017eadatele o azyl v \u010cR<\/figcaption><\/figure>\n<p>Tehdy v roce 1991 si nikdo nemyslel z \u00fa\u010dastn\u00edk\u016f B\u011blov\u011b\u017esk\u00e9 konference, \u017ee za n\u011bjak\u00fdch 30 let se z Ukrajiny stane neonacistick\u00fd st\u00e1t nasunuj\u00edc\u00ed zbran\u011b NATO na sv\u00e9 \u00fazem\u00ed, kter\u00fd povede 8 let ob\u010danskou v\u00e1lku proti vlastn\u00edmu obyvatelstvu na v\u00fdchod\u011b Ukrajiny, a \u017ee se stane dobrovoln\u011b proxy v\u00e1le\u010dnickou zem\u00ed v \u017eoldu NATO proti Rusk\u00e9 federaci. Za takov\u00fdch podm\u00ednek nemohou B\u011blov\u011b\u017esk\u00e9 dohody b\u00fdt garantov\u00e1ny, jak pronesl u\u017e n\u011bkolikr\u00e1t Vladimir Putin na Valdajsk\u00e9m f\u00f3ru. A \u010desk\u00e1 vojensk\u00e1 rozv\u011bdka posouv\u00e1 vl\u00e1d\u011b Petra Fialy tyto zpr\u00e1vy zvl\u00e1\u0161tn\u00edho ur\u010den\u00ed, kter\u00e9 varuj\u00ed, \u017ee na Ukrajin\u011b dojde k trval\u00e9mu p\u0159ekreslen\u00ed hranic Ukrajiny, a mo\u017en\u00e1 nejen t\u011bch s Ruskem, ale i s Polskem.<\/p>\n<h6><span style=\"font-size: 18pt;\">Ukrajinc\u016fm p\u0159ipad\u00e1 \u010cesk\u00e1 republika jako zem\u011b zasl\u00edben\u00e1, proto\u017ee 30 let budovan\u00e9 z\u00e1zem\u00ed poskytuje Ukrajinc\u016fm lehk\u00fd start<\/span><\/h6>\n<p>A v tomto ohledu se m\u00e1 \u010desk\u00e1 vl\u00e1da p\u0159ipravit na setrv\u00e1n\u00ed velmi v\u00fdznamn\u00e9ho po\u010dtu Ukrajinc\u016f na \u00fazem\u00ed \u010cR natrvalo, napo\u0159\u00e1d, proto\u017ee na Ukrajinu s nov\u00fdmi hranicemi se ji\u017e mnoho Ukrajinc\u016f nevr\u00e1t\u00ed. A nikoliv proto, \u017ee by nemohli, ale proto\u017ee nebudou cht\u00edt. Z tohoto d\u016fvodu Fialova vl\u00e1da urychluje pr\u00e1v\u011b te\u010f v lednu zm\u011bnu z\u00e1kona o \u00fa\u0159edn\u00edc\u00edch, p\u0159i\u010dem\u017e cel\u00fd minul\u00fd rok se k tomu nem\u011bla, nebyl zjevn\u011b d\u016fvod.<\/p>\n<p><strong>Jen\u017ee, te\u010f se to m\u011bn\u00ed s t\u00edm, jak se na Ukrajin\u011b ukazuje, \u017ee ukrajinsk\u00e1 arm\u00e1da opravdu z\u00e1zrak neza\u0159\u00edd\u00ed a Rusk\u00e1 arm\u00e1da postupn\u011b zakroj\u00ed do \u00fazem\u00ed B\u011blov\u011b\u017esk\u00e9 Ukrajiny mnohem hloub\u011bji.<\/strong>\u00a0Rovn\u011b\u017e je t\u0159eba vysv\u011btlit \u00falohu \u010cesk\u00e9 republiky pro Ukrajince jako takov\u00e9. Od roku 1990 maj\u00ed Ukrajinci vybudovanou v \u010cR obrovskou podzemn\u00ed infrastrukturu, \u0161edou ekonomiku, \u0161ed\u00fd trh pr\u00e1ce, mohutn\u00e9 kontakty na nejr\u016fzn\u011bj\u0161\u00edch \u00farovn\u00edch \u010desk\u00e9ho st\u00e1tu.<\/p>\n<figure id=\"attachment_53677\" class=\"wp-caption aligncenter\" style=\"width: 687px;\"><a href=\"https:\/\/aeronet.news\/wp-content\/uploads\/RakusanFialaKyjev.jpg\"><img decoding=\"async\" loading=\"lazy\" class=\"wp-image-53677 \" src=\"https:\/\/aeronet.news\/wp-content\/uploads\/RakusanFialaKyjev-1024x683.jpg\" sizes=\"(max-width: 700px) 100vw, 700px\" srcset=\"https:\/\/aeronet.news\/wp-content\/uploads\/RakusanFialaKyjev-1024x683.jpg 1024w, https:\/\/aeronet.news\/wp-content\/uploads\/RakusanFialaKyjev-300x200.jpg 300w, https:\/\/aeronet.news\/wp-content\/uploads\/RakusanFialaKyjev-768x512.jpg 768w, https:\/\/aeronet.news\/wp-content\/uploads\/RakusanFialaKyjev-700x467.jpg 700w, https:\/\/aeronet.news\/wp-content\/uploads\/RakusanFialaKyjev-536x357.jpg 536w, https:\/\/aeronet.news\/wp-content\/uploads\/RakusanFialaKyjev-725x483.jpg 725w, https:\/\/aeronet.news\/wp-content\/uploads\/RakusanFialaKyjev.jpg 1200w\" alt=\"\" width=\"687\" height=\"458\" \/><\/a><figcaption class=\"wp-caption-text\">Petr Fiala a V\u00edt Raku\u0161an v Kyjev\u011b s ukrajinsk\u00fdm p\u0159edsedou vl\u00e1dy Denisem \u0160mihalem (vpravo)<\/figcaption><\/figure>\n<p>A to d\u011bl\u00e1 z \u010cR nejen skv\u011blou zemi pro gastarbeitery z Ukrajiny, ale p\u0159edev\u0161\u00edm se z \u010cR st\u00e1v\u00e1 vhodn\u00fd a vlastn\u011b jedin\u00fd kandid\u00e1t na trval\u00e9 n\u00e1hradn\u00ed bydli\u0161t\u011b pro Ukrajince. Kdy\u017e Ukrajinec bude cht\u00edt naj\u00edt pr\u00e1ci, nep\u016fjde do N\u011bmecka, kdy\u017e v\u00ed, \u017ee v \u010cesku m\u00e1 z\u00e1zem\u00ed, kter\u00e9 mu v N\u011bmecku nikdo neposkytne. A spolu s v\u00e1lkou na Ukrajin\u011b najednou za\u010daly s Ukrajinci komunikovat v ukrajin\u0161tin\u011b i \u010desk\u00e9 banky.<\/p>\n<p>\u010cesk\u00e9 noviny za\u010daly vyd\u00e1vat sekce v ukrajin\u0161tin\u011b, nic z tohoto jinde Ukrajinci v EU nenajdou. V\u00edce jak 30 let budovan\u00e9 ukrajinsk\u00e9 z\u00e1zem\u00ed v \u010cR se tak pouze zlegalizuje z \u0161ed\u00e9 z\u00f3ny do t\u00e9 ofici\u00e1ln\u00ed a Ukrajinci se tak z podzem\u00ed dostanou na ofici\u00e1ln\u00ed m\u00edsta, na \u00fa\u0159ady, do org\u00e1n\u016f st\u00e1tu a des\u00edtky tis\u00edc ukrajinsk\u00fdch d\u011bt\u00ed zaplavily \u0161koly, co\u017e je postupn\u011b za p\u00e1r let ofici\u00e1ln\u011b transformuje do \u010cecho-Ukrajinc\u016f, resp. Ukro-\u010cech\u016f.<\/p>\n<h6><span style=\"font-size: 18pt;\">Fialova vl\u00e1da chce v \u010cR zrealizovat to sam\u00e9, co prob\u011bhlo v Kalifornii a v ji\u017en\u00edch st\u00e1tech USA. Jenom to nebude hispanizace USA, ale ukrajinizace \u010ceska<\/span><\/h6>\n<p>Dojde tak k tomu sam\u00e9mu, k \u010demu do\u0161lo p\u0159ed zhruba 50 lety v USA, kde prob\u011bhla v d\u016fsledku l\u00e1\u017eo-pl\u00e1\u017eo ned\u016fsledn\u00e9 ochrany ji\u017en\u00ed hranice USA obrovsk\u00e1 hispanizace cel\u00fdch jednotliv\u00fdch st\u00e1t\u016f, kde tito Hisp\u00e1nci se stali kovanou arm\u00e1dou voli\u010d\u016f americk\u00e9 Demokratick\u00e9 strany a Demokrat\u00e9 za\u010dali vyhr\u00e1vat volby v m\u00edstech, kde to p\u016fvodn\u011b bylo nemysliteln\u00e9.\u00a0<strong>Hispanizace p\u0159inesla indukci chudoby, n\u00edzk\u00fdch v\u00fdd\u011blk\u016f, co\u017e vedlo k exodu b\u00edl\u00e9ho obyvatelstva a k jejich st\u011bhov\u00e1n\u00ed pry\u010d.<\/strong><\/p>\n<p>Proces hisp\u00e1nsk\u00e9 ghettizace nejv\u00edce dolehl na Kalifornii, kde v Los Angeles jsou dnes nam\u00edsto n\u00e1dhern\u00fdch bulv\u00e1r\u016f s palmami jen pouli\u010dn\u00ed ghetta pln\u00e1 stan\u016f na chodn\u00edc\u00edch, kde skon\u010dili statis\u00edce obyvatel m\u011bsta v d\u016fsledku indukce hisp\u00e1nsk\u00e9 chudoby. Ne, covidov\u00e1 krize ten proces jen urychlila a zviditelnila, ale nebyla p\u0159\u00ed\u010dinou. P\u0159\u00ed\u010dinou byla ne\u0159\u00edzen\u00e1 migrace v Kalifornii trvaj\u00edc\u00ed prakticky 50 let.<\/p>\n<figure id=\"attachment_52157\" class=\"wp-caption aligncenter\" style=\"width: 683px;\"><a href=\"https:\/\/aeronet.news\/wp-content\/uploads\/LidSkostiPetrFiala.jpg\"><img decoding=\"async\" loading=\"lazy\" class=\"wp-image-52157 \" src=\"https:\/\/aeronet.news\/wp-content\/uploads\/LidSkostiPetrFiala-1024x682.jpg\" sizes=\"(max-width: 700px) 100vw, 700px\" srcset=\"https:\/\/aeronet.news\/wp-content\/uploads\/LidSkostiPetrFiala-1024x682.jpg 1024w, https:\/\/aeronet.news\/wp-content\/uploads\/LidSkostiPetrFiala-300x200.jpg 300w, https:\/\/aeronet.news\/wp-content\/uploads\/LidSkostiPetrFiala-768x512.jpg 768w, https:\/\/aeronet.news\/wp-content\/uploads\/LidSkostiPetrFiala-700x466.jpg 700w, https:\/\/aeronet.news\/wp-content\/uploads\/LidSkostiPetrFiala-536x357.jpg 536w, https:\/\/aeronet.news\/wp-content\/uploads\/LidSkostiPetrFiala-725x483.jpg 725w, https:\/\/aeronet.news\/wp-content\/uploads\/LidSkostiPetrFiala.jpg 1280w\" alt=\"\" width=\"683\" height=\"455\" \/><\/a><figcaption class=\"wp-caption-text\">Meme vystihuj\u00edc\u00ed skute\u010dnou podstatu Fialovy vl\u00e1dy<\/figcaption><\/figure>\n<p>Ukrajinci p\u0159inesou do \u010cR stejn\u00fd proces. Zp\u016fsob\u00ed obrovsk\u00fd tlak na sni\u017eov\u00e1n\u00ed mezd, nejprve v oblastech stavebnictv\u00ed a nekvalifikovan\u00e9 pr\u00e1ce. Postupn\u011b se to ale roz\u0161\u00ed\u0159\u00ed i na kvalifikovan\u00e9 obory, zejm\u00e9na ve zdravotnictv\u00ed, na pozic\u00edch l\u00e9ka\u0159\u016f a zdravotn\u00edch sester, proto\u017ee Ukrajinci budou p\u0159ipraveni pracovat za m\u00e9n\u011b ne\u017e \u010ce\u0161i.\u00a0<strong>To sam\u00e9, co prob\u011bhlo v Kalifornii a v ji\u017eansk\u00fdch st\u00e1tech USA b\u011bhem hispanizace. A spolu s ochotou pracovat za m\u00e9n\u011b se prohloub\u00ed \u010desk\u00e1 chudoba, n\u00edzk\u00e1 \u00farove\u0148 re\u00e1ln\u00fdch mezd.<\/strong><\/p>\n<p>A tato arm\u00e1da Ukrajinc\u016f se d\u0159\u00edve \u010di pozd\u011bji naturalizuje a budou moci volit takov\u00e9 strany, kter\u00e9 jim jdou na ruku. Budou volit pro-ukrajinsk\u00e9 subjekty. Budou volit ODS, TOP 09, STAN a v\u0161echny partaje, kter\u00e9 budou volat sl\u00e1vu Ukrajin\u011b. P\u0159esn\u011b proto te\u010f prob\u00edhaj\u00ed snahy o institucionalizaci Ukrajinc\u016f v \u010cR. A zm\u011bna \u00fa\u0159ednick\u00e9ho z\u00e1kona je naprosto logickou podm\u00ednkou takov\u00e9ho procesu. Tak\u017ee vzkaz Petra Fialy psan\u00fd jeho rukou na \u010desk\u00e9 tanky darovan\u00e9 Ukrajin\u011b je mo\u017en\u00e9 vn\u00edmat doslova jako symbol a po\u010d\u00e1tek institucion\u00e1ln\u00edho spojen\u00ed obou zem\u00ed.<\/p>\n<p>-VK- \u0160\u00e9fredaktor AE News<\/p>\n<p><a href=\"https:\/\/aeronet.news\/ukrajinci-budou-moci-oficialne-pracovat-v-ceske-statni-sprave-a-na-vsech-uradech-umozni-to-rakusanova-novela-zakona-o-urednicich-ktera-prave-pristala-na-vlade-puvodne-melo-jit-o-konvergenci\/\">ZDROJ<\/a><\/p>\n<p>&nbsp;<\/p>\n<p><img decoding=\"async\" loading=\"lazy\" class=\"wp-image-19187 aligncenter\" src=\"http:\/\/www.infokuryr.cz\/n\/wp-content\/uploads\/2022\/12\/1-PRO-300x36.jpg\" alt=\"\" width=\"1300\" height=\"156\" srcset=\"https:\/\/www.infokuryr.cz\/n\/wp-content\/uploads\/2022\/12\/1-PRO-300x36.jpg 300w, https:\/\/www.infokuryr.cz\/n\/wp-content\/uploads\/2022\/12\/1-PRO.jpg 699w\" sizes=\"(max-width: 1300px) 100vw, 1300px\" \/><\/p>\n<p>&nbsp;<\/p>\n","protected":false},"excerpt":{"rendered":"<p>Ukrajinci budou moci ofici\u00e1ln\u011b pracovat v \u010desk\u00e9 st\u00e1tn\u00ed spr\u00e1v\u011b a na v\u0161ech \u00fa\u0159adech, umo\u017en\u00ed to&#8230;<\/p>\n","protected":false},"author":2,"featured_media":21025,"comment_status":"closed","ping_status":"closed","sticky":false,"template":"","format":"standard","meta":[],"categories":[6],"tags":[601,1635,99],"_links":{"self":[{"href":"https:\/\/www.infokuryr.cz\/n\/wp-json\/wp\/v2\/posts\/21024"}],"collection":[{"href":"https:\/\/www.infokuryr.cz\/n\/wp-json\/wp\/v2\/posts"}],"about":[{"href":"https:\/\/www.infokuryr.cz\/n\/wp-json\/wp\/v2\/types\/post"}],"author":[{"embeddable":true,"href":"https:\/\/www.infokuryr.cz\/n\/wp-json\/wp\/v2\/users\/2"}],"replies":[{"embeddable":true,"href":"https:\/\/www.infokuryr.cz\/n\/wp-json\/wp\/v2\/comments?post=21024"}],"version-history":[{"count":0,"href":"https:\/\/www.infokuryr.cz\/n\/wp-json\/wp\/v2\/posts\/21024\/revisions"}],"wp:featuredmedia":[{"embeddable":true,"href":"https:\/\/www.infokuryr.cz\/n\/wp-json\/wp\/v2\/media\/21025"}],"wp:attachment":[{"href":"https:\/\/www.infokuryr.cz\/n\/wp-json\/wp\/v2\/media?parent=21024"}],"wp:term":[{"taxonomy":"category","embeddable":true,"href":"https:\/\/www.infokuryr.cz\/n\/wp-json\/wp\/v2\/categories?post=21024"},{"taxonomy":"post_tag","embeddable":true,"href":"https:\/\/www.infokuryr.cz\/n\/wp-json\/wp\/v2\/tags?post=21024"}],"curies":[{"name":"wp","href":"https:\/\/api.w.org\/{rel}","templated":true}]}}