{"id":21023,"date":"2023-01-11T01:13:47","date_gmt":"2023-01-11T00:13:47","guid":{"rendered":"http:\/\/www.infokuryr.cz\/n\/?p=21023"},"modified":"2023-01-10T19:17:05","modified_gmt":"2023-01-10T18:17:05","slug":"ep-misto-penzijniho-fondu-investuje-do-vyroby-kazetovych-bomb","status":"publish","type":"post","link":"https:\/\/www.infokuryr.cz\/n\/2023\/01\/11\/ep-misto-penzijniho-fondu-investuje-do-vyroby-kazetovych-bomb\/","title":{"rendered":"EP m\u00edsto penzijn\u00edho fondu investuje do v\u00fdroby kazetov\u00fdch bomb"},"content":{"rendered":"<div id=\"fb-root\"><\/div>\n<p><span>Mana\u017ee\u0159i penzijn\u00edho programu Evropsk\u00e9ho parlamentu investovali pen\u00edze, kter\u00e9 m\u011bly j\u00edt do penzijn\u00edho fondu poslanc\u016f, do v\u00fdroby zak\u00e1zan\u00fdch kazetov\u00fdch bomb ve Spojen\u00fdch st\u00e1tech a do tab\u00e1kov\u00e9ho pr\u016fmyslu, uv\u00e1d\u00ed EU Observer (EUO).<\/span><\/p>\n<p><span>Publikace tvrd\u00ed, \u017ee v r\u00e1mci tohoto sch\u00e9matu byly nakoupeny des\u00edtky tis\u00edc akci\u00ed americk\u00e9ho vojensko-pr\u016fmyslov\u00e9ho komplexu a tab\u00e1kov\u00fdch spole\u010dnost\u00ed.<\/span><\/p>\n<p><span>P\u016fvodn\u011b museli poslanci EP v r\u00e1mci dobrovoln\u00e9ho programu p\u0159isp\u00edvat do penzijn\u00edho fondu po dobu dvou let v hotovosti.\u00a0Jejich pod\u00edl byl ode\u010dten z m\u011bs\u00ed\u010dn\u00ed n\u00e1hrady za \u00fatratu za kancel\u00e1\u0159sk\u00e9 pot\u0159eby.<\/span><\/p>\n<p><span>Raytheon, Honeywell International a Textron Inc. v minulosti vyr\u00e1b\u011bly kazetov\u00e9 bomby a dobrovoln\u00fd d\u016fchodov\u00fd program EP investoval do v\u0161ech t\u0159\u00ed.<\/span><\/p>\n<p>Tak\u017ee co dodat? Zlo\u010dinn\u00e1 EU se st\u00e1le v\u00edce a v\u00edce odhaluje!<\/p>\n<p><img decoding=\"async\" loading=\"lazy\" class=\"alignnone size-full wp-image-1185\" src=\"http:\/\/www.infokuryr.cz\/n\/wp-content\/uploads\/2021\/04\/kuryr-podpis.png\" alt=\"\" width=\"84\" height=\"24\" \/><\/p>\n<p>&nbsp;<\/p>\n<p><img decoding=\"async\" loading=\"lazy\" class=\"wp-image-19187 aligncenter\" src=\"http:\/\/www.infokuryr.cz\/n\/wp-content\/uploads\/2022\/12\/1-PRO-300x36.jpg\" alt=\"\" width=\"1267\" height=\"152\" srcset=\"https:\/\/www.infokuryr.cz\/n\/wp-content\/uploads\/2022\/12\/1-PRO-300x36.jpg 300w, https:\/\/www.infokuryr.cz\/n\/wp-content\/uploads\/2022\/12\/1-PRO.jpg 699w\" sizes=\"(max-width: 1267px) 100vw, 1267px\" \/><\/p>\n<p>&nbsp;<\/p>\n","protected":false},"excerpt":{"rendered":"<p>Mana\u017ee\u0159i penzijn\u00edho programu Evropsk\u00e9ho parlamentu investovali pen\u00edze, kter\u00e9 m\u011bly j\u00edt do penzijn\u00edho fondu poslanc\u016f, do&#8230;<\/p>\n","protected":false},"author":2,"featured_media":870,"comment_status":"closed","ping_status":"closed","sticky":false,"template":"","format":"standard","meta":[],"categories":[7],"tags":[41,90,4225,73],"_links":{"self":[{"href":"https:\/\/www.infokuryr.cz\/n\/wp-json\/wp\/v2\/posts\/21023"}],"collection":[{"href":"https:\/\/www.infokuryr.cz\/n\/wp-json\/wp\/v2\/posts"}],"about":[{"href":"https:\/\/www.infokuryr.cz\/n\/wp-json\/wp\/v2\/types\/post"}],"author":[{"embeddable":true,"href":"https:\/\/www.infokuryr.cz\/n\/wp-json\/wp\/v2\/users\/2"}],"replies":[{"embeddable":true,"href":"https:\/\/www.infokuryr.cz\/n\/wp-json\/wp\/v2\/comments?post=21023"}],"version-history":[{"count":0,"href":"https:\/\/www.infokuryr.cz\/n\/wp-json\/wp\/v2\/posts\/21023\/revisions"}],"wp:featuredmedia":[{"embeddable":true,"href":"https:\/\/www.infokuryr.cz\/n\/wp-json\/wp\/v2\/media\/870"}],"wp:attachment":[{"href":"https:\/\/www.infokuryr.cz\/n\/wp-json\/wp\/v2\/media?parent=21023"}],"wp:term":[{"taxonomy":"category","embeddable":true,"href":"https:\/\/www.infokuryr.cz\/n\/wp-json\/wp\/v2\/categories?post=21023"},{"taxonomy":"post_tag","embeddable":true,"href":"https:\/\/www.infokuryr.cz\/n\/wp-json\/wp\/v2\/tags?post=21023"}],"curies":[{"name":"wp","href":"https:\/\/api.w.org\/{rel}","templated":true}]}}