{"id":21021,"date":"2023-01-11T01:12:44","date_gmt":"2023-01-11T00:12:44","guid":{"rendered":"http:\/\/www.infokuryr.cz\/n\/?p=21021"},"modified":"2023-01-10T19:05:37","modified_gmt":"2023-01-10T18:05:37","slug":"sojgu-rusko-bude-pokracovat-ve-vyvoji-jaderneho-stitu-jako-garanta-suverenity","status":"publish","type":"post","link":"https:\/\/www.infokuryr.cz\/n\/2023\/01\/11\/sojgu-rusko-bude-pokracovat-ve-vyvoji-jaderneho-stitu-jako-garanta-suverenity\/","title":{"rendered":"\u0160ojgu: Rusko bude pokra\u010dovat ve v\u00fdvoji jadern\u00e9ho \u0161t\u00edtu jako garanta suverenity"},"content":{"rendered":"<div id=\"fb-root\"><\/div>\n<p><b><span>V roce 2023 bude Rusko pokra\u010dovat v rozvoji jadern\u00e9 tri\u00e1dy.\u00a0Ozn\u00e1mil to \u0161\u00e9f ministerstva obrany (MO) Sergej \u0160ojgu na konferen\u010dn\u00edm hovoru s veden\u00edm Ozbrojen\u00fdch sil (OS) Rusk\u00e9 federace.<\/span><\/b><\/p>\n<p><span>&#8222;Budeme pokra\u010dovat v rozvoji jadern\u00e9 tri\u00e1dy a udr\u017eovat jej\u00ed bojovou p\u0159ipravenost, proto\u017ee jadern\u00fd \u0161t\u00edt byl a z\u016fst\u00e1v\u00e1 hlavn\u00edm garantem suverenity a \u00fazemn\u00ed celistvosti na\u0161eho st\u00e1tu,&#8220; \u0159ekl arm\u00e1dn\u00ed gener\u00e1l.<\/span><\/p>\n<p><span>Krom\u011b toho se zv\u00fd\u0161\u00ed bojov\u00e9 schopnosti leteck\u00fdch sil (VKS) &#8211; jak z hlediska provozu st\u00edha\u010dek a bombard\u00e9r\u016f v oblasti provozu modern\u00edch syst\u00e9m\u016f protivzdu\u0161n\u00e9 obrany (AD), tak z hlediska vylep\u0161en\u00ed dron\u016f.<\/span><\/p>\n<p><span>\u201eNa\u0161e bezprost\u0159edn\u00ed pl\u00e1ny zahrnuj\u00ed roz\u0161\u00ed\u0159en\u00ed arzen\u00e1lu modern\u00edch \u00fadern\u00fdch zbran\u00ed. Nem\u00e9n\u011b d\u016fle\u017eit\u00fdm \u00fakolem je co nejd\u0159\u00edve vylep\u0161it v\u00fdstroj a taktick\u00e9 vybaven\u00ed person\u00e1lu na nejvy\u0161\u0161\u00ed \u00farove\u0148.\u00a0V\u0161echno, co st\u00edha\u010dka pot\u0159ebuje, mus\u00ed b\u00fdt modern\u00ed, pohodln\u00e9 a spolehliv\u00e9,\u201c zd\u016fraznil ministr.\u00a0\u201eMus\u00edme zlep\u0161it syst\u00e9m \u0159\u00edzen\u00ed a komunikace.\u00a0Pro tyto \u00fa\u010dely budeme aktivn\u011b vyu\u017e\u00edvat technologie um\u011bl\u00e9 inteligence.\u201c<\/span><\/p>\n<p><span>\u0160ojgu p\u0159ipomn\u011bl, \u017ee na roz\u0161\u00ed\u0159en\u00e9m zased\u00e1n\u00ed p\u0159edsednictva ministerstva obrany, kter\u00e9 se konalo v prosinci, stanovil nejvy\u0161\u0161\u00ed velitel Vladimir Putin \u0159adu prioritn\u00edch \u00fakol\u016f, z nich\u017e hlavn\u00edm je p\u0159ijmout komplexn\u00ed opat\u0159en\u00ed ke kvalitativn\u00ed modernizaci arm\u00e1dy a zv\u00fd\u0161en\u00ed jej\u00ed bojov\u00e9 schopnosti.<\/span><\/p>\n<p><span>\u201ePot\u0159ebujeme neust\u00e1le analyzovat a systematizovat zku\u0161enosti na\u0161ich skupin na Ukrajin\u011b a v S\u00fdrii, na jejich z\u00e1klad\u011b vypracovat v\u00fdcvikov\u00e9 programy pro person\u00e1l a pl\u00e1ny dod\u00e1vek vojensk\u00e9ho materi\u00e1lu.\u00a0Praxe z\u00edskan\u00e1 na\u0161imi jednotkami by se m\u011bla st\u00e1t z\u00e1kladem pro zlep\u0161en\u00ed bojov\u00e9ho v\u00fdcviku, \u201cuvedl \u0161\u00e9f rusk\u00e9ho ministerstva obrany.<\/span><\/p>\n<p><span>Krom\u011b toho bude podle n\u011bj v nejbli\u017e\u0161\u00ed dob\u011b nutn\u00e9 modernizovat pr\u00e1ci vojensk\u00fdch komisa\u0159\u016f: budou digitalizov\u00e1ny datab\u00e1ze, zavedena interakce s m\u00edstn\u00edmi \u00fa\u0159ady a pr\u016fmyslem, bude aktualizov\u00e1n syst\u00e9m organizov\u00e1n\u00ed civiln\u00ed a \u00fazemn\u00ed obrany, bude se jednat o modernizaci pr\u00e1ce vojensk\u00fdch komisa\u0159\u016f. budou zlep\u0161eny mechanismy reakce na civiln\u00ed iniciativy.<\/span><\/p>\n<p><span>\u201e\u0158e\u0161en\u00ed t\u011bchto a dal\u0161\u00edch \u00fakol\u016f umo\u017en\u00ed zv\u00fd\u0161it bojov\u00e9 schopnosti ozbrojen\u00fdch sil, zajistit odstra\u0161en\u00ed agrese proti Rusku a na\u0161im spojenc\u016fm,\u201c uzav\u0159el \u0160ojgu.<\/span><\/p>\n<p><i><span>Na konci listopadu ministr ozn\u00e1mil, \u017ee rusk\u00e9 jednotky v r\u00e1mci speci\u00e1ln\u00ed operace na demilitarizaci a denacifikaci Ukrajiny a ochranu civiln\u00edho obyvatelstva Donbasu testuj\u00ed nov\u00e9 metody bojov\u00e9ho pou\u017eit\u00ed raketov\u00fdch sil a d\u011blost\u0159electva, p\u0159edev\u0161\u00edm v podob\u011b pr\u016fzkumn\u00fdch a \u00fadern\u00fdch palebn\u00fdch syst\u00e9m\u016f, v\u010detn\u011b dron\u016f.\u00a0V prosinci \u0160ojgu na z\u00e1v\u011bre\u010dn\u00e9 rad\u011b vojensk\u00e9ho odd\u011blen\u00ed za \u00fa\u010dasti rusk\u00e9ho prezidenta Vladimira Putina ozn\u00e1mil pot\u0159ebu p\u0159\u00ed\u0161t\u00edho roku p\u0159ijmout t\u0159i raketov\u00e9 nosi\u010de Tu-160M \u200b\u200bdo leteck\u00fdch strategick\u00fdch jadern\u00fdch sil.\u00a0<\/span><\/i><\/p>\n<p><img decoding=\"async\" loading=\"lazy\" class=\"alignnone size-full wp-image-1185\" src=\"http:\/\/www.infokuryr.cz\/n\/wp-content\/uploads\/2021\/04\/kuryr-podpis.png\" alt=\"\" width=\"84\" height=\"24\" \/><\/p>\n<p>&nbsp;<\/p>\n<p><img decoding=\"async\" loading=\"lazy\" class=\"wp-image-19187 aligncenter\" src=\"http:\/\/www.infokuryr.cz\/n\/wp-content\/uploads\/2022\/12\/1-PRO-300x36.jpg\" alt=\"\" width=\"1233\" height=\"148\" srcset=\"https:\/\/www.infokuryr.cz\/n\/wp-content\/uploads\/2022\/12\/1-PRO-300x36.jpg 300w, https:\/\/www.infokuryr.cz\/n\/wp-content\/uploads\/2022\/12\/1-PRO.jpg 699w\" sizes=\"(max-width: 1233px) 100vw, 1233px\" \/><\/p>\n<p>&nbsp;<\/p>\n","protected":false},"excerpt":{"rendered":"<p>V roce 2023 bude Rusko pokra\u010dovat v rozvoji jadern\u00e9 tri\u00e1dy.\u00a0Ozn\u00e1mil to \u0161\u00e9f ministerstva obrany (MO)&#8230;<\/p>\n","protected":false},"author":2,"featured_media":7084,"comment_status":"closed","ping_status":"closed","sticky":false,"template":"","format":"standard","meta":[],"categories":[7],"tags":[1069,22,2249],"_links":{"self":[{"href":"https:\/\/www.infokuryr.cz\/n\/wp-json\/wp\/v2\/posts\/21021"}],"collection":[{"href":"https:\/\/www.infokuryr.cz\/n\/wp-json\/wp\/v2\/posts"}],"about":[{"href":"https:\/\/www.infokuryr.cz\/n\/wp-json\/wp\/v2\/types\/post"}],"author":[{"embeddable":true,"href":"https:\/\/www.infokuryr.cz\/n\/wp-json\/wp\/v2\/users\/2"}],"replies":[{"embeddable":true,"href":"https:\/\/www.infokuryr.cz\/n\/wp-json\/wp\/v2\/comments?post=21021"}],"version-history":[{"count":1,"href":"https:\/\/www.infokuryr.cz\/n\/wp-json\/wp\/v2\/posts\/21021\/revisions"}],"predecessor-version":[{"id":21022,"href":"https:\/\/www.infokuryr.cz\/n\/wp-json\/wp\/v2\/posts\/21021\/revisions\/21022"}],"wp:featuredmedia":[{"embeddable":true,"href":"https:\/\/www.infokuryr.cz\/n\/wp-json\/wp\/v2\/media\/7084"}],"wp:attachment":[{"href":"https:\/\/www.infokuryr.cz\/n\/wp-json\/wp\/v2\/media?parent=21021"}],"wp:term":[{"taxonomy":"category","embeddable":true,"href":"https:\/\/www.infokuryr.cz\/n\/wp-json\/wp\/v2\/categories?post=21021"},{"taxonomy":"post_tag","embeddable":true,"href":"https:\/\/www.infokuryr.cz\/n\/wp-json\/wp\/v2\/tags?post=21021"}],"curies":[{"name":"wp","href":"https:\/\/api.w.org\/{rel}","templated":true}]}}