{"id":21018,"date":"2023-01-11T01:11:25","date_gmt":"2023-01-11T00:11:25","guid":{"rendered":"http:\/\/www.infokuryr.cz\/n\/?p=21018"},"modified":"2023-01-10T18:44:26","modified_gmt":"2023-01-10T17:44:26","slug":"jane-kaufman-ti-kteri-na-ukrajine-vladnou-a-co-jsou-zac","status":"publish","type":"post","link":"https:\/\/www.infokuryr.cz\/n\/2023\/01\/11\/jane-kaufman-ti-kteri-na-ukrajine-vladnou-a-co-jsou-zac\/","title":{"rendered":"Jane Kaufman: Ti, kte\u0159\u00ed na Ukrajin\u011b vl\u00e1dnou a co jsou za\u010d"},"content":{"rendered":"<div id=\"fb-root\"><\/div>\n<p><a href=\"https:\/\/sputniknews.com\/20230106\/it-is-immoral-to-fund-this-gop-rep-blasts-ukraines-zelensky-for-rejecting-christmas-truce-1106080468.html\">Na \u017e\u00e1dost<\/a> hlavn\u00edho p\u0159edstavitele Rusk\u00e9 ortodoxn\u00ed c\u00edrkve, Patriarcha Kyrila, p\u0159ik\u00e1zal President Putin zastaven\u00ed boj\u016f na 36 hodin od 12:00 v\u00a0p\u00e1tek a oslavov\u00e1n\u00ed pravoslavn\u00fdch V\u00e1noc. Tyto jsou slaveny podle Juli\u00e1nsk\u00e9ho kalend\u00e1\u0159e, co\u017e je 7. ledna. V\u0161ichni \u00fa\u010dastn\u00edci konfliktu na Ukrajin\u011b byli vyzv\u00e1ni k\u00a0odlo\u017een\u00ed zbran\u00ed na ur\u010denou dobu.<\/p>\n<p>Ukrajinsk\u00fd President Zelensk\u00fd tento n\u00e1pad zavrhl a odm\u00edtal p\u0159estat se st\u0159\u00edlen\u00edm. Obvinil Moskvu, \u017ee je to jen z\u00e1minka, aby zastavili postup Ukrajinc\u016f kup\u0159edu a mohli p\u0159iv\u00e9zt v\u00edc sv\u00fdch voj\u00e1k\u016f a vojensk\u00e9 v\u00fdzbroje do Donbasu. I jeho poradce, Michail Podoljak \u0159ekl, \u017ee to cel\u00e9 je cynick\u00e1 past a propaganda.<\/p>\n<p>Americk\u00fd President Biden se k\u00a0Ukrajinc\u016fm p\u0159idal a prohl\u00e1sil, \u017ee Rusov\u00e9 mus\u00ed na t\u011bch p\u00e1r hodin vynechat, aby mohli nabrat dech. Z\u00e1rove\u0148 je obvinil z\u00a0v\u00e1le\u010dn\u00fdch zlo\u010din\u016f, kdy \u00fadajn\u011b odst\u0159elovali nemocnice, \u0161koly a kostely p\u0159\u00edmo na 25. prosince, co\u017e jsou katolick\u00e9 V\u00e1noce. Biden bl\u00ed\u017ee nevysv\u011btlil tato v\u00e1\u017en\u00e1 obvin\u011bn\u00ed, kter\u00e1 jsou velmi nediplomatick\u00e1, p\u0159\u00edmo nevhodn\u00e1, obzvl\u00e1\u0161t\u011b od hlavy st\u00e1tu.<\/p>\n<p>\u010clen americk\u00e9ho Kongresu z\u00a0Arizony, Paul Gosar neskr\u00fdval sv\u00e9 rozho\u0159\u010den\u00ed nad Zelensk\u00e9ho opozic\u00ed, kdy\u017e \u0159ekl: <em>\u201eNep\u0159ekvapiv\u011b, Zelensk\u00fd odm\u00edtl m\u00edr. Tak\u017ee je nemor\u00e1ln\u00ed tuto v\u00e1lku (nad\u00e1le) podporovat.\u201c<\/em><\/p>\n<p>Kongresman Gosar je trval\u00fd kritik \u201edar\u016f\u201c na Ukrajinu a do\u017eaduje se, aby tyto zdroje byly pou\u017eity pro Ameriku, na vy\u0159e\u0161en\u00ed jejich vlastn\u00edch probl\u00e9m\u016f, jako je vysok\u00fd n\u00e1rodn\u00ed dluh, p\u0159\u00edli\u0161 mnoho bezdomovc\u016f a krizov\u00e1 situace na hranic\u00edch s\u00a0Mexikem, kdy se tis\u00edce ne\u017e\u00e1douc\u00edch element\u016f hrnou nez\u00e1konn\u011b do zem\u011b.<\/p>\n<p><span style=\"font-size: 18pt;\"><strong>Palba p\u0159esto pokra\u010dovala<\/strong><\/span><\/p>\n<p><a href=\"https:\/\/sputniknews.com\/20230108\/ukrainian-army-conducted-hundreds-of-strikes-during-ceasefire-russian-defense-ministry-1106131844.html\">Za t\u011bch 36 hodin<\/a> p\u0159\u00edm\u011b\u0159\u00ed nep\u0159estali Ukrajinci Donbas odst\u0159elovat. Podle rusk\u00e9ho Ministerstva obrany vyp\u00e1lili 370 d\u011blov\u00fdch n\u00e1boj\u016f na pozice rusk\u00e9 arm\u00e1dy v\u00a0don\u011bck\u00e9 a lugansk\u00e9 oblasti, v\u00a0Z\u00e1poro\u017e\u00ed a v\u00a0Chersonu. Dal\u0161\u00edch 160 velk\u00fdch n\u00e1lo\u017e\u00ed a 20 raket byly vyst\u0159eleny proti obytn\u00fdm \u010d\u00e1stem Don\u011bcka. N\u011bkolik civilist\u016f bylo zran\u011bno a p\u00e1r jich na to zem\u0159elo.<\/p>\n<p><a href=\"https:\/\/www.zerohedge.com\/geopolitical\/western-media-blames-putin-quick-collapse-his-own-christmas-ceasefire\">Novin\u00e1\u0159i z\u00a0francouzsk\u00e9<\/a> tiskov\u00e9 agentury AFP \u0159\u00edkali, \u017ee sly\u0161eli v\u00a0Bachmutu st\u0159elbu i z\u00a0rusk\u00e9 strany. Al Jazeera, Sky News, Reuters a n\u011bkte\u0159\u00ed jin\u00ed s\u00a0nimi souhlasili. Obvi\u0148ovali Presidenta Putina, \u017ee poru\u0161il sv\u00e9 vlastn\u00ed slovo. Je ale sporn\u00e9, jestli maj\u00ed pravdu, proto\u017ee berou informace od ukrajinsk\u00fdch vl\u00e1dn\u00edch \u00fa\u0159edn\u00edk\u016f a od veden\u00ed ukrajinsk\u00e9 arm\u00e1dy.<\/p>\n<p><span style=\"font-size: 18pt;\"><strong>Ned\u016fstojn\u00e9 chov\u00e1n\u00ed ve Washingtonu<\/strong><\/span><\/p>\n<p><a href=\"https:\/\/www.rt.com\/news\/567893-ukrainians-dpr-flag-congress\/\">Skupina Ukrajinc\u016f<\/a>, pod veden\u00edm dal\u0161\u00edho herce-komika, Serg\u011bje Prituly, nav\u0161t\u00edvila za\u010d\u00e1tkem prosince americk\u00fd Kongres, kde si provokativn\u011b o\u010distili boty praporem Don\u011bck\u00e9 republiky, na kter\u00e9m se pot\u00e9 pokou\u0161eli tan\u010dit (kr\u00e1tk\u00e9 video na str\u00e1nce). Pritula k\u00a0tomu napsal, \u017ee to je v\u0161ecko, na co je don\u011bck\u00fd prapor dobr\u00fd. N\u011bkte\u0159\u00ed \u010dlenov\u00e9 Kongresu se sice sm\u00e1li, ale nikdo z\u00a0nich se t\u00e9to fra\u0161ky nez\u00fa\u010dastnil.<\/p>\n<p>Bodej\u0165, zjevn\u011b maj\u00ed po\u0159\u00e1d v\u00edc zdrav\u00e9ho rozumu a slu\u0161nosti ne\u017e Ukrajinci, kter\u00fdm chyb\u00ed oboj\u00ed a je\u0161t\u011b mnohem v\u00edc. Tento vulg\u00e1rn\u00ed a pubert\u00e1ln\u00ed \u010din byl po pr\u00e1vu odsouzen vedouc\u00edm zahrani\u010dn\u00edch z\u00e1le\u017eitost\u00ed rusk\u00e9 Dumy, Leonidem Slutsk\u00fdm, kter\u00fd napsal na Telegram: <em>\u201eCivilizovan\u00ed lid\u00e9 se tak nechovaj\u00ed, nez\u00fa\u010dast\u0148uj\u00ed se satansk\u00fdch aktivit a lacin\u00fdch p\u0159edstaven\u00ed, kter\u00e1 apeluj\u00ed na ty nejprimitivn\u011bj\u0161\u00ed pocity.\u201c<\/em> Tak\u00e9 varoval americk\u00fd Kongres, \u017ee se m\u016f\u017ee zm\u011bnit na zoologickou zahradu, kdy\u017e bude takov\u00e9 chov\u00e1n\u00ed trp\u011bt.<\/p>\n<p>Nen\u00ed to poprv\u00e9, co se ukrajin\u0161t\u00ed aktivist\u00e9, nebo politick\u00e9 osoby chovaj\u00ed nevhodn\u011b. B\u00fdval\u00fd President Pjotr Poro\u0161enko se p\u0159i n\u011bkolika spole\u010densk\u00fdch p\u0159\u00edle\u017eitostech oh\u00e1n\u011bl rusk\u00fdmi pasy, kter\u00e9 p\u0159edkl\u00e1dal jako d\u016fkaz rusk\u00e9 agresivity. Nen\u00ed jasn\u00e9 co t\u00edm cht\u011bl \u0159\u00edci. Na setk\u00e1n\u00ed do Davosu dokonce p\u0159ivezl \u00falomek autobusu, kter\u00fd byl zni\u010den ve v\u00e1lce na Ukrajin\u011b.<\/p>\n<p><span style=\"font-size: 18pt;\"><strong>Zelensk\u00fd s\u00e1m moc lesku Ukrajin\u011b nedod\u00e1<\/strong><\/span><\/p>\n<p><a href=\"https:\/\/www.zerohedge.com\/geopolitical\/ukrainian-narrative-continues-morph-ugly\">President<\/a> Zelensk\u00fd sice u\u017e nikde netan\u010d\u00ed v\u00a0\u017eensk\u00e9m \u201asexy\u2018 oble\u010den\u00ed, nebo nah\u00fd a ve vysok\u00fdch podpatc\u00edch a ani nehraje mu\u017esk\u00fdm \u00fadem na pi\u00e1no jako d\u0159\u00edve, ale velkou sl\u00e1vu sv\u00e9 zemi p\u0159esto ned\u011bl\u00e1. Objevuje se te\u010f p\u0159i nejr\u016fzn\u011bj\u0161\u00edch spole\u010densk\u00fdch ud\u00e1lostech, jako jsou filmov\u00fd festival v\u00a0Cannes, nebo Grammy vyhodnocov\u00e1n\u00ed nejlep\u0161\u00edch hudebn\u00edch nahr\u00e1vek a v\u0161ude \u017e\u00e1k\u00e1 o pen\u00edze. Nevynechal ani setk\u00e1n\u00ed sedmi nejv\u011bt\u0161\u00edch ekonomi\u00ed sv\u011bta, co\u017e je G7, nebo sch\u016fze Evropsk\u00e9ho parlamentu, \u010di setk\u00e1n\u00ed OSN.<\/p>\n<p>Ameri\u010dt\u00ed v\u00e1le\u010dn\u00ed \u0161tv\u00e1\u010di dokonce za\u0159\u00eddili, \u017ee mu bylo dovoleno pron\u00e9st p\u016flhodinovou \u0159e\u010d p\u0159ed americk\u00fdm Kongresem, \u010d\u00edm\u017e se m\u00e1lokter\u00fd vedouc\u00ed ciz\u00edho st\u00e1tu m\u016f\u017ee pochlubit. B\u011bhem proslovu ho \u010dlenov\u00e9 Kongresu p\u0159eru\u0161ovali hlasit\u00fdmi v\u00fdk\u0159iky a potleskem poka\u017ed\u00e9, kdy\u017e prohla\u0161oval \u201edokonal\u00e9 v\u00edt\u011bzstv\u00ed nad Ruskem.\u201c<\/p>\n<p>Jen\u017ee lid\u00e9 necht\u011bj\u00ed st\u00e1le dokola poslouchat n\u011bkoho, jak \u017e\u00e1d\u00e1 o pen\u00edze. U\u017e toho bylo moc. V\u0161ecko co \u0159\u00edk\u00e1 je je\u0161t\u011b ke v\u0161emu propaganda. Mluv\u00ed o sv\u011btov\u00e9m m\u00edru a p\u0159itom chce pen\u00edze na v\u00e1lku. Spole\u010dn\u011b s\u00a0mediemi a s\u00a0Bidenovou vl\u00e1dou neust\u00e1le zd\u016fraz\u0148uje, jak ukrajinsk\u00e1 arm\u00e1da v\u00edt\u011bz\u00ed a Rusko prohr\u00e1v\u00e1. Tyto l\u017ei do\u0161ly tak daleko, \u017ee americk\u00e1 televizn\u00ed stanice NBC ozn\u00e1mila, \u017ee B\u00edl\u00fd d\u016fm pl\u00e1nuje jako dal\u0161\u00ed p\u0159evzet\u00ed Krymu.<\/p>\n<p><a href=\"https:\/\/www.bitchute.com\/video\/zOv4m3rAuEvF\/\">Ned\u00e1vno dal<\/a> n\u011bkdo na internet video, kter\u00e9 je je\u0161t\u011b z\u00a0dob Zelensk\u00e9ho hereck\u00e9 kari\u00e9ry a kter\u00e9 po mor\u00e1ln\u00ed str\u00e1nce nenasv\u011bd\u010duje na nic dobr\u00e9ho. Video je <a href=\"https:\/\/www.bitchute.com\/video\/zOv4m3rAuEvF\/\">ZDE<\/a>. V\u00a0mnoha zem\u00edch je ale blokov\u00e1no, proto\u017ee vl\u00e1dy necht\u011bj\u00ed, aby jejich lid\u00e9 vid\u011bli, jak\u00fd odpad podporuj\u00ed sv\u00fdmi t\u011b\u017ece vyd\u011blan\u00fdmi pen\u011bzi. Tak\u017ee ke shl\u00e9dnut\u00ed je nutn\u00e9 zm\u011bnit IP adresu.<\/p>\n<p>M\u00e1lokdo na Z\u00e1pad\u011b v\u00ed, jak\u00e1 je skute\u010dn\u00e1 situace na Ukrajin\u011b. M\u00e1lokdo zn\u00e1 pravdu, proto\u017ee media l\u017eou, vl\u00e1da l\u017ee, politikov\u00e9 l\u017eou, NATO l\u017ee. Jens Stoltenberg, hlavn\u00ed administr\u00e1tor NATO se dokonce vyj\u00e1d\u0159il, \u017ee po skon\u010den\u00ed studen\u00e9 v\u00e1lky zkou\u0161elo NATO udr\u017eovat s\u00a0Ruskem p\u0159\u00e1telsk\u00e9 styky. To samoz\u0159ejm\u011b nen\u00ed pravda. Asi proto vyzbrojovali Ukrajince a cvi\u010dili je jak mohli, aby tito byli pozd\u011bji schopni za n\u011b s\u00a0Rusy bojovat.<\/p>\n<p><span style=\"font-size: 18pt;\"><strong>Zelensk\u00e9ho n\u00e1v\u0161t\u011bva Washingtonu trochu jinak<\/strong><\/span><\/p>\n<p><a href=\"https:\/\/sputniknews.com\/20221222\/only-86-of-213-house-republicans-attended-zelenskys-speech-at-us-congress--reports-1105703829.html\">Jak je p\u0159ijet\u00ed<\/a> Zelensk\u00e9ho v\u00a0americk\u00e9m Kongresu v\u0161emi popisov\u00e1no jako srde\u010dn\u00e9 a p\u0159\u00e1telsk\u00e9, ono to nebylo zas tak z\u00e1vratn\u00e9. U\u017e jen skute\u010dnost, \u017ee ze 213 \u010dlen\u016f Kongresu se jich dostavilo k\u00a0jeho uv\u00edt\u00e1n\u00ed jen 86 je zaj\u00edmav\u00fd detail, kter\u00fd byl vynech\u00e1n. N\u011bkte\u0159\u00ed kongresmani dokonce oponovali tomu, aby Zelensk\u00fd v\u00a0Kongresu mluvil. Ti z\u00a0Republik\u00e1nsk\u00e9 strany, kte\u0159\u00ed souhlas\u00ed s\u00a0podporou Ukrajiny jeho \u0159e\u010d sice uv\u00edtali, ale ostatn\u00ed, kte\u0159\u00ed jsou v\u00a0opozici, tam se Zelensk\u00e9mu nepoda\u0159ilo jejich m\u00edn\u011bn\u00ed zvr\u00e1tit.<\/p>\n<p><a href=\"https:\/\/www.foxnews.com\/politics\/zelensky-makes-direct-appeal-gop-critics-arguing-no-country-is-safe-if-ukraine-falters\">Zelensk\u00fd se ve sv\u00e9m<\/a> proslovu p\u0159\u00edmo zam\u011b\u0159il na ty, kte\u0159\u00ed s\u00a0podporou Ukrajiny nesouhlas\u00ed a zkou\u0161el jim vysv\u011btlit, \u017ee \u017e\u00e1dn\u00e1 zem\u011b sv\u011bta nen\u00ed zaji\u0161t\u011bna proti rusk\u00e9 agresivit\u011b. \u0158ekl, \u017ee v\u00fdsledky t\u00e9to v\u00e1lky rozhodnou, jak budou na\u0161e d\u011bti a vnou\u010data \u017e\u00edt. Takov\u00e1 bitva nem\u016f\u017ee b\u00fdt odlo\u017eena, ani ignorov\u00e1na v\u00a0nad\u011bji, \u017ee se vyskytne n\u011bco jin\u00e9ho, co n\u00e1s ochr\u00e1n\u00ed. A celkem drze poradil \u010dlen\u016fm Republik\u00e1nsk\u00e9 strany, aby roz\u0161\u00ed\u0159ili sv\u016fj n\u00e1zor na sv\u011bt.<\/p>\n<p>Tak\u00e9 se zm\u00ednil, \u017ee Spojen\u00e9 st\u00e1ty jsou se zbytkem sv\u011bta p\u0159\u00edli\u0161 propojeny a v\u0161ichni jsou z\u00e1visl\u00ed jeden na druh\u00e9m. Proto Amerika nem\u016f\u017ee z\u016fstat st\u00e1t bokem a myslet si, \u017ee je v\u00a0bezpe\u010d\u00ed, zat\u00edm co bitva st\u00e1le pokra\u010duje.<\/p>\n<p><em>\u201eVa\u0161e pen\u00edze nejsou \u017e\u00e1dn\u00e9 milodary<\/em>,\u201c prohl\u00e1sil. <em>\u201eJe to investice do celosv\u011btov\u00e9 bezpe\u010dnosti a demokracie, kterou my zkou\u0161\u00edme nastolit tou nejzodpov\u011bdn\u011bj\u0161\u00ed cestou \u2026 Ukrajina nikdy nepo\u017eadovala, aby ameri\u010dt\u00ed voj\u00e1ci bojovali za n\u011b. A j\u00e1 v\u00e1s uji\u0161\u0165uji, \u017ee ukrajin\u0161t\u00ed voj\u00e1ci dovedou mistrn\u011b zach\u00e1zet s\u00a0americk\u00fdmi tanky a letadly \u2026 Ale pot\u0159ebujeme v\u00edce d\u011bl a n\u00e1boj\u016f do nich \u2026 abychom mohli urychlit na\u0161e v\u00edt\u011bzstv\u00ed.\u201c<\/em><\/p>\n<p><span style=\"font-size: 18pt;\"><strong>Co na to media?<\/strong><\/span><\/p>\n<p><a href=\"https:\/\/twitter.com\/TPostMillennial\/status\/1605750794438836225\">Zn\u00e1m\u00fd americk\u00fd<\/a> report\u00e9r Tucker Carlson se k\u00a0Zelensk\u00e9ho n\u00e1v\u0161t\u011bv\u011b Kongresu vyj\u00e1d\u0159il s\u00a0podiven\u00edm. Podle n\u011bho, ukrajinsk\u00fd president tam p\u0159i\u0161el oble\u010den jako mana\u017eer stript\u00fdzov\u00e9ho klubu. Bylo podivn\u00e9, \u017ee ho nikdo nevyhodil. A je\u0161t\u011b mu Joe Biden \u0159ekl, \u017ee ameri\u010dt\u00ed da\u0148ov\u00ed poplatn\u00edci budou Ukrajinu podporovat tak dlouho, jak bude pot\u0159eba.<\/p>\n<p>Biden ale nikdy ne\u0159ekl, v\u00a0\u010dem bude Ukrajinu podporovat a co m\u00e1 Zelensk\u00fd a spol. za to ud\u011blat. Snad zatla\u010dit ruskou arm\u00e1du za p\u016fvodn\u00ed hranice? To by zn\u011blo pravd\u011bpodobn\u011b, ale to nen\u00ed ten p\u0159\u00edpad. Zde je toti\u017e snaha o zm\u011bnu re\u017eimu v\u00a0Rusku. Tito spiklenci cht\u011bj\u00ed zm\u011bnit re\u017eim v\u00a0Rusku a tak\u00e9 v\u00a0Ir\u00e1nu a v\u00a0Libyi a v\u00a0n\u011bkolika dal\u0161\u00edch ne\u00fasp\u011b\u0161n\u00fdch st\u00e1tech, kter\u00e9 nap\u0159ed vesm\u011bs sami zni\u010dili. Tak\u017ee to je, na co jdou pen\u00edze, kter\u00e9 Ukrajina z\u00a0Ameriky dost\u00e1v\u00e1.<\/p>\n<p>Ov\u0161em co by se stalo, kdyby Zelensk\u00fd v\u00e1lku vyhr\u00e1l? Dovedeme si p\u0159edstavit jak\u00fd by vznikl chaos? Kdo by pak zajistil jadern\u00e9 zbran\u011b, kdyby v\u00a0Rusku vl\u00e1dl? Zde je d\u016fle\u017eit\u00e9 cel\u00fd sv\u011bt zabezpe\u010dit a ne ho st\u00e1le d\u00e1l a v\u00edc roz\u0161\u0165\u00e1r\u00e1vat.<\/p>\n<p><em>\u201eMy tady podporujeme mana\u017eera stript\u00fdzov\u00e9ho klubu a ignorujeme na\u0161i vlastn\u00ed, hrout\u00edc\u00ed se ekonomii,\u201c<\/em> dodal Carlson. <em>\u201eJe t\u011b\u017ek\u00e9 si p\u0159edstavit v\u00edce poni\u017euj\u00edc\u00ed sc\u00e9nu, ne\u017e tu, kter\u00e1 se odehr\u00e1la v\u00a0t\u00e9 nejv\u00fdznamn\u011bj\u0161\u00ed zemi sv\u011bta.\u201c<\/em> T\u00edm myslel Zelensk\u00e9ho n\u00e1v\u0161t\u011bvu Kongresu.<\/p>\n<p><a href=\"https:\/\/ria-ru.translate.goog\/20221124\/khimoruzhie-1833889514.html?rcmd_alg=slotter&amp;_x_tr_sl=auto&amp;_x_tr_tl=en&amp;_x_tr_hl=en&amp;_x_tr_pto=wapp\">Koncem leto\u0161n\u00edho<\/a> listopadu dokonce Zelensk\u00fd po\u017eadoval po Spojen\u00fdch st\u00e1tech chemick\u00e9 zbran\u011b, aby je mohl pou\u017e\u00edt v\u00a0Donbasu, jak napsal na Telegram b\u00fdval\u00fd poslanec Verchovn\u00e9 rady Ukrajiny, Ilja Kiva. Jin\u00fd zdroj, p\u0159\u00edmo z\u00a0presidentsk\u00e9 kancel\u00e1\u0159e tuto zpr\u00e1vu potvrdil. Ukrajinci jsou v\u00a0konc\u00edch a doufaj\u00ed, \u017ee chemick\u00e9 zbran\u011b jim pomohou vy\u0159e\u0161it situaci v\u00a0Z\u00e1poro\u017e\u00ed, kde zjevn\u011b dlouhodob\u00e9 odst\u0159elov\u00e1n\u00ed nesta\u010d\u00ed.<\/p>\n<p>Rusov\u00e9 hl\u00e1sili pou\u017eit\u00ed chemick\u00fdch zbran\u00ed proti jejich jednotk\u00e1m ji\u017e koncem \u010dervna, kdy Ukrajinci pou\u017eili jedovat\u00e9 l\u00e1tky v\u00a0z\u00e1poro\u017esk\u00e9 oblasti. St\u011b\u017eovali si t\u00e9\u017e na Organizaci pro z\u00e1kaz chemick\u00fdch zbran\u00ed, ale jako obvykle, na nic jim to nebylo. Ani obavy, \u017ee se Ukrajinci chystaj\u00ed za\u00fato\u010dit chemick\u00fdmi zbran\u011bmi v\u00a0Severodon\u011bcku, Lisi\u010dansku a v\u00a0Rubi\u017en\u00e9m, kde se nach\u00e1z\u00ed 30 chemick\u00fdch firem, nebyly br\u00e1ny dostate\u010dn\u011b v\u00e1\u017en\u011b.<\/p>\n<p><span style=\"font-size: 18pt;\"><strong>Nov\u00fd ukrajinsk\u00fd prapor?<\/strong><\/span><\/p>\n<p><a href=\"https:\/\/www.rt.com\/russia\/568720-ukraine-new-flag-mocked\/\">Ukrajinsk\u00fd z\u00e1stupce<\/a> v\u00a0OSN Serg\u011bj Kyslycija dal na Twitter obr\u00e1zek americk\u00e9ho praporu, na n\u011bm\u017e zm\u011bnil barvy na ukrajinskou modrou a \u017elutou. Napsal k\u00a0tomu anglicky: <em>\u201eTito budou dr\u017eet pohromad\u011b tak dlouho, jak dlouho to bude nutn\u00e9.\u201c<\/em><\/p>\n<p>&nbsp;<\/p>\n<p><img decoding=\"async\" loading=\"lazy\" class=\"wp-image-21019 aligncenter\" src=\"http:\/\/www.infokuryr.cz\/n\/wp-content\/uploads\/2023\/01\/vlajka-ukrajina-300x225.jpg\" alt=\"\" width=\"589\" height=\"442\" srcset=\"https:\/\/www.infokuryr.cz\/n\/wp-content\/uploads\/2023\/01\/vlajka-ukrajina-300x225.jpg 300w, https:\/\/www.infokuryr.cz\/n\/wp-content\/uploads\/2023\/01\/vlajka-ukrajina-768x577.jpg 768w, https:\/\/www.infokuryr.cz\/n\/wp-content\/uploads\/2023\/01\/vlajka-ukrajina.jpg 801w\" sizes=\"(max-width: 589px) 100vw, 589px\" \/><\/p>\n<p>&nbsp;<\/p>\n<p>Kyslycija dal obr\u00e1zek na Twitter v\u00a0dob\u011b, kdy byl ukrajinsk\u00fd President Zelensk\u00fd ve Washingtonu D.C. \u0158ekl, \u017ee to byla snaha vyj\u00e1d\u0159it americko-ukrajinskou solidaritu.<\/p>\n<p>Rusk\u00e1 mluv\u010d\u00ed Ministerstva zahrani\u010d\u00ed Maria Zacharova prohl\u00e1sila, \u017ee t\u00edm Kyjev d\u00e1v\u00e1 najevo sv\u016fj pod\u0159\u00edzen\u00fd status a nazvala to nov\u00fdm ukrajinsk\u00fdm praporem. Rusko je p\u0159esv\u011bd\u010deno, \u017ee od pu\u010de v\u00a0r. 2014 byly v\u0161echny ukrajinsk\u00e9 vl\u00e1dy pod dikt\u00e1tem z\u00a0Washingtonu a sna\u017eily se o doc\u00edlen\u00ed jeho c\u00edl\u016f na \u00fakor sv\u00fdch vlastn\u00edch, n\u00e1rodn\u00edch z\u00e1jm\u016f.<\/p>\n<p>Tak\u017ee Spojen\u00e9 st\u00e1ty zm\u011bnily Ukrajinu na sv\u016fj n\u00e1stroj \u00fatoku proti Rusku.<\/p>\n<p><span style=\"font-size: 18pt;\"><strong>Jak si President Zelensk\u00fd p\u0159edstavuje budouc\u00ed Ukrajinu<\/strong><\/span><\/p>\n<p><a href=\"https:\/\/nyadagbladet-se.translate.goog\/utrikes\/har-ar-zelenskyjs-teknokratiska-vision-for-ukraina\/?_x_tr_sl=auto&amp;_x_tr_tl=en&amp;_x_tr_hl=en&amp;_x_tr_pto=wapp\">V\u00a0budoucnosti m\u00e1<\/a> b\u00fdt na Ukrajin\u011b podle Volodim\u00edra Zelensk\u00e9ho digit\u00e1ln\u00ed vl\u00e1da, digit\u00e1ln\u00ed finance, soudy \u0159\u00edzen\u00e9 um\u011blou inteligenc\u00ed (po\u010d\u00edta\u010de) a zdravotn\u00ed p\u00e9\u010de prov\u00e1d\u011bna na d\u00e1lku. Do r. 2030 m\u00e1 b\u00fdt cel\u00e1 zem\u011b ta nejsvobodn\u011bj\u0161\u00ed a nejdigit\u00e1ln\u011bj\u0161\u00ed na sv\u011bt\u011b. Nebude tam \u017e\u00e1dn\u00e1 byrokracie, byrokrati budou nahrazeni pevn\u011b stanoven\u00fdmi p\u0159edpisy. V\u0161ecko bude vy\u0159izov\u00e1no digit\u00e1ln\u011b, \u017e\u00e1dn\u00e9 pap\u00edrov\u00e1n\u00ed, ani \u017e\u00e1dn\u00e9 fyzick\u00e9 pen\u00edze. I vl\u00e1da bude digit\u00e1ln\u00ed, n\u011bco jako po\u010d\u00edta\u010dov\u00e1 firma. Zem\u011b bude m\u00edt mocn\u00e9 technologick\u00e9 z\u00e1zem\u00ed.<\/p>\n<p>Pr\u00e1vn\u00edci budou rovn\u011b\u017e v\u0161ecko vy\u0159izovat skrze po\u010d\u00edta\u010de a stejn\u011b tak budou automatizov\u00e1ny celnice, tak\u017ee budou nejrychlej\u0161\u00ed na sv\u011bt\u011b. Zem\u011b bude m\u00edt tak\u00e9 velice \u00fa\u010dinn\u00fd kybernetick\u00fd obrann\u00fd syst\u00e9m. Ka\u017ed\u00e1 firma bude m\u00edt svoji vlastn\u00ed protileteckou ochranu a ob\u010dan\u00e9 budou chr\u00e1n\u011bn\u00ed proti \u00fatok\u016fm shora nejmodern\u011bj\u0161\u00edm protileteck\u00fdm syst\u00e9mem.<\/p>\n<p>U\u017e dnes, Ukrajina je prvn\u00ed zem\u011b sv\u011bta, kter\u00e1 uzn\u00e1v\u00e1 digit\u00e1ln\u00ed pasy. V\u00a0sou\u010dasn\u00e9 dob\u011b zkou\u0161ej\u00ed po\u010d\u00edta\u010dov\u00fd syst\u00e9m na vytvo\u0159en\u00ed hl\u00e1\u0161en\u00ed ze soudn\u00edch \u0159\u00edzen\u00ed, kter\u00e9 m\u00e1 za \u00fakol vyhodnotit, jestli se ob\u017ealovan\u00fd znovu provin\u00ed, \u010di ne.<\/p>\n<p><span style=\"font-size: 18pt;\"><strong>Rusko m\u00e1 zna\u010dn\u011b jin\u00fd n\u00e1zor<\/strong><\/span><\/p>\n<p><a href=\"https:\/\/www.rt.com\/russia\/566573-putin-russia-national-identity\/\">Rusk\u00fd President<\/a> Vladim\u00edr Putin se vyj\u00e1d\u0159il, \u017ee <em>\u201eZ\u00e1kladem na\u0161\u00ed n\u00e1rodn\u00ed toto\u017enosti bylo a je pokra\u010dov\u00e1n\u00ed generac\u00ed, v\u011brnost na\u0161im tradic\u00edm a vysok\u00e1 spiritu\u00e1ln\u00ed a mor\u00e1ln\u00ed \u00farove\u0148.\u201c<\/em> Zm\u00ednil se t\u00e9\u017e o tom, \u017ee v\u00a0sou\u010dasn\u00e9 dob\u011b existuje mnoho st\u00e1t\u016f, kter\u00e9 se ze v\u0161ech sil sna\u017e\u00ed zm\u011bnit sv\u011btovou historii.<\/p>\n<p>President Putin rovn\u011b\u017e podepsal vyhl\u00e1\u0161ku, kter\u00e1 shrnula c\u00edle politiky st\u00e1tu, co\u017e zahrnuje ochranu Ruska p\u0159ed spole\u010densk\u00fdm a kulturn\u00edm ohro\u017een\u00edm a p\u0159ed ohro\u017een\u00edm tradi\u010dn\u00edch hodnot. Popis \u201etradi\u010dn\u00edch hodnot\u201c byl ud\u00e1n jako <em>\u201emor\u00e1ln\u00ed z\u00e1sady, kter\u00e9 jsou p\u0159ed\u00e1v\u00e1ny z\u00a0generace na generaci a ur\u010duj\u00ed ruskou n\u00e1rodn\u00ed toto\u017enost.\u201c<\/em> Tyto zahrnuj\u00ed: d\u016fstojnost, respekt pro lidsk\u00e1 pr\u00e1va a svobodu ka\u017ed\u00e9ho \u010dlov\u011bka, vlastenectv\u00ed, vy\u0161\u0161\u00ed mor\u00e1ln\u00ed ide\u00e1ly, siln\u00e9 rodinn\u00e9 svazky, up\u0159ednost\u0148ov\u00e1n\u00ed spiritu\u00e1ln\u00edch z\u00e1le\u017eitost\u00ed p\u0159ed materi\u00e1ln\u00edmi, milosrdenstv\u00ed, spravedlnost, vz\u00e1jemn\u00e1 spolupr\u00e1ce a \u00facta jednoho k\u00a0druh\u00e9mu, spole\u010dn\u00e9 historick\u00e9 z\u00e1\u017eitky a n\u00e1rodn\u00ed sjednocenost.<\/p>\n<p>Vyhl\u00e1\u0161ka rovn\u011b\u017e vysv\u011btluje, co je sou\u010dasn\u00e9 ohro\u017een\u00ed t\u011bchto hodnot. Jsou to \u010diny Spojen\u00fdch st\u00e1t\u016f a dal\u0161\u00edch, ne p\u0159\u00edli\u0161 p\u0159\u00e1telsk\u00fdch zem\u00ed, spolu s ciz\u00edmi neziskovkami. Tyto zem\u011b a tyto organizace se zam\u011b\u0159uj\u00ed na roz\u0161i\u0159ov\u00e1n\u00ed \u0161kodliv\u00fdch n\u00e1zor\u016f, kter\u00e9 utv\u00e1\u0159ej\u00ed takovou lidskou spole\u010dnost, kter\u00e1 si nev\u00e1\u017e\u00ed spiritu\u00e1ln\u00edch hodnot a zkresluje historickou skute\u010dnost.<\/p>\n<p>Tradi\u010dn\u00ed hodnoty jsou rovn\u011b\u017e ohro\u017eov\u00e1ny chov\u00e1n\u00edm a \u010diny extremistick\u00fdch skupin, teroristick\u00fdch celk\u016f, n\u011bkter\u00fdmi nadn\u00e1rodn\u00edmi korporacemi a nep\u0159\u00e1telsk\u00fdmi st\u00e1tn\u00edmi celky, spolu s\u00a0n\u011bkter\u00fdmi medi\u00e1ln\u00edmi zdroji.<\/p>\n<p>Zm\u011bny historick\u00e9 pravdy vedou k\u00a0naru\u0161en\u00ed samospr\u00e1vnosti st\u00e1tu, rozd\u011bluj\u00ed jeho ob\u010dany a zbavuj\u00ed je veden\u00ed. Tyto historick\u00e9 zm\u011bny za\u010dnou v\u017edy zve\u0159ej\u0148ov\u00e1n\u00edm historick\u00fdch m\u00fdt\u016f a postupn\u011b zp\u016fsob\u00ed naru\u0161en\u00ed lidsk\u00fdch hodnot.<\/p>\n<p><em>\u201eTento sc\u00e9n\u00e1\u0159 se ji\u017e odehr\u00e1l v\u00a0\u0159ad\u011b zem\u00ed, jedna z\u00a0nich\u017e je i Ukrajina,\u201c<\/em> dodal president.<\/p>\n<p><a href=\"https:\/\/www.rt.com\/russia\/566246-us-russian-traditional-values\/\">Tak\u00e9 se zm\u00ednil<\/a> o tom, \u017ee v\u0161ecka hlavn\u00ed n\u00e1bo\u017eenstv\u00ed, K\u0159es\u0165anstv\u00ed, Isl\u00e1m, Budhismus a Judaismus, m\u011bla velk\u00fd vliv na v\u00fdvoj rusk\u00fdch hodnot, kter\u00e9 jsou dnes sd\u00edleny v\u0161emi, jak n\u00e1bo\u017eensky zalo\u017een\u00fdmi lidmi, tak i t\u011bmi, kte\u0159\u00ed na n\u00e1bo\u017eenstv\u00ed nev\u011b\u0159\u00ed.<\/p>\n<p>Mezi ideologie, kter\u00e9 jsou rusk\u00e9mu lidu ciz\u00ed, pat\u0159\u00ed: kult egoismu, beztrestnost (zlo\u010din bez postihu z\u00e1konem), nemor\u00e1lnost, pop\u00edr\u00e1n\u00ed vlastenectv\u00ed a rodinn\u00fdch hodnot, LGBTQ+ a tak\u00e9 propaganda.<\/p>\n<p>T\u011bmto hrozb\u00e1m je nutno \u010delit spr\u00e1vnou v\u00fdchovou ml\u00e1de\u017ee, spr\u00e1vnou \u0161koln\u00ed v\u00fdchovou, podporou literatury, um\u011bn\u00ed, film\u016f a t\u011bch medi\u00e1ln\u00edch zdroj\u016f, kter\u00e9 tradi\u010dn\u00ed hodnoty uzn\u00e1vaj\u00ed.<\/p>\n<p>Vyhl\u00e1\u0161ka rovn\u011b\u017e pou\u010duje vl\u00e1du jak spolupracovat s\u00a0ve\u0159ejn\u00fdmi organizacemi, chr\u00e1nit historickou pam\u011b\u0165 rusk\u00fdch ob\u010dan\u016f a podporovat ruskou \u0159e\u010d doma i v\u00a0cizin\u011b.<\/p>\n<p><strong>Jane Kaufman, 10. ledna 2023<\/strong><\/p>\n<p>&nbsp;<\/p>\n<p><img decoding=\"async\" loading=\"lazy\" class=\"wp-image-19187 aligncenter\" src=\"http:\/\/www.infokuryr.cz\/n\/wp-content\/uploads\/2022\/12\/1-PRO-300x36.jpg\" alt=\"\" width=\"1267\" height=\"152\" srcset=\"https:\/\/www.infokuryr.cz\/n\/wp-content\/uploads\/2022\/12\/1-PRO-300x36.jpg 300w, https:\/\/www.infokuryr.cz\/n\/wp-content\/uploads\/2022\/12\/1-PRO.jpg 699w\" sizes=\"(max-width: 1267px) 100vw, 1267px\" \/><\/p>\n<p>&nbsp;<\/p>\n","protected":false},"excerpt":{"rendered":"<p>Na \u017e\u00e1dost hlavn\u00edho p\u0159edstavitele Rusk\u00e9 ortodoxn\u00ed c\u00edrkve, Patriarcha Kyrila, p\u0159ik\u00e1zal President Putin zastaven\u00ed boj\u016f na&#8230;<\/p>\n","protected":false},"author":2,"featured_media":19671,"comment_status":"closed","ping_status":"closed","sticky":false,"template":"","format":"standard","meta":[],"categories":[6],"tags":[22,26,37,40,1000],"_links":{"self":[{"href":"https:\/\/www.infokuryr.cz\/n\/wp-json\/wp\/v2\/posts\/21018"}],"collection":[{"href":"https:\/\/www.infokuryr.cz\/n\/wp-json\/wp\/v2\/posts"}],"about":[{"href":"https:\/\/www.infokuryr.cz\/n\/wp-json\/wp\/v2\/types\/post"}],"author":[{"embeddable":true,"href":"https:\/\/www.infokuryr.cz\/n\/wp-json\/wp\/v2\/users\/2"}],"replies":[{"embeddable":true,"href":"https:\/\/www.infokuryr.cz\/n\/wp-json\/wp\/v2\/comments?post=21018"}],"version-history":[{"count":1,"href":"https:\/\/www.infokuryr.cz\/n\/wp-json\/wp\/v2\/posts\/21018\/revisions"}],"predecessor-version":[{"id":21020,"href":"https:\/\/www.infokuryr.cz\/n\/wp-json\/wp\/v2\/posts\/21018\/revisions\/21020"}],"wp:featuredmedia":[{"embeddable":true,"href":"https:\/\/www.infokuryr.cz\/n\/wp-json\/wp\/v2\/media\/19671"}],"wp:attachment":[{"href":"https:\/\/www.infokuryr.cz\/n\/wp-json\/wp\/v2\/media?parent=21018"}],"wp:term":[{"taxonomy":"category","embeddable":true,"href":"https:\/\/www.infokuryr.cz\/n\/wp-json\/wp\/v2\/categories?post=21018"},{"taxonomy":"post_tag","embeddable":true,"href":"https:\/\/www.infokuryr.cz\/n\/wp-json\/wp\/v2\/tags?post=21018"}],"curies":[{"name":"wp","href":"https:\/\/api.w.org\/{rel}","templated":true}]}}