{"id":21012,"date":"2023-01-11T01:09:42","date_gmt":"2023-01-11T00:09:42","guid":{"rendered":"http:\/\/www.infokuryr.cz\/n\/?p=21012"},"modified":"2023-01-10T17:37:02","modified_gmt":"2023-01-10T16:37:02","slug":"na-hranici-lotysska-a-beloruska-se-nadale-nachazeji-mrtva-tela-uprchliku","status":"publish","type":"post","link":"https:\/\/www.infokuryr.cz\/n\/2023\/01\/11\/na-hranici-lotysska-a-beloruska-se-nadale-nachazeji-mrtva-tela-uprchliku\/","title":{"rendered":"Na hranici Loty\u0161ska a B\u011bloruska se nad\u00e1le nach\u00e1zej\u00ed mrtv\u00e1 t\u011bla uprchl\u00edk\u016f"},"content":{"rendered":"<div id=\"fb-root\"><\/div>\n<p class=\"lead\"><span>Akce loty\u0161sk\u00fdch bezpe\u010dnostn\u00edch sil na hranici s B\u011bloruskem vedou k \u00famrt\u00edm mezi uprchl\u00edky.\u00a0Dnes, 10. ledna, to ozn\u00e1mil V\u00fdbor pro st\u00e1tn\u00ed hranice B\u011bloruska.<\/span><\/p>\n<p><span>Uv\u00e1d\u00ed se, \u017ee \u201ev noci z 9. na 10. ledna pobl\u00ed\u017e hranic s Loty\u0161skem na\u0161la b\u011blorusk\u00e1 pohrani\u010dn\u00ed hl\u00eddka mrtvolu mu\u017ee africk\u00e9ho vzhledu\u201c.<\/span><\/p>\n<p><em><strong>\u201eU t\u011bla bylo n\u011bkolik dal\u0161\u00edch uprchl\u00edk\u016f, kte\u0159\u00ed \u0159ekli, \u017ee je loty\u0161sk\u00e9 bezpe\u010dnostn\u00ed s\u00edly odvezly na hranici a ignorovaly \u017e\u00e1dosti o pomoc mu\u017ei.\u00a0Cizinci tak\u00e9 uk\u00e1zali video, kter\u00e9 ukazuje, \u017ee na loty\u0161sk\u00e9 stran\u011b byl uprchl\u00edk ji\u017e v kritick\u00e9m stavu a nemohl se samostatn\u011b pohybovat,\u201c<span class=\"after-quote\">\u00a0&#8211; \u0159\u00edk\u00e1 St\u00e1tn\u00ed ob\u010dansk\u00fd soudn\u00ed \u0159\u00e1d B\u011bloruska.<\/span><\/strong><\/em><\/p>\n<p><span>Bylo poznamen\u00e1no, \u017ee \u201enavzdory skute\u010dnosti, \u017ee mu\u017e byl ve skute\u010dnosti bl\u00edzko smrti a pot\u0159eboval nal\u00e9havou hospitalizaci, loty\u0161sk\u00e1 arm\u00e1da skupinu vyhodila na hranici a se zbran\u00ed v ruce je p\u0159inutila proj\u00edt bari\u00e9rou\u201c.<\/span><\/p>\n<p><em><strong>&#8222;Cizinci se sna\u017eili odt\u00e1hnout mu\u017ee hluboko do \u00fazem\u00ed, ale zhor\u0161ilo se mu to.&#8220;\u00a0V dob\u011b, kdy na m\u00edsto dorazili b\u011bloru\u0161t\u00ed pohrani\u010dn\u00edci a l\u00e9ka\u0159i, uprchl\u00edk nejevil zn\u00e1mky \u017eivota,\u201c<span class=\"after-quote\"> &#8211; hl\u00e1\u0161eno v b\u011blorusk\u00e9m odd\u011blen\u00ed.<\/span><\/strong><\/em><\/p>\n<p><span>Krom\u011b toho CPC uvedla, \u017ee \u201eza\u010d\u00e1tkem t\u00fddne na\u0161la b\u011blorusk\u00e1 pohrani\u010dn\u00ed hl\u00eddka na hranici s Loty\u0161skem dal\u0161\u00ed mrtvolu cizince\u201c.<\/span><\/p>\n<p><em><strong>\u201eT\u011blo se nach\u00e1zelo n\u011bkolik metr\u016f od plotu z\u0159\u00edzen\u00e9ho na loty\u0161sk\u00e9m \u00fazem\u00ed.\u00a0Dle povahy zanechan\u00fdch stop na m\u00edst\u011b ud\u00e1losti bylo t\u011blo s nejv\u011bt\u0161\u00ed pravd\u011bpodobnost\u00ed p\u0159em\u00edst\u011bno z p\u0159ilehl\u00e9ho \u00fazem\u00ed p\u0159es plot.\u00a0Krom\u011b toho byla v hrani\u010dn\u00edm plot\u011b demontov\u00e1na dr\u00e1t\u011bn\u00e1 \u010d\u00e1st, kterou bylo mo\u017en\u00e9 pou\u017e\u00edt k p\u0159esunu t\u011bla uprchl\u00edka,\u201c<span class=\"after-quote\">\u00a0&#8211; \u0159ekli b\u011bloru\u0161t\u00ed pohrani\u010dn\u00edci.<\/span><\/strong><\/em><\/p>\n<p><span>P\u0159ipome\u0148me, \u017ee migra\u010dn\u00ed krize na hranic\u00edch B\u011bloruska a zem\u00ed EU za\u010dala v roce 2021.\u00a0Za posledn\u00ed rok b\u011blorusk\u00e1 strana opakovan\u011b informovala o zv\u011brstvech litevsk\u00fdch, polsk\u00fdch a loty\u0161sk\u00fdch bezpe\u010dnostn\u00edch sil proti migrant\u016fm, kte\u0159\u00ed se sna\u017e\u00ed dostat do EU.\u00a0Zejm\u00e9na v noci z 12. na 13. prosince pobl\u00ed\u017e hranic s Loty\u0161skem nalezla b\u011blorusk\u00e1 pohrani\u010dn\u00ed hl\u00eddka uprchl\u00edka, jeho\u017e bratr tak\u00e9 zem\u0159el na loty\u0161sk\u00e9 stran\u011b.\u00a0Dne 19. prosince ozn\u00e1mila loty\u0161sk\u00e1 pohrani\u010dn\u00ed slu\u017eba, \u017ee na \u00fazem\u00ed republiky zem\u0159el na n\u00e1sledky podchlazen\u00ed afgh\u00e1nsk\u00fd ob\u010dan.<\/span><\/p>\n<p><img decoding=\"async\" loading=\"lazy\" class=\"alignnone size-full wp-image-1185\" src=\"http:\/\/www.infokuryr.cz\/n\/wp-content\/uploads\/2021\/04\/kuryr-podpis.png\" alt=\"\" width=\"84\" height=\"24\" \/><\/p>\n<p>&nbsp;<\/p>\n<p><img decoding=\"async\" loading=\"lazy\" class=\"wp-image-19187 aligncenter\" src=\"http:\/\/www.infokuryr.cz\/n\/wp-content\/uploads\/2022\/12\/1-PRO-300x36.jpg\" alt=\"\" width=\"1275\" height=\"153\" srcset=\"https:\/\/www.infokuryr.cz\/n\/wp-content\/uploads\/2022\/12\/1-PRO-300x36.jpg 300w, https:\/\/www.infokuryr.cz\/n\/wp-content\/uploads\/2022\/12\/1-PRO.jpg 699w\" sizes=\"(max-width: 1275px) 100vw, 1275px\" \/><\/p>\n<p>&nbsp;<\/p>\n","protected":false},"excerpt":{"rendered":"<p>Akce loty\u0161sk\u00fdch bezpe\u010dnostn\u00edch sil na hranici s B\u011bloruskem vedou k \u00famrt\u00edm mezi uprchl\u00edky.\u00a0Dnes, 10. ledna,&#8230;<\/p>\n","protected":false},"author":2,"featured_media":20792,"comment_status":"closed","ping_status":"closed","sticky":false,"template":"","format":"standard","meta":[],"categories":[7],"tags":[150,804,210,353,148],"_links":{"self":[{"href":"https:\/\/www.infokuryr.cz\/n\/wp-json\/wp\/v2\/posts\/21012"}],"collection":[{"href":"https:\/\/www.infokuryr.cz\/n\/wp-json\/wp\/v2\/posts"}],"about":[{"href":"https:\/\/www.infokuryr.cz\/n\/wp-json\/wp\/v2\/types\/post"}],"author":[{"embeddable":true,"href":"https:\/\/www.infokuryr.cz\/n\/wp-json\/wp\/v2\/users\/2"}],"replies":[{"embeddable":true,"href":"https:\/\/www.infokuryr.cz\/n\/wp-json\/wp\/v2\/comments?post=21012"}],"version-history":[{"count":0,"href":"https:\/\/www.infokuryr.cz\/n\/wp-json\/wp\/v2\/posts\/21012\/revisions"}],"wp:featuredmedia":[{"embeddable":true,"href":"https:\/\/www.infokuryr.cz\/n\/wp-json\/wp\/v2\/media\/20792"}],"wp:attachment":[{"href":"https:\/\/www.infokuryr.cz\/n\/wp-json\/wp\/v2\/media?parent=21012"}],"wp:term":[{"taxonomy":"category","embeddable":true,"href":"https:\/\/www.infokuryr.cz\/n\/wp-json\/wp\/v2\/categories?post=21012"},{"taxonomy":"post_tag","embeddable":true,"href":"https:\/\/www.infokuryr.cz\/n\/wp-json\/wp\/v2\/tags?post=21012"}],"curies":[{"name":"wp","href":"https:\/\/api.w.org\/{rel}","templated":true}]}}