{"id":21009,"date":"2023-01-11T01:08:38","date_gmt":"2023-01-11T00:08:38","guid":{"rendered":"http:\/\/www.infokuryr.cz\/n\/?p=21009"},"modified":"2023-01-10T17:24:15","modified_gmt":"2023-01-10T16:24:15","slug":"byvala-sovetska-republika-vysvetluje-odmitnuti-vraceni-zbrani-ukrajine","status":"publish","type":"post","link":"https:\/\/www.infokuryr.cz\/n\/2023\/01\/11\/byvala-sovetska-republika-vysvetluje-odmitnuti-vraceni-zbrani-ukrajine\/","title":{"rendered":"B\u00fdval\u00e1 sov\u011btsk\u00e1 republika vysv\u011btluje odm\u00edtnut\u00ed \u201evr\u00e1cen\u00ed\u201c zbran\u00ed Ukrajin\u011b"},"content":{"rendered":"<div id=\"fb-root\"><\/div>\n<p><span style=\"font-size: 18pt;\"><strong>Gruz\u00ednsk\u00e9 ministerstvo obrany kritizovalo Kyjev za n\u00e1znak, \u017ee Tbilisi z\u00edskalo sv\u00e9 syst\u00e9my protivzdu\u0161n\u00e9 obrany Buk zdarma<\/strong><\/span><\/p>\n<p><span>Gruzie nedostala protiletadlov\u00e9 syst\u00e9my Buk od Ukrajiny zdarma, ale sp\u00ed\u0161e jako sou\u010d\u00e1st tajn\u00e9ho obchodu se zbran\u011bmi, uvedlo v \u00fater\u00fd tamn\u00ed ministerstvo obrany.<\/span><\/p>\n<p><span>Prohl\u00e1\u0161en\u00ed p\u0159i\u0161lo v reakci na ukrajinsk\u00e9ho diplomata, kter\u00fd tvrdil, \u017ee Tbilisi odm\u00edt\u00e1 vr\u00e1tit zbran\u011b, kter\u00e9 Kyjev p\u0159ed v\u00edce ne\u017e deseti lety daroval kavkazsk\u00e9mu n\u00e1rodu.<\/span><\/p>\n<p><span>Ministerstvo v prohl\u00e1\u0161en\u00ed kritizovalo\u00a0<\/span><em><span>\u201enespr\u00e1vn\u00e9 informace \u0161\u00ed\u0159en\u00e9 odborn\u00edky nebo jednotliv\u00fdmi m\u00e9dii\u201c<\/span><\/em><span>\u00a0o obchodu s Bukem.<\/span><\/p>\n<p><em><span>\u201eZd\u00e1 se, \u017ee Ukrajina p\u0159edala Gruzii syst\u00e9my protivzdu\u0161n\u00e9 obrany Buk zdarma, co\u017e nen\u00ed pravda,\u201c<\/span><\/em><span>\u00a0uvedl s t\u00edm, \u017ee Gruzie\u00a0<\/span><em><span>\u201eobdr\u017eela syst\u00e9my Buk v roce 2007 n\u00e1kupem za mnoho milion\u016f dolar\u016f.<\/span><\/em><\/p>\n<p><em><span>&#8222;Bylo to provedeno na z\u00e1klad\u011b tajn\u00e9 dohody, a proto nem\u016f\u017eeme poskytnout v\u00edce specifikac\u00ed,&#8220;<\/span><\/em><span>\u00a0vysv\u011btlilo.<\/span><\/p>\n<p><span>Ministerstvo obrany dodalo, \u017ee zat\u00edmco Gruzie nab\u00edz\u00ed Ukrajin\u011b humanit\u00e1rn\u00ed a diplomatickou podporu, Tbilisi\u00a0<\/span><em><span>\u201eopakovan\u011b vyj\u00e1d\u0159ilo sv\u016fj jasn\u00fd postoj\u201c<\/span><\/em><span>\u00a0k p\u0159eprav\u011b zbran\u00ed a zbo\u017e\u00ed dvoj\u00edho u\u017eit\u00ed do Kyjeva.<\/span><\/p>\n<p><span>Poznamenalo tak\u00e9, \u017ee v roce 2017 zaplatilo des\u00edtky milion\u016f dolar\u016f za n\u00e1kup protitankov\u00fdch syst\u00e9m\u016f Javelin z USA.<\/span><\/p>\n<p><span>Prohl\u00e1\u0161en\u00ed n\u00e1sledovalo po \u010dl\u00e1nku zve\u0159ejn\u011bn\u00e9m v pond\u011bl\u00ed v novin\u00e1ch Jevropejskaja pravda (Evropsk\u00e1 pravda), ve kter\u00e9m Andrej Kasjanov, ukrajinsk\u00fd charg\u00e9 d&#8217;affaires v Gruzii, tvrdil, \u017ee Tbilisi odm\u00edt\u00e1 vr\u00e1tit syst\u00e9my Buk, kter\u00e9 byly podle jeho n\u00e1zoru Kyjevem p\u0159evedeny do Gruzie. Gruzie b\u011bhem konfliktu s Ruskem v roce 2008.<\/span><\/p>\n<p><span>Diplomat \u0159ekl, \u017ee Ukrajina v t\u00e9 dob\u011b rovn\u011b\u017e po\u017e\u00e1dala Gruzii o poskytnut\u00ed protitankov\u00fdch odpalovac\u00edch za\u0159\u00edzen\u00ed Javelin americk\u00e9 v\u00fdroby.\u00a0Podle Kasjanova byl takov\u00fd krok nejen\u00a0<\/span><em><span>\u201eschv\u00e1len Spojen\u00fdmi st\u00e1ty\u201c,<\/span><\/em><span>\u00a0ale Tbilisi tak\u00e9 obdr\u017eelo nab\u00eddku z Washingtonu na dopln\u011bn\u00ed sv\u00fdch z\u00e1sob Javelin\u00a0<\/span><em><span>\u201enov\u011bj\u0161\u00edmi syst\u00e9my\u201c.<\/span><\/em><\/p>\n<p><span>Gruzie opakovan\u011b prohl\u00e1sila, \u017ee na Ukrajinu zbran\u011b nepo\u0161le.\u00a0Tbilisi se tak\u00e9 odm\u00edtlo p\u0159ipojit k sankc\u00edm, kter\u00e9 Z\u00e1pad uvalil na Rusko kv\u016fli ukrajinsk\u00e9mu konfliktu s argumentem, \u017ee takov\u00fd postoj je v rozporu s n\u00e1rodn\u00edmi z\u00e1jmy zem\u011b.\u00a0Rovn\u011b\u017e odm\u00edtla v\u00fdzvy k otev\u0159en\u00ed\u00a0<\/span><em><span>\u201edruh\u00e9 fronty\u201c<\/span><\/em><span>\u00a0proti Moskv\u011b na Kavkaze.<\/span><\/p>\n<p><span>V z\u00e1\u0159\u00ed ukrajinsk\u00fd poslanec Fedor Venislavskij \u0159ekl, \u017ee Gruzie m\u00e1 jedine\u010dnou p\u0159\u00edle\u017eitost z\u00edskat zp\u011bt \u00fazem\u00ed Abch\u00e1zie a Ji\u017en\u00ed Osetie, kter\u00e1 si n\u00e1rokuje jako sv\u00e1 vlastn\u00ed.\u00a0Oba regiony vyhl\u00e1sily nez\u00e1vislost na Gruzii po konfliktu mezi Moskvou a Tbilisi v roce 2008.<\/span><\/p>\n<p><img decoding=\"async\" loading=\"lazy\" class=\"alignnone size-full wp-image-1185\" src=\"http:\/\/www.infokuryr.cz\/n\/wp-content\/uploads\/2021\/04\/kuryr-podpis.png\" alt=\"\" width=\"84\" height=\"24\" \/><\/p>\n<p>&nbsp;<\/p>\n<p><img decoding=\"async\" loading=\"lazy\" class=\"wp-image-19187 aligncenter\" src=\"http:\/\/www.infokuryr.cz\/n\/wp-content\/uploads\/2022\/12\/1-PRO-300x36.jpg\" alt=\"\" width=\"1308\" height=\"157\" srcset=\"https:\/\/www.infokuryr.cz\/n\/wp-content\/uploads\/2022\/12\/1-PRO-300x36.jpg 300w, https:\/\/www.infokuryr.cz\/n\/wp-content\/uploads\/2022\/12\/1-PRO.jpg 699w\" sizes=\"(max-width: 1308px) 100vw, 1308px\" \/><\/p>\n<p>&nbsp;<\/p>\n","protected":false},"excerpt":{"rendered":"<p>Gruz\u00ednsk\u00e9 ministerstvo obrany kritizovalo Kyjev za n\u00e1znak, \u017ee Tbilisi z\u00edskalo sv\u00e9 syst\u00e9my protivzdu\u0161n\u00e9 obrany Buk&#8230;<\/p>\n","protected":false},"author":2,"featured_media":21010,"comment_status":"closed","ping_status":"closed","sticky":false,"template":"","format":"standard","meta":[],"categories":[7],"tags":[381,26,73],"_links":{"self":[{"href":"https:\/\/www.infokuryr.cz\/n\/wp-json\/wp\/v2\/posts\/21009"}],"collection":[{"href":"https:\/\/www.infokuryr.cz\/n\/wp-json\/wp\/v2\/posts"}],"about":[{"href":"https:\/\/www.infokuryr.cz\/n\/wp-json\/wp\/v2\/types\/post"}],"author":[{"embeddable":true,"href":"https:\/\/www.infokuryr.cz\/n\/wp-json\/wp\/v2\/users\/2"}],"replies":[{"embeddable":true,"href":"https:\/\/www.infokuryr.cz\/n\/wp-json\/wp\/v2\/comments?post=21009"}],"version-history":[{"count":1,"href":"https:\/\/www.infokuryr.cz\/n\/wp-json\/wp\/v2\/posts\/21009\/revisions"}],"predecessor-version":[{"id":21011,"href":"https:\/\/www.infokuryr.cz\/n\/wp-json\/wp\/v2\/posts\/21009\/revisions\/21011"}],"wp:featuredmedia":[{"embeddable":true,"href":"https:\/\/www.infokuryr.cz\/n\/wp-json\/wp\/v2\/media\/21010"}],"wp:attachment":[{"href":"https:\/\/www.infokuryr.cz\/n\/wp-json\/wp\/v2\/media?parent=21009"}],"wp:term":[{"taxonomy":"category","embeddable":true,"href":"https:\/\/www.infokuryr.cz\/n\/wp-json\/wp\/v2\/categories?post=21009"},{"taxonomy":"post_tag","embeddable":true,"href":"https:\/\/www.infokuryr.cz\/n\/wp-json\/wp\/v2\/tags?post=21009"}],"curies":[{"name":"wp","href":"https:\/\/api.w.org\/{rel}","templated":true}]}}