{"id":21007,"date":"2023-01-11T01:07:30","date_gmt":"2023-01-11T00:07:30","guid":{"rendered":"http:\/\/www.infokuryr.cz\/n\/?p=21007"},"modified":"2023-01-10T17:14:01","modified_gmt":"2023-01-10T16:14:01","slug":"eu-hrozi-rozsirenim-sankci","status":"publish","type":"post","link":"https:\/\/www.infokuryr.cz\/n\/2023\/01\/11\/eu-hrozi-rozsirenim-sankci\/","title":{"rendered":"EU hroz\u00ed roz\u0161\u00ed\u0159en\u00edm sankc\u00ed"},"content":{"rendered":"<div id=\"fb-root\"><\/div>\n<p><span style=\"font-size: 18pt;\"><strong>Brusel sleduje sankce proti B\u011blorusku a \u00cdr\u00e1nu kv\u016fli jejich \u201evojensk\u00e9 podpo\u0159e\u201c Rusku<\/strong><\/span><\/p>\n<p><span>Evropsk\u00e1 unie pl\u00e1nuje uvalit nov\u00e9 sankce na B\u011blorusko kv\u016fli jeho vojensk\u00e9 spolupr\u00e1ci s Ruskem uprost\u0159ed pokra\u010duj\u00edc\u00edho konfliktu na Ukrajin\u011b, uvedla v \u00fater\u00fd p\u0159edsedkyn\u011b Evropsk\u00e9 komise Ursula von der Leyenov\u00e1.<\/span><\/p>\n<p><span>Po podeps\u00e1n\u00ed nov\u00e9\u00a0<\/span><a href=\"https:\/\/www.consilium.europa.eu\/en\/press\/press-releases\/2023\/01\/10\/eu-nato-joint-declaration-10-january-2023\/?utm_source=dsms-auto&amp;utm_medium=email&amp;utm_campaign=Joint+Declaration+on+EU-NATO+Cooperation%2c+10+January+2023\" target=\"_blank\" rel=\"noopener noreferrer\"><span>dohody o spolupr\u00e1ci mezi<\/span><\/a><span>\u00a0NATO a EU von der Leyen uvedla, \u017ee Brusel p\u0159ipravuje sankce proti zem\u00edm, kter\u00e9 vojensky podporuj\u00ed Moskvu, p\u0159i\u010dem\u017e konkr\u00e9tn\u011b pouk\u00e1zala na B\u011blorusko a \u00cdr\u00e1n.<\/span><\/p>\n<p><em><span>&#8222;Budeme dr\u017eet tlak na Kreml tak dlouho, jak to bude trvat s \u0161tiplav\u00fdm sank\u010dn\u00edm re\u017eimem, roz\u0161\u00ed\u0159\u00edme tyto sankce na ty, kte\u0159\u00ed vojensky podporuj\u00ed ruskou v\u00e1lku, jako je B\u011blorusko nebo \u00cdr\u00e1n,&#8220;<\/span><\/em><span>\u00a0\u0159ekla.<\/span><\/p>\n<p><em><span>&#8222;A my p\u0159edlo\u017e\u00edme nov\u00e9 sankce proti B\u011blorusku, abychom odpov\u011bd\u011bli na jejich roli v t\u00e9to rusk\u00e9 v\u00e1lce na Ukrajin\u011b.&#8220;<\/span><\/em><\/p>\n<p><span>V pond\u011bl\u00ed b\u011blorusk\u00e9 ministerstvo obrany ozn\u00e1milo spole\u010dn\u00e9 cvi\u010den\u00ed s Ruskem po z\u0159\u00edzen\u00ed nov\u00e9 vojensk\u00e9 s\u00edly obou zem\u00ed.\u00a0Moskva a Minsk ozn\u00e1mily vytvo\u0159en\u00ed spole\u010dn\u00fdch region\u00e1ln\u00edch vojensk\u00fdch sil v \u0159\u00edjnu s odkazem na rostouc\u00ed p\u0159\u00edtomnost jednotek NATO v bl\u00edzkosti b\u011blorusk\u00fdch hranic.<\/span><\/p>\n<p><span>Minsk tak\u00e9 dovolil Moskv\u011b pou\u017e\u00edvat sv\u00e9 \u00fazem\u00ed b\u011bhem sv\u00e9 prob\u00edhaj\u00edc\u00ed vojensk\u00e9 ofenz\u00edvy v sousedn\u00ed Ukrajin\u011b, i kdy\u017e odm\u00edtl poskytnout pro operaci voj\u00e1ky.<\/span><\/p>\n<p><span>V prosinci EU ozn\u00e1mila sankce v\u016f\u010di \u00edr\u00e1nsk\u00fdm v\u016fdc\u016fm a entit\u00e1m kv\u016fli obvin\u011bn\u00ed, \u017ee Moskva pou\u017e\u00edv\u00e1 na Ukrajin\u011b bezpilotn\u00ed letouny dodan\u00e9 \u00cdr\u00e1nem, co\u017e Moskva i Teher\u00e1n pop\u0159ely.<\/span><\/p>\n<p><span>Von der Leyenov\u00e1 v \u00fater\u00fd tak\u00e9 uvedla, \u017ee Ukrajin\u011b by m\u011blo b\u00fdt poskytnuto\u00a0<\/span><em><span>\u201eve\u0161ker\u00e9 nezbytn\u00e9 vojensk\u00e9 vybaven\u00ed, kter\u00e9 pot\u0159ebuj\u00ed a kter\u00e9 mohou zvl\u00e1dnout k obran\u011b sv\u00e9 vlasti\u201c,<\/span><\/em><span>\u00a0v\u010detn\u011b\u00a0<\/span><em><span>\u201evysp\u011bl\u00fdch syst\u00e9m\u016f protivzdu\u0161n\u00e9 obrany\u201c.<\/span><\/em><\/p>\n<p><span>P\u0159edseda Evropsk\u00e9 rady Charles Michel souhlasil a poznamenal, \u017ee\u00a0<\/span><em><span>\u201eopakovan\u011b volal po v\u011bt\u0161\u00ed vojensk\u00e9 podpo\u0159e pro Ukrajinu, aby byla zaru\u010dena jej\u00ed schopnost se br\u00e1nit\u201c<\/span><\/em><span>\u00a0a argumentoval t\u00edm, \u017ee Kyjev nebojuje jen za sebe, ale za evropsk\u00e9\u00a0<\/span><em><span>\u201espole\u010dn\u00e9 hodnoty\u201c.<\/span><\/em><\/p>\n<p><span>Gener\u00e1ln\u00ed tajemn\u00edk NATO Jens Stoltenberg, kter\u00fd byl rovn\u011b\u017e p\u0159\u00edtomen na tiskov\u00e9 konferenci, uvedl, \u017ee Brusel uzn\u00e1v\u00e1\u00a0<\/span><em><span>\u201ehodnotu siln\u011bj\u0161\u00ed a schopn\u011bj\u0161\u00ed evropsk\u00e9 obrany\u201c<\/span><\/em><span>\u00a0, kter\u00e1\u00a0<\/span><em><span>\u201edopl\u0148uje NATO a je s n\u00edm interoperabiln\u00ed\u201c.<\/span><\/em><\/p>\n<p><span>Dodal, \u017ee je odhodl\u00e1n posunout strategick\u00e9 partnerstv\u00ed EU-NATO na\u00a0<\/span><em><span>\u201edal\u0161\u00ed \u00farove\u0148\u201c<\/span><\/em><span>\u00a0uprost\u0159ed vyv\u00edjej\u00edc\u00edch se bezpe\u010dnostn\u00edch hrozeb v Evrop\u011b.<\/span><\/p>\n<p><img decoding=\"async\" loading=\"lazy\" class=\"alignnone size-full wp-image-1185\" src=\"http:\/\/www.infokuryr.cz\/n\/wp-content\/uploads\/2021\/04\/kuryr-podpis.png\" alt=\"\" width=\"84\" height=\"24\" \/><\/p>\n<p>&nbsp;<\/p>\n<p><img decoding=\"async\" loading=\"lazy\" class=\"wp-image-19187 aligncenter\" src=\"http:\/\/www.infokuryr.cz\/n\/wp-content\/uploads\/2022\/12\/1-PRO-300x36.jpg\" alt=\"\" width=\"1267\" height=\"152\" srcset=\"https:\/\/www.infokuryr.cz\/n\/wp-content\/uploads\/2022\/12\/1-PRO-300x36.jpg 300w, https:\/\/www.infokuryr.cz\/n\/wp-content\/uploads\/2022\/12\/1-PRO.jpg 699w\" sizes=\"(max-width: 1267px) 100vw, 1267px\" \/><\/p>\n<p>&nbsp;<\/p>\n","protected":false},"excerpt":{"rendered":"<p>Brusel sleduje sankce proti B\u011blorusku a \u00cdr\u00e1nu kv\u016fli jejich \u201evojensk\u00e9 podpo\u0159e\u201c Rusku Evropsk\u00e1 unie pl\u00e1nuje&#8230;<\/p>\n","protected":false},"author":2,"featured_media":1438,"comment_status":"closed","ping_status":"closed","sticky":false,"template":"","format":"standard","meta":[],"categories":[7],"tags":[150,41,38,39,125],"_links":{"self":[{"href":"https:\/\/www.infokuryr.cz\/n\/wp-json\/wp\/v2\/posts\/21007"}],"collection":[{"href":"https:\/\/www.infokuryr.cz\/n\/wp-json\/wp\/v2\/posts"}],"about":[{"href":"https:\/\/www.infokuryr.cz\/n\/wp-json\/wp\/v2\/types\/post"}],"author":[{"embeddable":true,"href":"https:\/\/www.infokuryr.cz\/n\/wp-json\/wp\/v2\/users\/2"}],"replies":[{"embeddable":true,"href":"https:\/\/www.infokuryr.cz\/n\/wp-json\/wp\/v2\/comments?post=21007"}],"version-history":[{"count":1,"href":"https:\/\/www.infokuryr.cz\/n\/wp-json\/wp\/v2\/posts\/21007\/revisions"}],"predecessor-version":[{"id":21008,"href":"https:\/\/www.infokuryr.cz\/n\/wp-json\/wp\/v2\/posts\/21007\/revisions\/21008"}],"wp:featuredmedia":[{"embeddable":true,"href":"https:\/\/www.infokuryr.cz\/n\/wp-json\/wp\/v2\/media\/1438"}],"wp:attachment":[{"href":"https:\/\/www.infokuryr.cz\/n\/wp-json\/wp\/v2\/media?parent=21007"}],"wp:term":[{"taxonomy":"category","embeddable":true,"href":"https:\/\/www.infokuryr.cz\/n\/wp-json\/wp\/v2\/categories?post=21007"},{"taxonomy":"post_tag","embeddable":true,"href":"https:\/\/www.infokuryr.cz\/n\/wp-json\/wp\/v2\/tags?post=21007"}],"curies":[{"name":"wp","href":"https:\/\/api.w.org\/{rel}","templated":true}]}}