{"id":21004,"date":"2023-01-11T01:06:20","date_gmt":"2023-01-11T00:06:20","guid":{"rendered":"http:\/\/www.infokuryr.cz\/n\/?p=21004"},"modified":"2023-01-10T17:06:01","modified_gmt":"2023-01-10T16:06:01","slug":"polsko-vytvori-novou-vychodni-pesi-divizi","status":"publish","type":"post","link":"https:\/\/www.infokuryr.cz\/n\/2023\/01\/11\/polsko-vytvori-novou-vychodni-pesi-divizi\/","title":{"rendered":"Polsko vytvo\u0159\u00ed novou v\u00fdchodn\u00ed p\u011b\u0161\u00ed divizi"},"content":{"rendered":"<div id=\"fb-root\"><\/div>\n<p><span style=\"font-size: 14pt;\"><strong>Formace je pot\u0159eba k odstra\u0161en\u00ed Ruska, tvrd\u00ed Mariusz Blaszczak<\/strong><\/span><\/p>\n<p>Polsk\u00e1 arm\u00e1da vytvo\u0159\u00ed ve v\u00fdchodn\u00ed \u010d\u00e1sti zem\u011b novou p\u011bchotn\u00ed divizi vybavenou nejmodern\u011bj\u0161\u00edm hardwarem, \u0159ekl polsk\u00fd ministr obrany Mariusz Blaszczak.<\/p>\n<p>Var\u0161ava hodl\u00e1 d\u00e1t novou formaci dohromady\u00a0<em>\u201eco nejd\u0159\u00edve,\u201c<\/em>\u00a0sl\u00edbil v pond\u011bl\u00ed Blaszczak.<\/p>\n<p>Hlavn\u00edm p\u016fsobi\u0161t\u011bm divize bude provincie Podlasie, kter\u00e1 soused\u00ed s Litvou, kter\u00e1 je \u010dlenem NATO, a tak\u00e9 s B\u011bloruskem, kter\u00e9 je bl\u00edzk\u00fdm spojencem Ruska.<\/p>\n<p>Podle ministra se bude divize skl\u00e1dat ze \u010dty\u0159 brig\u00e1d, rozd\u011blen\u00fdch do \u010dty\u0159 prapor\u016f.\u00a0Divize je vojensk\u00e1 formace, kter\u00e1 se skl\u00e1d\u00e1 z 6 000 a\u017e 25 000 voj\u00e1k\u016f.<\/p>\n<p>Nov\u00e9 s\u00edly budou vyzbrojeny americk\u00fdmi tanky Abrams a jihokorejsk\u00fdmi tanky K-2, m\u00edstn\u011b vyroben\u00fdmi houfnicemi Krab a korejsk\u00fdmi K-9 a tak\u00e9 pr\u016fzkumn\u00fdmi drony, \u0159ekl.<\/p>\n<p>Blaszczak ve sv\u00e9m \u00fatern\u00edm rozhovoru rozvedl d\u016fvody pro vytvo\u0159en\u00ed nov\u00e9 ozbrojen\u00e9 formace v t\u00e9to konkr\u00e9tn\u00ed oblasti.<\/p>\n<p><em>\u201eV\u00edme, kdo a kde n\u00e1s ohro\u017euje&#8230; Pro Polsko je hlavn\u00ed hrozbou Rusko a jeho imperi\u00e1ln\u00ed tendence.\u00a0Proto je na v\u00fdchod\u011b zem\u011b pot\u0159eba v\u00edce voj\u00e1k\u016f a proto se z\u0159izuje nov\u00e1 divize,\u201c<\/em>\u00a0\u0159ekl zpravodajsk\u00e9mu port\u00e1lu I.pl.<\/p>\n<p>Polsko d\u0159\u00edve soust\u0159edilo v\u011bt\u0161inu sv\u00fdch sil na z\u00e1pad od \u0159eky Visly, kter\u00e1 zemi odd\u011bluje zhruba nap\u016fl a vede na sever k Baltsk\u00e9mu mo\u0159i.\u00a0Ale novou strategi\u00ed Var\u0161avy je\u00a0<em>\u201eobrana ka\u017ed\u00e9ho metru na\u0161\u00ed zem\u011b,\u201c<\/em>\u00a0trval na sv\u00e9m ministr.<\/p>\n<p>Od zah\u00e1jen\u00ed rusk\u00e9 vojensk\u00e9 operace na Ukrajin\u011b se Polsko stalo zem\u00ed\u00a0<em>\u201ev p\u0159\u00edm\u00e9m kontaktu s v\u00e1lkou\u201c<\/em>\u00a0, proto\u017ee Var\u0161ava pom\u00e1h\u00e1 Kyjevu na vojensk\u00e9, politick\u00e9 a humanit\u00e1rn\u00ed \u00farovni, zd\u016fraznil.<\/p>\n<p>Poskytnut\u00edm t\u00e9to pomoci na\u00a0<em>sebe \u201ep\u0159eb\u00edr\u00e1me velkou zodpov\u011bdnost, ale d\u011bl\u00e1me to v\u011bdom\u011b, proto\u017ee \u010d\u00edm d\u00e1le se n\u00e1m poda\u0159\u00ed Rusko odstr\u010dit a \u010d\u00edm v\u011bt\u0161\u00ed ztr\u00e1ty mu budou zp\u016fsobeny \u2013 t\u00edm l\u00e9pe pro n\u00e1s i pro budoucnost demokratick\u00e9ho st\u00e1tu. sv\u011bt\u011b,\u201c<\/em>\u00a0tvrdil Blaszczak.\u00a0<em>\u201eMus\u00edme si to zapamatovat a st\u00e1t na stran\u011b Ukrajiny a\u017e do konce,\u201c<\/em>\u00a0dodal.<\/p>\n<p>Var\u0161ava byla jedn\u00edm z hlavn\u00edch podporovatel\u016f Kyjeva v EU uprost\u0159ed konfliktu mezi Ruskem a Ukrajinou, kter\u00fd trv\u00e1 od lo\u0148sk\u00e9ho \u00fanora.\u00a0Polsko \u00fadajn\u011b darovalo polovinu sv\u00fdch tank\u016f a dal\u0161\u00ed zbran\u011b vl\u00e1d\u011b Vladimira Zelensk\u00e9ho, p\u0159i\u010dem\u017e Moskva tak\u00e9 uvedla, \u017ee pol\u0161t\u00ed \u017eold\u00e1ci se boj\u016f \u00fa\u010dastn\u00ed.\u00a0P\u0159ijala tak\u00e9 asi 1,4 milionu ukrajinsk\u00fdch uprchl\u00edk\u016f a vyzvala Brusel, aby uvalil protirusk\u00e9 sankce.<\/p>\n<p>Tajemn\u00edk b\u011blorusk\u00e9 n\u00e1rodn\u00ed bezpe\u010dnostn\u00ed rady Aleksandr Volfovi\u010d ozna\u010dil pl\u00e1novan\u00e9 vytvo\u0159en\u00ed nov\u00e9 divize ze strany Var\u0161avy za dal\u0161\u00ed zn\u00e1mku\u00a0<em>\u201eagresivn\u00ed politiky a nesousedsk\u00e9ho postoje Polska\u201c<\/em>\u00a0v\u016f\u010di B\u011blorusku, Rusku a dal\u0161\u00edm \u010dlen\u016fm Organizace smlouvy o kolektivn\u00ed bezpe\u010dnosti (CSTO). ).<\/p>\n<p><em>&#8222;Bohu\u017eel, Polsko a pobaltsk\u00e9 st\u00e1ty pracuj\u00ed na militarizaci,&#8220;<\/em>\u00a0s d\u016frazem na nasazen\u00ed \u00fato\u010dn\u00fdch zbran\u00ed sp\u00ed\u0161e ne\u017e obrann\u00fdch, \u0159ekl Volfovi\u010d, jak citovala st\u00e1tn\u00ed tiskov\u00e1 agentura Belta.<\/p>\n<p><em>\u201eJak se to d\u00e1 hodnotit?\u00a0Pouze jako p\u0159edzv\u011bst n\u011bjak\u00e9 agrese.\u00a0Jak pr\u016fzkumn\u00e9 lety, tak po\u010det prov\u00e1d\u011bn\u00fdch cvi\u010den\u00ed [Polska a NATO] \u2013 to v\u0161e nem\u016f\u017ee p\u0159isp\u011bt k m\u00edru a bezpe\u010dnosti,\u201c<\/em>\u00a0argumentoval.<\/p>\n<p>Podle Volfovi\u010de spole\u010dn\u00fd rusko-b\u011blorusk\u00fd vojensk\u00fd kontingent, kter\u00fd byl loni nasazen v B\u011blorusku, sleduje pouze obrann\u00e9 \u00fa\u010dely a je zam\u011b\u0159en na odstra\u0161en\u00ed NATO.<\/p>\n<p><img decoding=\"async\" loading=\"lazy\" class=\"alignnone size-full wp-image-1185\" src=\"http:\/\/www.infokuryr.cz\/n\/wp-content\/uploads\/2021\/04\/kuryr-podpis.png\" alt=\"\" width=\"84\" height=\"24\" \/><\/p>\n<p>&nbsp;<\/p>\n<p><img decoding=\"async\" loading=\"lazy\" class=\"wp-image-19187 aligncenter\" src=\"http:\/\/www.infokuryr.cz\/n\/wp-content\/uploads\/2022\/12\/1-PRO-300x36.jpg\" alt=\"\" width=\"1250\" height=\"150\" srcset=\"https:\/\/www.infokuryr.cz\/n\/wp-content\/uploads\/2022\/12\/1-PRO-300x36.jpg 300w, https:\/\/www.infokuryr.cz\/n\/wp-content\/uploads\/2022\/12\/1-PRO.jpg 699w\" sizes=\"(max-width: 1250px) 100vw, 1250px\" \/><\/p>\n<p>&nbsp;<\/p>\n","protected":false},"excerpt":{"rendered":"<p>Formace je pot\u0159eba k odstra\u0161en\u00ed Ruska, tvrd\u00ed Mariusz Blaszczak Polsk\u00e1 arm\u00e1da vytvo\u0159\u00ed ve v\u00fdchodn\u00ed \u010d\u00e1sti&#8230;<\/p>\n","protected":false},"author":2,"featured_media":21005,"comment_status":"closed","ping_status":"closed","sticky":false,"template":"","format":"standard","meta":[],"categories":[7],"tags":[80,39,31],"_links":{"self":[{"href":"https:\/\/www.infokuryr.cz\/n\/wp-json\/wp\/v2\/posts\/21004"}],"collection":[{"href":"https:\/\/www.infokuryr.cz\/n\/wp-json\/wp\/v2\/posts"}],"about":[{"href":"https:\/\/www.infokuryr.cz\/n\/wp-json\/wp\/v2\/types\/post"}],"author":[{"embeddable":true,"href":"https:\/\/www.infokuryr.cz\/n\/wp-json\/wp\/v2\/users\/2"}],"replies":[{"embeddable":true,"href":"https:\/\/www.infokuryr.cz\/n\/wp-json\/wp\/v2\/comments?post=21004"}],"version-history":[{"count":1,"href":"https:\/\/www.infokuryr.cz\/n\/wp-json\/wp\/v2\/posts\/21004\/revisions"}],"predecessor-version":[{"id":21006,"href":"https:\/\/www.infokuryr.cz\/n\/wp-json\/wp\/v2\/posts\/21004\/revisions\/21006"}],"wp:featuredmedia":[{"embeddable":true,"href":"https:\/\/www.infokuryr.cz\/n\/wp-json\/wp\/v2\/media\/21005"}],"wp:attachment":[{"href":"https:\/\/www.infokuryr.cz\/n\/wp-json\/wp\/v2\/media?parent=21004"}],"wp:term":[{"taxonomy":"category","embeddable":true,"href":"https:\/\/www.infokuryr.cz\/n\/wp-json\/wp\/v2\/categories?post=21004"},{"taxonomy":"post_tag","embeddable":true,"href":"https:\/\/www.infokuryr.cz\/n\/wp-json\/wp\/v2\/tags?post=21004"}],"curies":[{"name":"wp","href":"https:\/\/api.w.org\/{rel}","templated":true}]}}