{"id":21002,"date":"2023-01-11T01:05:05","date_gmt":"2023-01-11T00:05:05","guid":{"rendered":"http:\/\/www.infokuryr.cz\/n\/?p=21002"},"modified":"2023-01-10T17:03:16","modified_gmt":"2023-01-10T16:03:16","slug":"usa-v-pohotovosti-emiraty-se-pripojuji-k-turecko-syrskym-rozhovorum-o-usmireni21002","status":"publish","type":"post","link":"https:\/\/www.infokuryr.cz\/n\/2023\/01\/11\/usa-v-pohotovosti-emiraty-se-pripojuji-k-turecko-syrskym-rozhovorum-o-usmireni21002\/","title":{"rendered":"USA v pohotovosti: Emir\u00e1ty se p\u0159ipojuj\u00ed k turecko-syrsk\u00fdm rozhovor\u016fm o usm\u00ed\u0159en\u00ed"},"content":{"rendered":"<div id=\"fb-root\"><\/div>\n<p><strong>Syrsko-tureck\u00e9 sbli\u017eov\u00e1n\u00ed prost\u0159ednictv\u00edm rusk\u00e9ho zprost\u0159edkov\u00e1n\u00ed v sou\u010dasnosti prob\u00edh\u00e1 paraleln\u011b s emir\u00e1tsko-syrsk\u00fdm sbli\u017eov\u00e1n\u00edm, kter\u00e9 naposledy vyvrcholilo setk\u00e1n\u00edm k pos\u00edlen\u00ed spolupr\u00e1ce a obnoven\u00ed vazeb mezi prezidentem Asadem a ministrem zahrani\u010d\u00ed Spojen\u00fdch arabsk\u00fdch emir\u00e1t\u016f Abdall\u00e1hem bin Zayedem Al-Nahyanem.<\/strong><\/p>\n<p>Po letech diplomatick\u00e9 doby ledov\u00e9 mezi Tureckem a S\u00fdri\u00ed se minist\u0159i obrany obou zem\u00ed se\u0161li koncem prosince 2022 v Moskv\u011b, aby normalizovali sv\u00e9 vztahy.\u00a0Tureck\u00fd prezident Recep Tayyip Erdo\u011fan b\u011bhem projevu v Anka\u0159e 5. ledna nazna\u010dil, \u017ee by se brzy mohlo uskute\u010dnit setk\u00e1n\u00ed s jeho syrsk\u00fdm prot\u011bj\u0161kem Ba\u0161\u00e1rem al-Asadem \u201ev r\u00e1mci m\u00edrov\u00e9ho \u00fasil\u00ed\u201c.\u00a0Dodal, \u017ee v bl\u00edzk\u00e9 budoucnosti se m\u00e1 poprv\u00e9 od roku 2011 konat tripartitn\u00ed jedn\u00e1n\u00ed ministr\u016f zahrani\u010d\u00ed Turecka, Ruska a S\u00fdrie.<\/p>\n<p>Syrsko-tureck\u00e9 sbli\u017eov\u00e1n\u00ed prost\u0159ednictv\u00edm rusk\u00e9ho zprost\u0159edkov\u00e1n\u00ed v sou\u010dasnosti prob\u00edh\u00e1 paraleln\u011b s emir\u00e1tsko-syrsk\u00fdm sbli\u017eov\u00e1n\u00edm.\u00a0Ta vyvrcholila ned\u00e1vn\u00fdm setk\u00e1n\u00edm zam\u011b\u0159en\u00fdm na pos\u00edlen\u00ed spolupr\u00e1ce a obnoven\u00ed vazeb mezi prezidentem Asadem a ministrem zahrani\u010d\u00ed Spojen\u00fdch arabsk\u00fdch emir\u00e1t\u016f Abdall\u00e1hem bin Zayedem Al-Nahyanem.\u00a0Sa\u00fadskoarabsk\u00fd list\u00a0\u00a0<em>Asharq Al-Awsat<\/em>\u00a0\u00a0uvedl, \u017ee SAE \u201echt\u011bj\u00ed podporovat syrsko-tureck\u00e9 vztahy na vysok\u00e9 \u00farovni spole\u010dn\u011b s Ruskem\u201c.\u00a0C\u00edlem n\u00e1v\u0161t\u011bvy ministra zahrani\u010d\u00ed Spojen\u00fdch arabsk\u00fdch emir\u00e1t\u016f v Dama\u0161ku bylo zajistit \u00fa\u010dast Turecka na tripartitn\u00edm jedn\u00e1n\u00ed ministr\u016f zahrani\u010d\u00ed S\u00fdrie, Turecka a Ruska.\u00a0Bude to tedy \u010dty\u0159strann\u00e9 setk\u00e1n\u00ed mezi Tureckem, S\u00fdri\u00ed, Ruskem a Spojen\u00fdmi arabsk\u00fdmi emir\u00e1ty,<em>Asharq Al-Awsat<\/em>\u00a0.<\/p>\n<p>Noviny tak\u00e9 uvedly, \u017ee SAE navrhly pomoci s financov\u00e1n\u00edm ekonomick\u00fdch a elektrick\u00fdch projekt\u016f v S\u00fdrii.\u00a0T\u00edmto mo\u017en\u00fdm krokem by SAE fakticky obe\u0161ly americk\u00fd sank\u010dn\u00ed re\u017eim, konkr\u00e9tn\u011b tzv. \u201eCaesar\u016fv z\u00e1kon\u201c.\u00a0Sa\u00fadsk\u00e9 noviny oznamuj\u00ed: &#8222;Je pravda, \u017ee Ankara a Dama\u0161ek pova\u017euj\u00ed PKK za spole\u010dnou hrozbu a budou jednat proti jak\u00e9koli separatistick\u00e9 agend\u011b, proto\u017ee p\u0159edstavuje existen\u010dn\u00ed hrozbu pro ob\u011b zem\u011b.&#8220;<\/p>\n<p><em>Asharq Al-Awsat<\/em>\u00a0\u00a0dodal, \u017ee tureck\u00fd ministr zahrani\u010d\u00ed Mevlut Cavusoglu pl\u00e1nuje v polovin\u011b ledna nav\u0161t\u00edvit Washington.\u00a0Tam chce americk\u00e9 p\u0159edstavitele informovat o v\u00fdvoji turecko-syrsk\u00e9 normalizace, na kter\u00e9m se v minul\u00fdch t\u00fddnech dohodli minist\u0159i obrany a \u0161\u00e9fov\u00e9 zpravodajsk\u00fdch slu\u017eeb v S\u00fdrii, Turecku a Rusku.\u00a0Americk\u00e9 p\u0159edstavitele chce tak\u00e9 informovat o sv\u00e9m setk\u00e1n\u00ed se syrsk\u00fdm ministrem zahrani\u010d\u00ed Faysalem Mikdadem a o Moskvou podporovan\u00e9 \u201ecestovn\u00ed map\u011b\u201c v oblasti bezpe\u010dnosti, arm\u00e1dy, politiky a ekonomiky.<\/p>\n<p>Pot\u00e9, co USA nal\u00e9haly na sv\u00e9 spojence a mezin\u00e1rodn\u00ed partnery, aby se zdr\u017eeli normalizace vztah\u016f se S\u00fdri\u00ed,\u00a0\u00a0<em>Asharq Al-Awsat<\/em>\u00a0citoval \u00a0\u00fa\u0159edn\u00edka, kter\u00fd prohl\u00e1sil, \u017ee USA jsou jedinou z\u00e1padn\u00ed zem\u00ed, kter\u00e1 se stav\u00ed proti normalizaci, a spolupracuje s Pa\u0159\u00ed\u017e\u00ed, Berl\u00ednem a Lond\u00fdnem na p\u0159ijet\u00ed jednotn\u00e9ho postoje. proti normalizaci vztah\u016f se S\u00fdri\u00ed.<\/p>\n<p>Prob\u00edhaj\u00ed p\u0159\u00edpravy na setk\u00e1n\u00ed z\u00e1stupc\u016f Pa\u0159\u00ed\u017ee, Berl\u00edna, Lond\u00fdna a Washingtonu a zvl\u00e1\u0161tn\u00edho vyslance OSN pro S\u00fdrii Geira Pedersona 23. ledna v \u017denev\u011b.\u00a0Tato sch\u016fzka se uskute\u010dn\u00ed p\u0159ed Pedersenovou n\u00e1v\u0161t\u011bvou Dama\u0161ku, aby potvrdila \u201epostoj proti normalizaci\u201c.<\/p>\n<p><img decoding=\"async\" loading=\"lazy\" class=\"alignnone size-full wp-image-1185\" src=\"http:\/\/www.infokuryr.cz\/n\/wp-content\/uploads\/2021\/04\/kuryr-podpis.png\" alt=\"\" width=\"84\" height=\"24\" \/><\/p>\n<p>&nbsp;<\/p>\n<p><img decoding=\"async\" loading=\"lazy\" class=\"wp-image-19187 aligncenter\" src=\"http:\/\/www.infokuryr.cz\/n\/wp-content\/uploads\/2022\/12\/1-PRO-300x36.jpg\" alt=\"\" width=\"1225\" height=\"147\" srcset=\"https:\/\/www.infokuryr.cz\/n\/wp-content\/uploads\/2022\/12\/1-PRO-300x36.jpg 300w, https:\/\/www.infokuryr.cz\/n\/wp-content\/uploads\/2022\/12\/1-PRO.jpg 699w\" sizes=\"(max-width: 1225px) 100vw, 1225px\" \/><\/p>\n<p>&nbsp;<\/p>\n","protected":false},"excerpt":{"rendered":"<p>Syrsko-tureck\u00e9 sbli\u017eov\u00e1n\u00ed prost\u0159ednictv\u00edm rusk\u00e9ho zprost\u0159edkov\u00e1n\u00ed v sou\u010dasnosti prob\u00edh\u00e1 paraleln\u011b s emir\u00e1tsko-syrsk\u00fdm sbli\u017eov\u00e1n\u00edm, kter\u00e9 naposledy vyvrcholilo&#8230;<\/p>\n","protected":false},"author":2,"featured_media":21003,"comment_status":"closed","ping_status":"closed","sticky":false,"template":"","format":"standard","meta":[],"categories":[7],"tags":[295,4224,147,55],"_links":{"self":[{"href":"https:\/\/www.infokuryr.cz\/n\/wp-json\/wp\/v2\/posts\/21002"}],"collection":[{"href":"https:\/\/www.infokuryr.cz\/n\/wp-json\/wp\/v2\/posts"}],"about":[{"href":"https:\/\/www.infokuryr.cz\/n\/wp-json\/wp\/v2\/types\/post"}],"author":[{"embeddable":true,"href":"https:\/\/www.infokuryr.cz\/n\/wp-json\/wp\/v2\/users\/2"}],"replies":[{"embeddable":true,"href":"https:\/\/www.infokuryr.cz\/n\/wp-json\/wp\/v2\/comments?post=21002"}],"version-history":[{"count":0,"href":"https:\/\/www.infokuryr.cz\/n\/wp-json\/wp\/v2\/posts\/21002\/revisions"}],"wp:featuredmedia":[{"embeddable":true,"href":"https:\/\/www.infokuryr.cz\/n\/wp-json\/wp\/v2\/media\/21003"}],"wp:attachment":[{"href":"https:\/\/www.infokuryr.cz\/n\/wp-json\/wp\/v2\/media?parent=21002"}],"wp:term":[{"taxonomy":"category","embeddable":true,"href":"https:\/\/www.infokuryr.cz\/n\/wp-json\/wp\/v2\/categories?post=21002"},{"taxonomy":"post_tag","embeddable":true,"href":"https:\/\/www.infokuryr.cz\/n\/wp-json\/wp\/v2\/tags?post=21002"}],"curies":[{"name":"wp","href":"https:\/\/api.w.org\/{rel}","templated":true}]}}