{"id":20993,"date":"2023-01-11T01:01:25","date_gmt":"2023-01-11T00:01:25","guid":{"rendered":"http:\/\/www.infokuryr.cz\/n\/?p=20993"},"modified":"2023-01-10T15:11:51","modified_gmt":"2023-01-10T14:11:51","slug":"masakr-na-majdanu-2014-skryta-pravda","status":"publish","type":"post","link":"https:\/\/www.infokuryr.cz\/n\/2023\/01\/11\/masakr-na-majdanu-2014-skryta-pravda\/","title":{"rendered":"Masakr na Majdanu 2014: Skryt\u00e1 pravda?"},"content":{"rendered":"<div id=\"fb-root\"><\/div>\n<p><strong><span>Kdo vlastn\u011b st\u00e1l za vra\u017edami policist\u016f a demonstrant\u016f na Majdanu v Kyjev\u011b v roce 2014?\u00a0Studie poukazuje na kampa\u0148 pod fale\u0161nou vlajkou ukrajinsk\u00fdch neonacist\u016f.\u00a0Ale nebylo povoleno to zve\u0159ejnit&#8230;<\/span><\/strong><\/p>\n<p><span>Takzvan\u00fd masakr na Majdanu v \u00fanoru 2014, kdy odst\u0159elova\u010di zjevn\u011b nevyb\u00edrav\u011b vra\u017edili policisty a demonstranty, je pova\u017eov\u00e1n za jednu z kl\u00ed\u010dov\u00fdch ud\u00e1lost\u00ed dal\u0161\u00edho v\u00fdvoje v ukrajinsk\u00e9 nejvy\u0161\u0161\u00ed politice.\u00a0Ty byly p\u0159i\u010d\u00edt\u00e1ny bezpe\u010dnostn\u00edm slo\u017ek\u00e1m prezidenta Viktora Janukovy\u010de, kter\u00fd nakonec musel uprchnout do rusk\u00e9ho exilu, zat\u00edmco v Kyjev\u011b vznikla proz\u00e1padn\u00ed pu\u010distick\u00e1 vl\u00e1da za \u00fa\u010dasti pravicov\u011b extremistick\u00fdch sil.\u00a0To byl tak\u00e9 v\u00fdchoz\u00ed sign\u00e1l pro odtr\u017een\u00ed dvou \u201edonbassk\u00fdch republik\u201c Don\u011bck a Lugansk, stejn\u011b jako pro n\u00e1vrat Krymu Rusku, a tedy z\u00e1kladn\u00ed k\u00e1men pro Moskvu, kter\u00e1 kone\u010dn\u011b zah\u00e1jila invazi na ochranu rusk\u00e9ho obyvatelstva na v\u00fdchod\u011b a jihu. Ukrajiny.<\/span><\/p>\n<p><span>Ale kdo vlastn\u011b st\u00e1l za t\u011bmito zbab\u011bl\u00fdmi vra\u017edami odst\u0159elova\u010d\u016f na st\u0159ech\u00e1ch Kyjeva?\u00a0Podle profesora Ivana Katchanovsk\u00e9ho, ukrajinsko-kanadsk\u00e9ho v\u011bdce, byli zodpov\u011bdn\u00ed ukrajin\u0161t\u00ed neonacist\u00e9.\u00a0Jeho pr\u00e1ce na toto t\u00e9ma byla\u00a0<\/span><a href=\"https:\/\/dailysceptic.org\/2022\/08\/12\/ivan-katchanovski-responds-to-ian-rons\/\" target=\"_blank\" rel=\"noreferrer noopener\"><span>diskutov\u00e1na p\u0159ed m\u011bs\u00edci v anglicky mluv\u00edc\u00edm sv\u011bt\u011b<\/span><\/a><span>\u00a0, ale nedostala \u017e\u00e1dnou pozornost, zejm\u00e9na v n\u011bmeck\u00e9m mainstreamu.<\/span><\/p>\n<p><span>Ale to nen\u00ed v\u0161echno.\u00a0Profesor Katchanovski pl\u00e1noval publikovat komplexn\u011bj\u0161\u00ed a podrobn\u011bj\u0161\u00ed studii o tomto kl\u00ed\u010dov\u00e9m incidentu v listopadu 2022.\u00a0<\/span><strong><span>To bylo po men\u0161\u00edch reviz\u00edch p\u0159ijato.\u00a0O pouh\u00fdch deset dn\u00ed pozd\u011bji v\u0161ak v\u011bdec obdr\u017eel e-mail z \u010dasopisu, \u017ee \u010dl\u00e1nek\u00a0<\/span><a href=\"https:\/\/dailysceptic.org\/2023\/01\/09\/maidan-massacre-study-accepted-and-then-rejected-by-journal\/\" target=\"_blank\" rel=\"noreferrer noopener\"><span>byl zam\u00edtnut<\/span><\/a><span>\u00a0bez dal\u0161\u00edho p\u0159ezkoum\u00e1n\u00ed ostatn\u00edmi v\u011bdci .\u00a0<\/span><\/strong><span>Zcela neobvykl\u00fd krok, proto\u017ee jednou publikovan\u00e9 studie se obvykle neodm\u00edtaj\u00ed bez masivn\u00edch n\u00e1mitek ostatn\u00edch v\u011bdc\u016f.\u00a0A: Redaktor i dva revizn\u00ed v\u011bdci popsali d\u016fkazy jako \u201epevn\u00e9\u201c.<\/span><\/p>\n<p><span>Tak, co se stalo?\u00a0Byla tato studie vzhledem k sou\u010dasn\u00fdm ud\u00e1lostem na Ukrajin\u011b pova\u017eov\u00e1na za hrozbu pro sou\u010dasn\u00fd narativ o \u201edemokratick\u00e9 zm\u011bn\u011b\u201c v b\u00fdval\u00e9 sov\u011btsk\u00e9 republice?\u00a0Vn\u00edm\u00e1te to jako ohro\u017een\u00ed sou\u010dasn\u00e9ho \u010dernob\u00edl\u00e9ho sch\u00e9matu, podle kter\u00e9ho je Ukrajina dobr\u00e1 a Rusko zlo?\u00a0M\u016f\u017eete jednodu\u0161e zam\u00edtnout studium jen proto, \u017ee v\u00fdsledky neodpov\u00eddaj\u00ed ofici\u00e1ln\u00ed linii?\u00a0Pokud se chcete p\u0159esv\u011bd\u010dit na vlastn\u00ed o\u010di, m\u016f\u017eete si Katchanovsk\u00e9ho v\u00fdklad (v angli\u010dtin\u011b) p\u0159e\u010d\u00edst<strong>\u00a0<\/strong><\/span><strong><a href=\"https:\/\/papers.ssrn.com\/sol3\/papers.cfm?abstract_id=4048494\" target=\"_blank\" rel=\"noreferrer noopener\">zde<\/a><\/strong><span><strong>\u00a0<\/strong>.<\/span><\/p>\n<h1><span style=\"font-size: 18pt;\">Masakr na Majdanu na Ukrajin\u011b: Odhalen\u00ed z proces\u016f a vy\u0161et\u0159ov\u00e1n\u00ed<\/span><\/h1>\n<h3><span>Abstrakt<\/span><\/h3>\n<p><span>Tato studie zkoum\u00e1 d\u016fkazy odhalen\u00e9 prob\u00edhaj\u00edc\u00edm soudn\u00edm \u0159\u00edzen\u00edm a vl\u00e1dn\u00edm vy\u0161et\u0159ov\u00e1n\u00edm masakru na Majdanu na Ukrajin\u011b.\u00a0Masakr demonstrant\u016f a policie b\u011bhem masov\u00fdch protest\u016f \u201eEuromajdan\u201c v \u00fanoru 2014 p\u0159isp\u011bl ke svr\u017een\u00ed ukrajinsk\u00e9 vl\u00e1dy a v kone\u010dn\u00e9m d\u016fsledku k zah\u00e1jen\u00ed ob\u010dansk\u00e9 v\u00e1lky na Donbasu, rusk\u00fdm vojensk\u00fdm intervenc\u00edm na Krymu a Donbasu, rusk\u00e9 anexi Krym a mezin\u00e1rodn\u00ed konflikt mezi Z\u00e1padem a Ruskem.\u00a0V\u00fdzkumn\u00e1 ot\u00e1zka je n\u00e1sleduj\u00edc\u00ed:\u00a0Co odhaluj\u00ed d\u016fkazy zve\u0159ejn\u011bn\u00e9 b\u011bhem masakru na Majdanu a vy\u0161et\u0159ov\u00e1n\u00ed ukrajinsk\u00e9 vl\u00e1dy o tom, kter\u00e1 ze stran konfliktu se pod\u00edlela na tomto masov\u00e9m zab\u00edjen\u00ed?\u00a0Tento \u010dl\u00e1nek analyzuje n\u011bkolik stovek hodin videoz\u00e1znam\u016f z procesu masakru na Majdanu a informace t\u00fdkaj\u00edc\u00ed se vy\u0161et\u0159ov\u00e1n\u00ed tohoto masakru ve v\u00edce ne\u017e 2500 soudn\u00edch rozhodnut\u00edch z ofici\u00e1ln\u00ed datab\u00e1ze soudn\u00edch rozhodnut\u00ed na Ukrajin\u011b.\u00a0Zkoum\u00e1 soudn\u00ed a vy\u0161et\u0159ovac\u00ed sv\u011bdectv\u00ed zran\u011bn\u00fdch demonstrant\u016f, p\u0159\u00edbuzn\u00fdch zabit\u00fdch demonstrant\u016f, sv\u011bdk\u016f ob\u017ealoby a obhajoby a nejvy\u0161\u0161\u00edch p\u0159edstavitel\u016f Janukovy\u010dovy vl\u00e1dy.\u00a0Studie tak\u00e9 analyzuje v\u00fdsledky forenzn\u00edch balistick\u00fdch a l\u00e9ka\u0159sk\u00fdch vy\u0161et\u0159en\u00ed a vy\u0161et\u0159ovac\u00edch experiment\u016f a videa a fotografie masakru na Majdanu zve\u0159ejn\u011bn\u00e9 b\u011bhem procesu.\u00a0Obsahuje n\u011bkolik online video p\u0159\u00edloh.<\/span><\/p>\n<p><span>Procesy a vy\u0161et\u0159ov\u00e1n\u00ed masakru na Majdanu odhalily r\u016fzn\u00e9 d\u016fkazy, \u017ee \u010dty\u0159i zabit\u00ed a n\u011bkolik des\u00edtek zran\u011bn\u00fdch policist\u016f a p\u0159inejmen\u0161\u00edm naprost\u00e1 v\u011bt\u0161ina ze 49 zabit\u00fdch a 157 zran\u011bn\u00fdch demonstrant\u016f na Majdanu byla zmasakrov\u00e1na 20. \u00fanora 2014 ost\u0159elova\u010di v budov\u00e1ch a oblastech kontrolovan\u00fdch Majdanem.\u00a0Mezi takov\u00e9 d\u016fkazy pat\u0159\u00ed sv\u011bdectv\u00ed naprost\u00e9 v\u011bt\u0161iny zran\u011bn\u00fdch demonstrant\u016f, n\u011bkolika des\u00edtek sv\u011bdk\u016f ob\u017ealoby, des\u00edtek sv\u011bdk\u016f obhajoby a 14 samop\u0159iznan\u00fdch \u010dlen\u016f skupin odst\u0159elova\u010d\u016f na Majdanu.\u00a0Videa prezentovan\u00e1 u soudu uk\u00e1zala, \u017ee \u010dasy st\u0159elby na absolutn\u00ed v\u011bt\u0161inu demonstrant\u016f se neshodovaly s \u010dasy st\u0159elby policisty z Berkutu, kte\u0159\u00ed byli obvin\u011bni z jejich masakru.\u00a0Forenzn\u00ed l\u00e9ka\u0159sk\u00e9 vy\u0161et\u0159en\u00ed zjistilo, \u017ee drtiv\u00e1 v\u011bt\u0161ina demonstrant\u016f byla zast\u0159elena ze strm\u00fdch sm\u011br\u016f ze stran nebo zezadu.\u00a0Po\u010d\u00e1te\u010dn\u00ed balistick\u00e1 vy\u0161et\u0159en\u00ed neodpov\u00eddala kulk\u00e1m extrahovan\u00fdm z t\u011bl zabit\u00fdch a zran\u011bn\u00fdch demonstrant\u016f s kala\u0161nikovy Berkut.\u00a0<\/span><\/p>\n<p><span>Forenzn\u00ed zkoum\u00e1n\u00ed d\u011br po kulk\u00e1ch vl\u00e1dn\u00edmi experty pro proces masakru na Majdanu nazna\u010dovalo, \u017ee policist\u00e9 z Berkutu st\u0159\u00edleli v odst\u0159elova\u010d\u00edch hotelu Ukraina nad demonstranty na Majdanu a do strom\u016f a sloup\u016f.\u00a0Anal\u00fdza ukazuje zakr\u00fdv\u00e1n\u00ed a zkame\u0148ov\u00e1n\u00ed vy\u0161et\u0159ov\u00e1n\u00ed a proces\u016f ze strany vl\u00e1d Majdanu a krajn\u00ed pravice.\u00a0Ob\u017ealoba pop\u0159ela, \u017ee by v budov\u00e1ch kontrolovan\u00fdch Majdanem byli n\u011bjac\u00ed odst\u0159elova\u010di.\u00a0T\u00e9m\u011b\u0159 8 let po jednom z nejzdokumentovan\u011bj\u0161\u00edch masov\u00fdch vra\u017ed v historii nen\u00ed za masakr demonstrant\u016f a policie odsouzen ani jeden \u010dlov\u011bk.\u00a0Forenzn\u00ed zkoum\u00e1n\u00ed d\u011br po kulk\u00e1ch vl\u00e1dn\u00edmi experty pro proces masakru na Majdanu nazna\u010dovalo, \u017ee policist\u00e9 z Berkutu st\u0159\u00edleli v odst\u0159elova\u010d\u00edch hotelu Ukraina nad demonstranty na Majdanu a do strom\u016f a sloup\u016f.\u00a0Anal\u00fdza ukazuje zakr\u00fdv\u00e1n\u00ed a zkame\u0148ov\u00e1n\u00ed vy\u0161et\u0159ov\u00e1n\u00ed a proces\u016f ze strany vl\u00e1d Majdanu a krajn\u00ed pravice.\u00a0Ob\u017ealoba pop\u0159ela, \u017ee by v budov\u00e1ch kontrolovan\u00fdch Majdanem byli n\u011bjac\u00ed odst\u0159elova\u010di.\u00a0<\/span><\/p>\n<p><span>T\u00e9m\u011b\u0159 8 let po jednom z nejzdokumentovan\u011bj\u0161\u00edch masov\u00fdch vra\u017ed v historii nen\u00ed za masakr demonstrant\u016f a policie odsouzen ani jeden \u010dlov\u011bk.\u00a0Forenzn\u00ed zkoum\u00e1n\u00ed d\u011br po kulk\u00e1ch vl\u00e1dn\u00edmi experty pro proces masakru na Majdanu nazna\u010dovalo, \u017ee policist\u00e9 z Berkutu st\u0159\u00edleli v odst\u0159elova\u010d\u00edch hotelu Ukraina nad demonstranty na Majdanu a do strom\u016f a sloup\u016f.\u00a0Anal\u00fdza ukazuje zakr\u00fdv\u00e1n\u00ed a zkame\u0148ov\u00e1n\u00ed vy\u0161et\u0159ov\u00e1n\u00ed a proces\u016f ze strany vl\u00e1d Majdanu a krajn\u00ed pravice.\u00a0Ob\u017ealoba pop\u0159ela, \u017ee by v budov\u00e1ch kontrolovan\u00fdch Majdanem byli n\u011bjac\u00ed odst\u0159elova\u010di.\u00a0<\/span><\/p>\n<p><span>T\u00e9m\u011b\u0159 8 let po jednom z nejzdokumentovan\u011bj\u0161\u00edch masov\u00fdch vra\u017ed v historii nen\u00ed za masakr demonstrant\u016f a policie odsouzen ani jeden \u010dlov\u011bk.\u00a0Anal\u00fdza ukazuje zakr\u00fdv\u00e1n\u00ed a zkame\u0148ov\u00e1n\u00ed vy\u0161et\u0159ov\u00e1n\u00ed a proces\u016f ze strany vl\u00e1d Majdanu a krajn\u00ed pravice.\u00a0Ob\u017ealoba pop\u0159ela, \u017ee by v budov\u00e1ch kontrolovan\u00fdch Majdanem byli n\u011bjac\u00ed odst\u0159elova\u010di.\u00a0T\u00e9m\u011b\u0159 8 let po jednom z nejzdokumentovan\u011bj\u0161\u00edch masov\u00fdch vra\u017ed v historii nen\u00ed za masakr demonstrant\u016f a policie odsouzen ani jeden \u010dlov\u011bk.\u00a0Anal\u00fdza ukazuje zakr\u00fdv\u00e1n\u00ed a zkame\u0148ov\u00e1n\u00ed vy\u0161et\u0159ov\u00e1n\u00ed a proces\u016f ze strany vl\u00e1d Majdanu a krajn\u00ed pravice.\u00a0Ob\u017ealoba pop\u0159ela, \u017ee by v budov\u00e1ch kontrolovan\u00fdch Majdanem byli n\u011bjac\u00ed odst\u0159elova\u010di.\u00a0T\u00e9m\u011b\u0159 8 let po jednom z nejzdokumentovan\u011bj\u0161\u00edch masov\u00fdch vra\u017ed v historii nen\u00ed za masakr demonstrant\u016f a policie odsouzen ani jeden \u010dlov\u011bk.<\/span><\/p>\n<p><img decoding=\"async\" loading=\"lazy\" class=\"alignnone size-full wp-image-1185\" src=\"http:\/\/www.infokuryr.cz\/n\/wp-content\/uploads\/2021\/04\/kuryr-podpis.png\" alt=\"\" width=\"84\" height=\"24\" \/><\/p>\n<p>&nbsp;<\/p>\n<p><img decoding=\"async\" loading=\"lazy\" class=\"wp-image-19187 aligncenter\" src=\"http:\/\/www.infokuryr.cz\/n\/wp-content\/uploads\/2022\/12\/1-PRO-300x36.jpg\" alt=\"\" width=\"1283\" height=\"154\" srcset=\"https:\/\/www.infokuryr.cz\/n\/wp-content\/uploads\/2022\/12\/1-PRO-300x36.jpg 300w, https:\/\/www.infokuryr.cz\/n\/wp-content\/uploads\/2022\/12\/1-PRO.jpg 699w\" sizes=\"(max-width: 1283px) 100vw, 1283px\" \/><\/p>\n<p>&nbsp;<\/p>\n","protected":false},"excerpt":{"rendered":"<p>Kdo vlastn\u011b st\u00e1l za vra\u017edami policist\u016f a demonstrant\u016f na Majdanu v Kyjev\u011b v roce 2014?\u00a0Studie&#8230;<\/p>\n","protected":false},"author":2,"featured_media":20994,"comment_status":"closed","ping_status":"closed","sticky":false,"template":"","format":"standard","meta":[],"categories":[7],"tags":[2046,320,26,1205,1398],"_links":{"self":[{"href":"https:\/\/www.infokuryr.cz\/n\/wp-json\/wp\/v2\/posts\/20993"}],"collection":[{"href":"https:\/\/www.infokuryr.cz\/n\/wp-json\/wp\/v2\/posts"}],"about":[{"href":"https:\/\/www.infokuryr.cz\/n\/wp-json\/wp\/v2\/types\/post"}],"author":[{"embeddable":true,"href":"https:\/\/www.infokuryr.cz\/n\/wp-json\/wp\/v2\/users\/2"}],"replies":[{"embeddable":true,"href":"https:\/\/www.infokuryr.cz\/n\/wp-json\/wp\/v2\/comments?post=20993"}],"version-history":[{"count":1,"href":"https:\/\/www.infokuryr.cz\/n\/wp-json\/wp\/v2\/posts\/20993\/revisions"}],"predecessor-version":[{"id":20995,"href":"https:\/\/www.infokuryr.cz\/n\/wp-json\/wp\/v2\/posts\/20993\/revisions\/20995"}],"wp:featuredmedia":[{"embeddable":true,"href":"https:\/\/www.infokuryr.cz\/n\/wp-json\/wp\/v2\/media\/20994"}],"wp:attachment":[{"href":"https:\/\/www.infokuryr.cz\/n\/wp-json\/wp\/v2\/media?parent=20993"}],"wp:term":[{"taxonomy":"category","embeddable":true,"href":"https:\/\/www.infokuryr.cz\/n\/wp-json\/wp\/v2\/categories?post=20993"},{"taxonomy":"post_tag","embeddable":true,"href":"https:\/\/www.infokuryr.cz\/n\/wp-json\/wp\/v2\/tags?post=20993"}],"curies":[{"name":"wp","href":"https:\/\/api.w.org\/{rel}","templated":true}]}}