{"id":20962,"date":"2023-01-10T01:08:22","date_gmt":"2023-01-10T00:08:22","guid":{"rendered":"http:\/\/www.infokuryr.cz\/n\/?p=20962"},"modified":"2023-01-09T14:40:23","modified_gmt":"2023-01-09T13:40:23","slug":"eva-hrindova-neverila-jsem-ale-stalo-se-babis-je-osvobozen","status":"publish","type":"post","link":"https:\/\/www.infokuryr.cz\/n\/2023\/01\/10\/eva-hrindova-neverila-jsem-ale-stalo-se-babis-je-osvobozen\/","title":{"rendered":"Eva Hrindov\u00e1: Nev\u011b\u0159ila jsem, ale stalo se: Babi\u0161 je osvobozen!"},"content":{"rendered":"<div id=\"fb-root\"><\/div>\n<div class=\"anotace\">\n<div class=\"field field-name-field-anotace field-type-text-long field-label-hidden\">\n<div class=\"field-items\">\n<div class=\"field-item even\"><strong>Tento obr\u00e1zek je z ledna roku 2018. U\u017e tehdy jsem upozor\u0148ovala na z\u0159ejm\u00e9 zpolitizov\u00e1n\u00ed procesu s Andrejem Babi\u0161em. Naskakovalo na to mnoho lid\u00ed a instituc\u00ed v\u010detn\u011b politick\u00fdch stran. V\u010detn\u011b SPD.<\/strong><\/div>\n<\/div>\n<\/div>\n<\/div>\n<div class=\"text\">\n<div class=\"field field-name-body field-type-text-with-summary field-label-hidden\">\n<div class=\"field-items\">\n<div class=\"field-item even\">\n<p>Nev\u011b\u0159ila jsem, \u017ee v celkov\u00e9 hysterick\u00e9 atmosf\u00e9\u0159e bude schopen soud rozhodnout v\u011bcn\u011b a nez\u00e1visle. Ne\u017eiju v p\u0159esv\u011bd\u010den\u00ed, \u017ee jsou soudy nez\u00e1visl\u00e9 a \u017ee u n\u00e1s funguje n\u011bco jako pr\u00e1vn\u00ed st\u00e1t. Dvoj\u00edmi metry &#8211; co\u017e je typick\u00fd p\u0159\u00edznak nef\u00e9rovosti a nespravedlnosti &#8211; se oh\u00e1n\u00ed m\u00e9dia, politici a dokonce i policie a soudy.<\/p>\n<p>Dnes tedy soud Andreje Babi\u0161e osvobodil a malinko zbrzdil ten se\u0161up k nesvobodn\u00e9 a nespravedliv\u00e9 spole\u010dnosti. Nezastavil, jen zbrzdil.<\/p>\n<p>Snad i Andrejovi Babi\u0161ovi a stran\u011b ANO dojde, \u017ee kr\u00fdt m\u00e9dia, p\u0159izp\u016fsobovat se jejich aktivismu, sna\u017eit se s nimi vych\u00e1zet, je cesta do pekel. Je nutn\u00e9 jim p\u0159ist\u0159ih\u00e1vat k\u0159\u00eddla, v\u017edy, kdy\u017e je to mo\u017en\u00e9. Ve smyslu nep\u0159iv\u00edr\u00e1n\u00ed o\u010d\u00ed nad jejich propagandistick\u00fdm fungov\u00e1n\u00edm.<\/p>\n<p><span style=\"font-size: 12pt;\"><strong>P.S.:<\/strong><\/span>Po odstoupen\u00ed odbor\u00e1\u0159sk\u00e9ho \u0161\u00e9fa St\u0159eduly by nyn\u00ed m\u011bl zv\u00e1\u017eit odstoupen\u00ed i pan poslanec Ba\u0161ta. Je jasn\u00e9, jak jsou rozdan\u00e9 karty a je jasn\u00e9, kter\u00fd prezident by m\u011bl \u0161anci bojovat s libtard\u00ed mafi\u00ed.<\/p>\n<p><a href=\"https:\/\/www.evahrindova.cz\/neverila-jsem-ale-stalo-se-babis-je-osvobozen\">Eva Hrindov\u00e1<\/a><\/p>\n<\/div>\n<\/div>\n<\/div>\n<\/div>\n<p>&nbsp;<\/p>\n<p><img decoding=\"async\" loading=\"lazy\" class=\"wp-image-19187 aligncenter\" src=\"http:\/\/www.infokuryr.cz\/n\/wp-content\/uploads\/2022\/12\/1-PRO-300x36.jpg\" alt=\"\" width=\"1250\" height=\"150\" srcset=\"https:\/\/www.infokuryr.cz\/n\/wp-content\/uploads\/2022\/12\/1-PRO-300x36.jpg 300w, https:\/\/www.infokuryr.cz\/n\/wp-content\/uploads\/2022\/12\/1-PRO.jpg 699w\" sizes=\"(max-width: 1250px) 100vw, 1250px\" \/><\/p>\n<p>&nbsp;<\/p>\n","protected":false},"excerpt":{"rendered":"<p>Tento obr\u00e1zek je z ledna roku 2018. U\u017e tehdy jsem upozor\u0148ovala na z\u0159ejm\u00e9 zpolitizov\u00e1n\u00ed procesu&#8230;<\/p>\n","protected":false},"author":2,"featured_media":20963,"comment_status":"closed","ping_status":"closed","sticky":false,"template":"","format":"standard","meta":[],"categories":[6],"tags":[126,3322,29,520,324],"_links":{"self":[{"href":"https:\/\/www.infokuryr.cz\/n\/wp-json\/wp\/v2\/posts\/20962"}],"collection":[{"href":"https:\/\/www.infokuryr.cz\/n\/wp-json\/wp\/v2\/posts"}],"about":[{"href":"https:\/\/www.infokuryr.cz\/n\/wp-json\/wp\/v2\/types\/post"}],"author":[{"embeddable":true,"href":"https:\/\/www.infokuryr.cz\/n\/wp-json\/wp\/v2\/users\/2"}],"replies":[{"embeddable":true,"href":"https:\/\/www.infokuryr.cz\/n\/wp-json\/wp\/v2\/comments?post=20962"}],"version-history":[{"count":1,"href":"https:\/\/www.infokuryr.cz\/n\/wp-json\/wp\/v2\/posts\/20962\/revisions"}],"predecessor-version":[{"id":20964,"href":"https:\/\/www.infokuryr.cz\/n\/wp-json\/wp\/v2\/posts\/20962\/revisions\/20964"}],"wp:featuredmedia":[{"embeddable":true,"href":"https:\/\/www.infokuryr.cz\/n\/wp-json\/wp\/v2\/media\/20963"}],"wp:attachment":[{"href":"https:\/\/www.infokuryr.cz\/n\/wp-json\/wp\/v2\/media?parent=20962"}],"wp:term":[{"taxonomy":"category","embeddable":true,"href":"https:\/\/www.infokuryr.cz\/n\/wp-json\/wp\/v2\/categories?post=20962"},{"taxonomy":"post_tag","embeddable":true,"href":"https:\/\/www.infokuryr.cz\/n\/wp-json\/wp\/v2\/tags?post=20962"}],"curies":[{"name":"wp","href":"https:\/\/api.w.org\/{rel}","templated":true}]}}