{"id":20957,"date":"2023-01-10T01:05:51","date_gmt":"2023-01-10T00:05:51","guid":{"rendered":"http:\/\/www.infokuryr.cz\/n\/?p=20957"},"modified":"2023-01-09T14:14:03","modified_gmt":"2023-01-09T13:14:03","slug":"takhle-to-vypada-kdyz-vlada-a-msm-spolupracuji-na-vymyvani-mozku-lidem","status":"publish","type":"post","link":"https:\/\/www.infokuryr.cz\/n\/2023\/01\/10\/takhle-to-vypada-kdyz-vlada-a-msm-spolupracuji-na-vymyvani-mozku-lidem\/","title":{"rendered":"Takhle to vypad\u00e1, kdy\u017e vl\u00e1da a MSM spolupracuj\u00ed na vym\u00fdv\u00e1n\u00ed mozk\u016f lidem"},"content":{"rendered":"<div id=\"fb-root\"><\/div>\n<p><strong>Nov\u00fd \u0161\u00e9f Twitteru Elon Musk byl v mainstreamov\u00fdch m\u00e9di\u00edch kritizov\u00e1n u\u017e m\u011bs\u00edce.\u00a0Stejn\u00e1 m\u00e9dia ne\u0159\u00edkaj\u00ed ani slovo o takzvan\u00fdch souborech na Twitteru, kter\u00e9 ukazuj\u00ed, jak byli ob\u010dan\u00e9 systematicky obelh\u00e1v\u00e1ni a uv\u00e1d\u011bni v omyl \u2013 od Corony po rusk\u00e9 vm\u011b\u0161ov\u00e1n\u00ed.<\/strong><\/p>\n<p><span>Aby toho pro establishment nebylo m\u00e1lo, Twitter koncem listopadu lo\u0148sk\u00e9ho roku vydal vlastn\u00ed pravidla proti \u201edezinformac\u00edm\u201c o koronaviru.\u00a0Platforma \u201eod 23. listopadu ji\u017e nedodr\u017euje sv\u00e9 z\u00e1sady t\u00fdkaj\u00edc\u00ed se zav\u00e1d\u011bj\u00edc\u00edch informac\u00ed o Covid-19\u201c.<\/span><\/p>\n<p><span>O m\u011bs\u00edc d\u0159\u00edve Musk z\u00edskal Twitter za 44 miliard dolar\u016f.\u00a0Od t\u00e9 doby zru\u0161il mnoho opat\u0159en\u00ed p\u0159edchoz\u00edch majitel\u016f.\u00a0Z\u00edskal nap\u0159\u00edklad zp\u011bt mnoho pozastaven\u00fdch \u00fa\u010dt\u016f, v\u010detn\u011b \u00fa\u010dtu b\u00fdval\u00e9ho americk\u00e9ho prezidenta Donalda Trumpa.<\/span><\/p>\n<p><span>Pak se stalo n\u011bco pozoruhodn\u00e9ho.\u00a0Twitter byl odhl\u00e1\u0161en ze Sv\u011btov\u00e9ho ekonomick\u00e9ho f\u00f3ra a mainstreamov\u00e1 m\u00e9dia zah\u00e1jila kampa\u0148, aby varovala lidi p\u0159ed informacemi \u0161\u00ed\u0159en\u00fdmi prost\u0159ednictv\u00edm platformy.\u00a0Na v\u00edce kan\u00e1lech sd\u00edleli moder\u00e1tori zpr\u00e1v a \u010dten\u00e1\u0159i stejnou zpr\u00e1vu: \u201eBu\u010fte opatrn\u00ed p\u0159i vyhled\u00e1v\u00e1n\u00ed zdravotn\u00edch informac\u00ed na Twitteru.\u201c<\/span><\/p>\n<div class=\"twitter-tweet twitter-tweet-rendered\"><iframe id=\"twitter-widget-0\" class=\"\" title=\"Twitter tweet\" src=\"https:\/\/platform.twitter.com\/embed\/Tweet.html?creatorScreenName=uncutnewsCH&amp;dnt=false&amp;embedId=twitter-widget-0&amp;features=eyJ0ZndfdGltZWxpbmVfbGlzdCI6eyJidWNrZXQiOlsibGlua3RyLmVlIiwidHIuZWUiLCJ0ZXJyYS5jb20uYnIiLCJ3d3cubGlua3RyLmVlIiwid3d3LnRyLmVlIiwid3d3LnRlcnJhLmNvbS5iciJdLCJ2ZXJzaW9uIjpudWxsfSwidGZ3X2hvcml6b25fdGltZWxpbmVfMTIwMzQiOnsiYnVja2V0IjoidHJlYXRtZW50IiwidmVyc2lvbiI6bnVsbH0sInRmd190d2VldF9lZGl0X2JhY2tlbmQiOnsiYnVja2V0Ijoib24iLCJ2ZXJzaW9uIjpudWxsfSwidGZ3X3JlZnNyY19zZXNzaW9uIjp7ImJ1Y2tldCI6Im9uIiwidmVyc2lvbiI6bnVsbH0sInRmd19zaG93X2J1c2luZXNzX3ZlcmlmaWVkX2JhZGdlIjp7ImJ1Y2tldCI6Im9uIiwidmVyc2lvbiI6bnVsbH0sInRmd19jaGluX3BpbGxzXzE0NzQxIjp7ImJ1Y2tldCI6ImNvbG9yX2ljb25zIiwidmVyc2lvbiI6bnVsbH0sInRmd190d2VldF9yZXN1bHRfbWlncmF0aW9uXzEzOTc5Ijp7ImJ1Y2tldCI6InR3ZWV0X3Jlc3VsdCIsInZlcnNpb24iOm51bGx9LCJ0ZndfbWl4ZWRfbWVkaWFfMTU4OTciOnsiYnVja2V0IjoidHJlYXRtZW50IiwidmVyc2lvbiI6bnVsbH0sInRmd19zZW5zaXRpdmVfbWVkaWFfaW50ZXJzdGl0aWFsXzEzOTYzIjp7ImJ1Y2tldCI6ImludGVyc3RpdGlhbCIsInZlcnNpb24iOm51bGx9LCJ0ZndfZXhwZXJpbWVudHNfY29va2llX2V4cGlyYXRpb24iOnsiYnVja2V0IjoxMjA5NjAwLCJ2ZXJzaW9uIjpudWxsfSwidGZ3X2R1cGxpY2F0ZV9zY3JpYmVzX3RvX3NldHRpbmdzIjp7ImJ1Y2tldCI6Im9uIiwidmVyc2lvbiI6bnVsbH0sInRmd192aWRlb19obHNfZHluYW1pY19tYW5pZmVzdHNfMTUwODIiOnsiYnVja2V0IjoidHJ1ZV9iaXRyYXRlIiwidmVyc2lvbiI6bnVsbH0sInRmd19zaG93X2JsdWVfdmVyaWZpZWRfYmFkZ2UiOnsiYnVja2V0Ijoib24iLCJ2ZXJzaW9uIjpudWxsfSwidGZ3X2xlZ2FjeV90aW1lbGluZV9zdW5zZXQiOnsiYnVja2V0IjpmYWxzZSwidmVyc2lvbiI6bnVsbH0sInRmd19zaG93X2dvdl92ZXJpZmllZF9iYWRnZSI6eyJidWNrZXQiOiJvbiIsInZlcnNpb24iOm51bGx9LCJ0Zndfc2hvd19idXNpbmVzc19hZmZpbGlhdGVfYmFkZ2UiOnsiYnVja2V0Ijoib24iLCJ2ZXJzaW9uIjpudWxsfSwidGZ3X3R3ZWV0X2VkaXRfZnJvbnRlbmQiOnsiYnVja2V0Ijoib24iLCJ2ZXJzaW9uIjpudWxsfX0%3D&amp;frame=false&amp;hideCard=false&amp;hideThread=false&amp;id=1606930005631827971&amp;lang=de&amp;origin=https%3A%2F%2Funcutnews.ch%2Fso-sieht-es-aus-wenn-die-regierung-und-die-msm-zusammenarbeiten-um-die-menschen-einer-gehirnwaesche-zu-unterziehen%2F&amp;sessionId=10bde272018b88bf32d27e927ade244413aec674&amp;siteScreenName=Donuncutschweiz&amp;theme=light&amp;widgetsVersion=a3525f077c700%3A1667415560940&amp;width=550px\" frameborder=\"0\" scrolling=\"no\" allowfullscreen=\"allowfullscreen\" data-tweet-id=\"1606930005631827971\" data-mce-fragment=\"1\"><\/iframe><\/div>\n<p><span>\u201eTakto to vypad\u00e1, kdy\u017e vl\u00e1da a mainstreamov\u00e1 m\u00e9dia spolupracuj\u00ed na vym\u00fdv\u00e1n\u00ed mozk\u016f lidem,\u201c argumentuje autorka Kali Fontanilla, kter\u00e1 to nato\u010dila na video.\u00a0&#8222;\u0158\u00edk\u00e1 se tomu ovl\u00e1d\u00e1n\u00ed p\u0159\u00edb\u011bh\u016f.&#8220;<\/span><\/p>\n<p><span>Fontanilla v\u011b\u0159\u00ed, \u017ee nyn\u00ed, kdy Twitter ji\u017e nevym\u00e1h\u00e1 pravidla proti \u201edezinformac\u00edm\u201c, lze skute\u010dn\u011b zachr\u00e1nit v\u00edce \u017eivot\u016f.<\/span><\/p>\n<p><img decoding=\"async\" loading=\"lazy\" class=\"alignnone size-full wp-image-1185\" src=\"http:\/\/www.infokuryr.cz\/n\/wp-content\/uploads\/2021\/04\/kuryr-podpis.png\" alt=\"\" width=\"84\" height=\"24\" \/><\/p>\n<p>&nbsp;<\/p>\n<p><img decoding=\"async\" loading=\"lazy\" class=\"wp-image-19187 aligncenter\" src=\"http:\/\/www.infokuryr.cz\/n\/wp-content\/uploads\/2022\/12\/1-PRO-300x36.jpg\" alt=\"\" width=\"1283\" height=\"154\" srcset=\"https:\/\/www.infokuryr.cz\/n\/wp-content\/uploads\/2022\/12\/1-PRO-300x36.jpg 300w, https:\/\/www.infokuryr.cz\/n\/wp-content\/uploads\/2022\/12\/1-PRO.jpg 699w\" sizes=\"(max-width: 1283px) 100vw, 1283px\" \/><\/p>\n<p>&nbsp;<\/p>\n","protected":false},"excerpt":{"rendered":"<p>Nov\u00fd \u0161\u00e9f Twitteru Elon Musk byl v mainstreamov\u00fdch m\u00e9di\u00edch kritizov\u00e1n u\u017e m\u011bs\u00edce.\u00a0Stejn\u00e1 m\u00e9dia ne\u0159\u00edkaj\u00ed ani&#8230;<\/p>\n","protected":false},"author":2,"featured_media":20958,"comment_status":"closed","ping_status":"closed","sticky":false,"template":"","format":"standard","meta":[],"categories":[7],"tags":[28,4218,158,421,2452],"_links":{"self":[{"href":"https:\/\/www.infokuryr.cz\/n\/wp-json\/wp\/v2\/posts\/20957"}],"collection":[{"href":"https:\/\/www.infokuryr.cz\/n\/wp-json\/wp\/v2\/posts"}],"about":[{"href":"https:\/\/www.infokuryr.cz\/n\/wp-json\/wp\/v2\/types\/post"}],"author":[{"embeddable":true,"href":"https:\/\/www.infokuryr.cz\/n\/wp-json\/wp\/v2\/users\/2"}],"replies":[{"embeddable":true,"href":"https:\/\/www.infokuryr.cz\/n\/wp-json\/wp\/v2\/comments?post=20957"}],"version-history":[{"count":0,"href":"https:\/\/www.infokuryr.cz\/n\/wp-json\/wp\/v2\/posts\/20957\/revisions"}],"wp:featuredmedia":[{"embeddable":true,"href":"https:\/\/www.infokuryr.cz\/n\/wp-json\/wp\/v2\/media\/20958"}],"wp:attachment":[{"href":"https:\/\/www.infokuryr.cz\/n\/wp-json\/wp\/v2\/media?parent=20957"}],"wp:term":[{"taxonomy":"category","embeddable":true,"href":"https:\/\/www.infokuryr.cz\/n\/wp-json\/wp\/v2\/categories?post=20957"},{"taxonomy":"post_tag","embeddable":true,"href":"https:\/\/www.infokuryr.cz\/n\/wp-json\/wp\/v2\/tags?post=20957"}],"curies":[{"name":"wp","href":"https:\/\/api.w.org\/{rel}","templated":true}]}}