{"id":20947,"date":"2023-01-10T01:01:52","date_gmt":"2023-01-10T00:01:52","guid":{"rendered":"http:\/\/www.infokuryr.cz\/n\/?p=20947"},"modified":"2023-01-09T13:42:21","modified_gmt":"2023-01-09T12:42:21","slug":"predvolebni-debata-opet-ukazala-ze-ct-je-manipulativni-zumpa-nedodrzujici-zakony","status":"publish","type":"post","link":"https:\/\/www.infokuryr.cz\/n\/2023\/01\/10\/predvolebni-debata-opet-ukazala-ze-ct-je-manipulativni-zumpa-nedodrzujici-zakony\/","title":{"rendered":"P\u0159edvolebn\u00ed debata op\u011bt uk\u00e1zala, \u017ee \u010cT je manipulativn\u00ed \u017eumpa, nedodr\u017euj\u00edc\u00ed z\u00e1kony"},"content":{"rendered":"<div id=\"fb-root\"><\/div>\n<p>Od sam\u00e9ho za\u010d\u00e1tku p\u0159edvolebn\u00ed fra\u0161ky je jasn\u00e9, \u017ee v\u0161echna korpor\u00e1tn\u00ed m\u00e9dia maj\u00ed tot\u00e9\u017e zad\u00e1n\u00ed: zajistit, aby vyhr\u00e1l n\u011bkter\u00fd z p\u0159edem pe\u010dliv\u011b vybran\u00fdch \u201eAspe\u0148\u00e1k\u016f.\u201c<\/p>\n<p>Ji\u017e dlouh\u00e9 m\u011bs\u00edce jsou n\u00e1m p\u0159edstavov\u00e1ni \u00fadajn\u00ed favorit\u00e9 a lehce manipulovateln\u00fd lid, kter\u00fd miluje loutky, na to samoz\u0159ejm\u011b nasko\u010d\u00ed a v\u011bt\u0161inov\u011b podle toho vol\u00ed.<\/p>\n<p>Aby m\u011bli favorit\u00e9 co nejm\u00e9n\u011b soupe\u0159\u016f, tak bylo jako staf\u00e1\u017e ponech\u00e1no jen nepatrn\u00e9 k\u0159ov\u00ed a dal\u0161\u00ed kandid\u00e1ti byli pro jistotu velmi podivn\u00fdm zp\u016fsobem vy\u0159azeni.<\/p>\n<p>T\u0159i loutkov\u00ed kandid\u00e1ti n\u00e1m tak byli ji\u017e d\u00e1vno p\u0159edstaveni jako jasn\u00ed favorit\u00e9 a po celou dobu je n\u00e1m tvrzeno, \u017ee jen oni maj\u00ed \u0161anci. V\u0161echna m\u00e9dia n\u00e1m odd\u011blila tuto \u201esvatou trojici\u201c jako jedin\u00e9 p\u0159ijateln\u00e9 kandid\u00e1ty a zbytek prezentuj\u00ed jako k\u0159ov\u00ed.<\/p>\n<p>Pokud to d\u011blaj\u00ed soukrom\u00e1 m\u00e9dia, tak se nad t\u00edm m\u016f\u017eeme pozastavit, ale to je asi tak v\u0161echno. Pokud v\u0161ak stejn\u011b postupuje i m\u00e9dium ve\u0159ejn\u00e9, kter\u00e9 si mus\u00edme povinn\u011b platit, pak jde o poru\u0161en\u00ed z\u00e1kona.<\/p>\n<p>V\u010dera byla na \u010cT velmi trapn\u00e1 superdebata. T\u00e9 se \u00fa\u010dastnili v\u0161ichni kandid\u00e1ti, mimo Babi\u0161e, kter\u00fd se odm\u00edtl debaty z\u00fa\u010dastnit. To ov\u0161em nen\u00ed podstatn\u00e9, on s\u00e1m deklaroval, \u017ee po vzoru Zemana se nebude v\u011bt\u0161iny debat \u00fa\u010dastnit.<\/p>\n<p>Zde jde o n\u011bco jin\u00e9ho. Po jak\u00e9msi kr\u00e1tk\u00e9m \u00favodu, kdy v\u0161ichni odpov\u011bd\u011bli na n\u011bkolik ot\u00e1zek, do\u0161lo jen na \u201edv\u011b hv\u011bzdy,\u201c kter\u00e9 byly zpov\u00edd\u00e1ny samostatn\u011b. Nerudov\u00e1 a Pavel byli p\u0159edstaveni jako jedin\u00ed mo\u017en\u00ed postupuj\u00edc\u00ed a ostatn\u00ed jako ono k\u0159ov\u00ed. \u017d\u00e1dn\u00e9 rovn\u00e9 podm\u00ednky a u\u017e v\u016fbec ne stejn\u00fd \u010das na ot\u00e1zky a odpov\u011bdi.<\/p>\n<p>Korunu tomu nasadilo, kdy\u017e byli \u201eoutside\u0159i\u201c vyzv\u00e1ni, aby se ptali \u201e\u0161ampion\u016f.\u201c T\u00edm celou debatu \u010cT degradovala je\u0161t\u011b v\u00edc a ud\u011blala z n\u00ed je\u0161t\u011b trapn\u011bj\u0161\u00ed fra\u0161ku.<\/p>\n<p>Moder\u00e1tor nezapom\u00ednal opakovan\u011b d\u00e1vat najevo, \u017ee jde o \u0161ampi\u00f3ny a ostatn\u00ed nemaj\u00ed \u0161anci. Trapn\u00e9 prot\u011b\u017eov\u00e1n\u00ed t\u0159\u00ed dlouhodob\u011b preferovan\u00fdch loutek samoz\u0159ejm\u011b sp\u011bje ke \u201ek\u00fd\u017een\u00e9mu konci.\u201c Tedy vyhraje n\u011bkter\u00fd z Aspe\u0148\u00e1ck\u00fdch ma\u0148\u00e1sk\u016f. V\u011bt\u0161ina lid\u00ed se toti\u017e bude t\u011bmito doporu\u010den\u00edmi \u0159\u00eddit.<\/p>\n<p>Mnoha kovan\u00fdm \u201ekomunistobijc\u016fm\u201c n\u00e1hle nevad\u00ed kari\u00e9rn\u00ed kovan\u00fd komou\u0161 Pavel a stejn\u011b tak nen\u00ed pro voli\u010de p\u011btikolky probl\u00e9m nep\u0159\u00edli\u0161 bystr\u00e1 Nerudov\u00e1, jej\u00ed\u017e p\u016fsoben\u00ed na Mendelov\u011b univerzit\u011b st\u00e1le p\u0159in\u00e1\u0161\u00ed mnoh\u00e9 otazn\u00edky.<\/p>\n<p>D\u016fle\u017eit\u00e9 v\u0161ak je, \u017ee v\u0161ichni t\u0159i \u010deln\u00ed kandid\u00e1ti jsou probrusel\u0161t\u00ed, pro NATO, pro v\u00fdcvik ukrajinsk\u00fdch voj\u00e1k\u016f u n\u00e1s, pro zelen\u00fd \u00fad\u011bl (kter\u00fd dokonce Babi\u0161 s\u00e1m podepsal a v\u0161ichni jeho europoslanci pro n\u011bj hlasovali) a klimatickou politiku a oddan\u011b budou spolu s vl\u00e1dou plnit Agendu 2030.<\/p>\n<p>Loutky v podob\u011b b\u00fdval\u00e9ho kari\u00e9rn\u00edho komou\u0161e Pavla, kter\u00fd je\u0161t\u011b v dob\u011b zna\u010dn\u00e9ho uvoln\u011bn\u00ed v roce 1987 nad\u0161en\u011b j\u00e1sal nad p\u0159\u00edjezdem sov\u011btsk\u00fdch vojsk v roce 1968 a syst\u00e9mu oddan\u00e9 dvojnice \u010caputov\u00e9, jej\u00edm\u017e nejv\u011bt\u0161\u00edm vzorem je balk\u00e1nsk\u00e1 \u0159eznice, a kter\u00e1 pot\u0159ebuje na zodpov\u011bzen\u00ed trivi\u00e1ln\u00edch ot\u00e1zek tah\u00e1k, jsou nejen kandid\u00e1ty p\u011btikolky, ale ka\u017edou svoj\u00ed odpov\u011bd\u00ed ukazuj\u00ed, \u017ee budou velmi oddan\u00fdmi loutkami.<\/p>\n<p>Petr Pavel nav\u00edc uk\u00e1zal, \u017ee p\u0159i jeho flexibiln\u00ed povaze je ochoten se p\u0159izp\u016fsobit jak\u00e9mukoli re\u017eimu. Nepochybuji, \u017ee pokud by na\u0161i zemi ovl\u00e1dli zelen\u00ed Mar\u0165an\u00e9 s ant\u00e9nkami, Pavel by se jako prvn\u00ed obarvil na zeleno a nechal by si implantovat ant\u00e9nky.<\/p>\n<p>Tedy ano, tyto dv\u011b loutky bezesporu nebudou \u017e\u00e1dnou opozic\u00ed vl\u00e1d\u011b, ale sp\u00ed\u0161 naopak. Typi\u010dt\u00ed k\u00fdva\u010di bez vlastn\u00edch n\u00e1zor\u016f, hovo\u0159\u00edc\u00ed a jednaj\u00edc\u00ed podle p\u0159edem dan\u00fdch not. A samoz\u0159ejm\u011b nebudou ani opozic\u00ed loutkovodi\u010d\u016fm na\u0161\u00ed vl\u00e1dy z Berl\u00edna, Bruselu a Washingtonu. Pln\u011bn\u00ed Agendy 2030 tak bude pokra\u010dovat se souhlasem vl\u00e1dy a bez jak\u00e9hokoli odporu prezidenta.<\/p>\n<p>Babi\u0161 na tom nebude jinak, jak n\u00e1m ostatn\u011b uk\u00e1zal ji\u017e za dob sv\u00e9ho vl\u00e1dnut\u00ed. Babi\u0161em dlouhodob\u011b podporovan\u00e1 Jourov\u00e1 i europoslanci ANO jsou jasnou uk\u00e1zkou skute\u010dn\u00e9 Babi\u0161ovy politiky, p\u0159i\u010dem\u017e jeho \u00fa\u010dast na srazech WEF a po jistou dobu i \u010dlenstv\u00ed v Aspenu, odkud poch\u00e1zela i v\u011bt\u0161ina ministr\u016f z jeho partaje, jen podtrhuj\u00ed, \u017ee jde o dal\u0161\u00edho ma\u0148\u00e1ska, jen p\u0159ipraven\u00e9ho pro jinou sortu lid\u00ed.<\/p>\n<p>Ostatn\u011b, byla to tak\u00e9 jeho vl\u00e1da, kdo do na\u0161ich z\u00e1kon\u016f implementoval\u00a0<a href=\"https:\/\/necenzurovanapravda.cz\/2022\/08\/vite-o-tom-ze-v-roce-2018-byla-vladou-schvalena-implementace-agendy-2030-pro-udrzitelny-rozvoj-v-ceske-republice\/\">Agendu 2030<\/a>\u00a0nebo kdo podepsal tzv. Migra\u010dn\u00ed kompakt o uprchl\u00edc\u00edch. V pam\u011bti je i trapn\u00e1 kauza Vrb\u011btice \u010di ned\u00e1vn\u00e9 schv\u00e1len\u00ed v\u00fdcviku ukrajinsk\u00fdch voj\u00e1k\u016f na na\u0161em \u00fazem\u00ed. D\u011bn\u00ed z dob Covidismu pak jen potvrdilo, \u017ee se ne\u0161t\u00edt\u00ed poru\u0161ovat \u00dastavu a j\u00edt proti lidem, pokud p\u00e1n\u00ed\u010dci z Bruselu a Washingtonu zavel\u00ed.<\/p>\n<p>Tedy v\u0161echny t\u0159i loutky jsou prov\u011b\u0159en\u00e9, oddan\u00e9 a v p\u0159\u00edpad\u011b v\u00fdhry kohokoli z nich budou m\u00edt globalist\u00e9 jistotu, \u017ee se nepokus\u00ed zarazit schv\u00e1len\u00ed pandemick\u00e9 smlouvy WHO, zav\u00e1d\u011bn\u00ed digit\u00e1ln\u00ed m\u011bny, vyvlast\u0148ov\u00e1n\u00ed, pokra\u010dov\u00e1n\u00ed ni\u010div\u00e9 klimatick\u00e9 politiky a p\u0159\u00edpadn\u011b i zav\u00e1d\u011bn\u00ed zdravotn\u00ed diktatury.<\/p>\n<p>Volby prezidenta jsou tak jednou velkou fra\u0161kou s p\u0159edem zn\u00e1m\u00fdm koncem. A aby lid volil spr\u00e1vn\u011b, tak na to zde m\u00e1me m\u00e9dia, kter\u00e1 masy navedou t\u00edm spr\u00e1vn\u00fdm sm\u011brem.<\/p>\n<p>Na Hrad\u011b proto bude dal\u0161\u00edch p\u011bt let sed\u011bt\u00a0<a href=\"https:\/\/necenzurovanapravda.cz\/2022\/09\/bez-milionu-loutek-po-celem-svete-by-globaliste-nemohli-byt-uspesni\/\">oddan\u00e1 loutka<\/a>. A je celkem jedno kter\u00e1, proto\u017ee jejich hlavn\u00ed loutkovodi\u010d je toto\u017en\u00fd\u2026<\/p>\n<p><a href=\"https:\/\/necenzurovanapravda.cz\/2023\/01\/predvolebni-debata-opet-ukazala-ze-ct-je-manipulativni-zumpa-nedodrzujici-zakony\/\">Slovanka<\/a><\/p>\n<p>&nbsp;<\/p>\n<p><img decoding=\"async\" loading=\"lazy\" class=\"wp-image-19187 aligncenter\" src=\"http:\/\/www.infokuryr.cz\/n\/wp-content\/uploads\/2022\/12\/1-PRO-300x36.jpg\" alt=\"\" width=\"1283\" height=\"154\" srcset=\"https:\/\/www.infokuryr.cz\/n\/wp-content\/uploads\/2022\/12\/1-PRO-300x36.jpg 300w, https:\/\/www.infokuryr.cz\/n\/wp-content\/uploads\/2022\/12\/1-PRO.jpg 699w\" sizes=\"(max-width: 1283px) 100vw, 1283px\" \/><\/p>\n<p>&nbsp;<\/p>\n","protected":false},"excerpt":{"rendered":"<p>Od sam\u00e9ho za\u010d\u00e1tku p\u0159edvolebn\u00ed fra\u0161ky je jasn\u00e9, \u017ee v\u0161echna korpor\u00e1tn\u00ed m\u00e9dia maj\u00ed tot\u00e9\u017e zad\u00e1n\u00ed: zajistit,&#8230;<\/p>\n","protected":false},"author":2,"featured_media":20948,"comment_status":"closed","ping_status":"closed","sticky":false,"template":"","format":"standard","meta":[],"categories":[6],"tags":[47,28,607,27],"_links":{"self":[{"href":"https:\/\/www.infokuryr.cz\/n\/wp-json\/wp\/v2\/posts\/20947"}],"collection":[{"href":"https:\/\/www.infokuryr.cz\/n\/wp-json\/wp\/v2\/posts"}],"about":[{"href":"https:\/\/www.infokuryr.cz\/n\/wp-json\/wp\/v2\/types\/post"}],"author":[{"embeddable":true,"href":"https:\/\/www.infokuryr.cz\/n\/wp-json\/wp\/v2\/users\/2"}],"replies":[{"embeddable":true,"href":"https:\/\/www.infokuryr.cz\/n\/wp-json\/wp\/v2\/comments?post=20947"}],"version-history":[{"count":1,"href":"https:\/\/www.infokuryr.cz\/n\/wp-json\/wp\/v2\/posts\/20947\/revisions"}],"predecessor-version":[{"id":20949,"href":"https:\/\/www.infokuryr.cz\/n\/wp-json\/wp\/v2\/posts\/20947\/revisions\/20949"}],"wp:featuredmedia":[{"embeddable":true,"href":"https:\/\/www.infokuryr.cz\/n\/wp-json\/wp\/v2\/media\/20948"}],"wp:attachment":[{"href":"https:\/\/www.infokuryr.cz\/n\/wp-json\/wp\/v2\/media?parent=20947"}],"wp:term":[{"taxonomy":"category","embeddable":true,"href":"https:\/\/www.infokuryr.cz\/n\/wp-json\/wp\/v2\/categories?post=20947"},{"taxonomy":"post_tag","embeddable":true,"href":"https:\/\/www.infokuryr.cz\/n\/wp-json\/wp\/v2\/tags?post=20947"}],"curies":[{"name":"wp","href":"https:\/\/api.w.org\/{rel}","templated":true}]}}