{"id":20945,"date":"2023-01-10T01:00:41","date_gmt":"2023-01-10T00:00:41","guid":{"rendered":"http:\/\/www.infokuryr.cz\/n\/?p=20945"},"modified":"2023-01-09T11:34:06","modified_gmt":"2023-01-09T10:34:06","slug":"petr-hannig-reparat","status":"publish","type":"post","link":"https:\/\/www.infokuryr.cz\/n\/2023\/01\/10\/petr-hannig-reparat\/","title":{"rendered":"Petr Hannig: Repar\u00e1t"},"content":{"rendered":"<div id=\"fb-root\"><\/div>\n<p><strong>Ve st\u0159edu prob\u011bhla na CNN Prima News velezaj\u00edmav\u00e1 debata \u0161esti kandid\u00e1t\u016f na prezidenta \u010cR. P\u0159inesla dv\u011b p\u0159ekvapen\u00ed. Ze v\u0161eobecn\u00e9ho otlouk\u00e1nka t\u00e9m\u011b\u0159 na chvostu pelotonu se stal d\u00edky sv\u00e9mu neohro\u017een\u00e9mu postoji, kter\u00fd se u\u017e jednou osv\u011bd\u010dil za doby n\u00e1stupu normalizace a p\u0159ivedl jej na dva a p\u016fl roku v roce 1970 do v\u011bzen\u00ed a p\u0159im\u011bl podepsat Chartu 77 v prvn\u00ed vln\u011b, jeden z nejv\u00e1\u017en\u011bj\u0161\u00edch kandid\u00e1t\u016f na hlavu st\u00e1tu. Nejstar\u0161\u00ed kandid\u00e1t, 74let\u00fd Jaroslav Ba\u0161ta, p\u0159ekypoval energi\u00ed, kterou by mu mohl leckdo z mlad\u0161\u00edch z\u00e1vid\u011bt. Jeho \u00fasil\u00ed bylo korunov\u00e1no p\u0159esv\u011bd\u010div\u00fdm v\u00edt\u011bzstv\u00edm v anket\u011b.<\/strong><\/p>\n<p>Druh\u00fdm p\u0159ekvapen\u00edm bylo, \u017ee na t\u0159et\u00ed p\u0159\u00ed\u010dce se ocitl politick\u00fd nov\u00e1\u010dek, podnikatel v IT Karel Divi\u0161. Nemohu pochopit, pro\u010d p\u011btikoali\u010dn\u00ed vl\u00e1da Petra Fialy nep\u0159ehodnot\u00ed sv\u00e1 doporu\u010den\u00ed a m\u00edsto dvou kandid\u00e1t\u016f, za kter\u00fdmi se t\u00e1hne od\u00e9r, jednak nepravost\u00ed a prodeje titul\u016f na Mendelov\u011b univerzit\u011b za rektorstv\u00ed Danu\u0161e Nerudov\u00e9, \u010di komunistick\u00e9 a rozv\u011bd\u010dick\u00e9 minulosti gener\u00e1la Pavla, nedoporu\u010d\u00ed sv\u00fdm voli\u010d\u016fm, aby volili mlad\u00e9ho, perspektivn\u00edho a hlavn\u011b kauzami nezat\u00ed\u017een\u00e9ho Karla Divi\u0161e. Zvl\u00e1\u0161t\u011b nech\u00e1pu postoj Pir\u00e1t\u016f, kter\u00fdm by tento kandid\u00e1t m\u011bl b\u00fdt obzvl\u00e1\u0161t\u011b bl\u00edzk\u00fd.<\/p>\n<p>A\u017e se m\u011b zd\u00e1, \u017ee p\u011btikoalice pot\u0159ebuje vyd\u00edrateln\u00e9ho\/vyd\u00edratelnou prezidenta\/prezidentku, se kter\u00fdm\/kterou si bude manipulovat, jak chce.<\/p>\n<p>Na druh\u00e9 p\u0159\u00ed\u010dce se pro mne nep\u0159ekvapiv\u011b octnul Pavel Fischer, kter\u00fd na rozd\u00edl od obou dvou mnou jmenovan\u00fdch kandid\u00e1t\u016f nezaujal ni\u010d\u00edm zaj\u00edmav\u00fdm. Ov\u0161em patrn\u00fd byl postoj disciplinovan\u00fdch katolick\u00fdch voli\u010d\u016f KDU-\u010cSL, jejich\u017e je Fischer, i p\u0159es jeho kontroverzn\u00ed podvolen\u00ed se v\u00a0ot\u00e1zce prezidentsk\u00e9ho podpisu pod man\u017eelstv\u00ed pro v\u0161echny, jasn\u00fdm kandid\u00e1tem.<\/p>\n<p>Velice pozitivn\u011b p\u016fsobil t\u00e9\u017e p\u0159edseda odbor\u016f Josef St\u0159edula, ov\u0161em ocitl se ve st\u00ednu revolu\u010dn\u00edch n\u00e1zor\u016f Jaroslava Ba\u0161ty. Le\u010d p\u0159esto si mysl\u00edm, \u017ee Josefa St\u0159edulu budou volit ti, kte\u0159\u00ed budou zklam\u00e1ni z bratrovra\u017eedn\u00e9ho boje dvou vl\u00e1dou doporu\u010dovan\u00fdch kandid\u00e1t\u016f Pavla a Nerudov\u00e9 a z prapodivn\u00e9ho chov\u00e1n\u00ed Andreje Babi\u0161e v z\u00e1v\u011bru kampan\u011b, kdy je neviditeln\u00fd, co se velk\u00fdch debat t\u00fdk\u00e1. Mysl\u00edm si, \u017ee te\u010f, kdy nastoupil tak p\u0159esv\u011bd\u010div\u011b Jaroslav Ba\u0161ta, m\u011bl jeho t\u00fdm p\u0159ehodnotit situaci a p\u0159im\u011bt A. Babi\u0161e alespo\u0148 nastoupit do velk\u00e9 debaty v ned\u011bli na \u010cT1. P\u00ed\u0161u tento \u010dl\u00e1nek v p\u00e1tek, tak se p\u0159edem omlouv\u00e1m, jestli nenastane v ned\u011bli zm\u011bna, a A. Babi\u0161 p\u0159ece jenom do velk\u00e9 debaty nastoup\u00ed.<\/p>\n<p>Velk\u00fdm zklam\u00e1n\u00edm bylo vystoupen\u00ed neust\u00e1le se p\u0159e\u0159\u00edk\u00e1vaj\u00edc\u00edho Marka Hil\u0161era, kter\u00fd byl jenom slab\u00fdm odvarem toho Hil\u0161era z\u00a0minul\u00e9 volby. Dok\u00e1zal bych si p\u0159edstavit, \u017ee se ve volb\u00e1ch octne na p\u0159edposledn\u00edm m\u00edst\u011b p\u0159ed Tom\u00e1\u0161em Zimou, u kter\u00e9ho se v\u00a0podstat\u011b nemohu dop\u00e1trat, co jsou vlastn\u011b jeho politick\u00e9 preference. Ten obstaro\u017en\u00ed slogan odkazuj\u00edc\u00ed na jeho profesi l\u00e9ka\u0159e, \u00bbuzdrav\u00edm spole\u010dnost\u00ab, pat\u0159\u00ed do v\u00fdbavy sen\u00e1tn\u00edch voleb p\u0159ed dvaceti lety. Zaj\u00edmav\u00e9 je, \u017ee na chvostu z\u0159ejm\u011b p\u0159istanou jedin\u00ed dva l\u00e9ka\u0159i z\u00a0pelotonu.<\/p>\n<p>Ve \u010dtvrtek jsem se z\u00fa\u010dastnil akce s\u00a0Ba\u0161tou na pivo v\u00a0Praze 1 ve velk\u00e9 restauraci Vojan\u016fv dv\u016fr. Bylo plno k\u00a0prasknut\u00ed a za\u017e\u00edval jsem tam atmosf\u00e9ru Listopadu 1989. P\u0159edstavitel\u00e9, \u010dlenov\u00e9 a p\u0159\u00edznivci mnoha opozi\u010dn\u00edch stran, ale i lid\u00e9, kte\u0159\u00ed se o politiku, krom\u011b prezidentsk\u00e9 volby, nezaj\u00edmaj\u00ed. Ba\u0161ta se tam uk\u00e1zal jako zcela kompetentn\u00ed. P\u0159edstavil sv\u016fj t\u00fdm, kter\u00fd by si vzal na Hrad. Zazd\u00e1lo se mi, jako by v\u0161ichni cht\u011bli, aby se kone\u010dn\u011b za\u010daly napl\u0148ovat ideje Listopadu 1989. Bez t\u011bch odbo\u010dek, kter\u00e9 n\u00e1s p\u0159ivedly a\u017e do leto\u0161n\u00edho tristn\u00edho stavu. Sv\u00e9 protestn\u00ed p\u00edsn\u011b zazp\u00edval Karel Kryl sou\u010dasn\u00e9 doby, Roman Hork\u00fd ze skupiny Kamelot, a prozradil o Jaroslavu Ba\u0161tovi, \u017ee byl v\u00e1\u0161niv\u00fdm trampem s\u00a0p\u0159ezd\u00edvkou S\u016fva. S\u016fva zna\u010d\u00ed moudrost. Tak\u017ee Jaroslave S\u016fvo Ba\u0161to, dr\u017e\u00edm palce. Za\u0159i\u010fte jako posledn\u00ed z\u00a0prav\u00fdch disident\u016f repar\u00e1t Listopadu a vydejme se kone\u010dn\u011b na cestu, na kterou se tehdy mnoz\u00ed cht\u011bli vydat.<\/p>\n<p><strong>Petr Hannig, p\u0159edseda politick\u00e9 strany Rozumn\u00ed a b\u00fdval\u00fd prezidentsk\u00fd kandid\u00e1t<\/strong><\/p>\n<p>&nbsp;<\/p>\n<p><img decoding=\"async\" loading=\"lazy\" class=\"wp-image-19187 aligncenter\" src=\"http:\/\/www.infokuryr.cz\/n\/wp-content\/uploads\/2022\/12\/1-PRO-300x36.jpg\" alt=\"\" width=\"1242\" height=\"149\" srcset=\"https:\/\/www.infokuryr.cz\/n\/wp-content\/uploads\/2022\/12\/1-PRO-300x36.jpg 300w, https:\/\/www.infokuryr.cz\/n\/wp-content\/uploads\/2022\/12\/1-PRO.jpg 699w\" sizes=\"(max-width: 1242px) 100vw, 1242px\" \/><\/p>\n<p>&nbsp;<\/p>\n","protected":false},"excerpt":{"rendered":"<p>Ve st\u0159edu prob\u011bhla na CNN Prima News velezaj\u00edmav\u00e1 debata \u0161esti kandid\u00e1t\u016f na prezidenta \u010cR. P\u0159inesla&#8230;<\/p>\n","protected":false},"author":2,"featured_media":12094,"comment_status":"closed","ping_status":"closed","sticky":false,"template":"","format":"standard","meta":[],"categories":[6],"tags":[29,165,27],"_links":{"self":[{"href":"https:\/\/www.infokuryr.cz\/n\/wp-json\/wp\/v2\/posts\/20945"}],"collection":[{"href":"https:\/\/www.infokuryr.cz\/n\/wp-json\/wp\/v2\/posts"}],"about":[{"href":"https:\/\/www.infokuryr.cz\/n\/wp-json\/wp\/v2\/types\/post"}],"author":[{"embeddable":true,"href":"https:\/\/www.infokuryr.cz\/n\/wp-json\/wp\/v2\/users\/2"}],"replies":[{"embeddable":true,"href":"https:\/\/www.infokuryr.cz\/n\/wp-json\/wp\/v2\/comments?post=20945"}],"version-history":[{"count":1,"href":"https:\/\/www.infokuryr.cz\/n\/wp-json\/wp\/v2\/posts\/20945\/revisions"}],"predecessor-version":[{"id":20946,"href":"https:\/\/www.infokuryr.cz\/n\/wp-json\/wp\/v2\/posts\/20945\/revisions\/20946"}],"wp:featuredmedia":[{"embeddable":true,"href":"https:\/\/www.infokuryr.cz\/n\/wp-json\/wp\/v2\/media\/12094"}],"wp:attachment":[{"href":"https:\/\/www.infokuryr.cz\/n\/wp-json\/wp\/v2\/media?parent=20945"}],"wp:term":[{"taxonomy":"category","embeddable":true,"href":"https:\/\/www.infokuryr.cz\/n\/wp-json\/wp\/v2\/categories?post=20945"},{"taxonomy":"post_tag","embeddable":true,"href":"https:\/\/www.infokuryr.cz\/n\/wp-json\/wp\/v2\/tags?post=20945"}],"curies":[{"name":"wp","href":"https:\/\/api.w.org\/{rel}","templated":true}]}}