{"id":20922,"date":"2023-01-09T01:10:29","date_gmt":"2023-01-09T00:10:29","guid":{"rendered":"http:\/\/www.infokuryr.cz\/n\/?p=20922"},"modified":"2023-01-08T17:37:49","modified_gmt":"2023-01-08T16:37:49","slug":"patriarcha-kirill-predpovedel-brzky-konec-cirkevnich-a-svetskych-autorit-na-ukrajine","status":"publish","type":"post","link":"https:\/\/www.infokuryr.cz\/n\/2023\/01\/09\/patriarcha-kirill-predpovedel-brzky-konec-cirkevnich-a-svetskych-autorit-na-ukrajine\/","title":{"rendered":"Patriarcha Kirill p\u0159edpov\u011bd\u011bl brzk\u00fd konec c\u00edrkevn\u00edch a sv\u011btsk\u00fdch autorit na Ukrajin\u011b"},"content":{"rendered":"<div id=\"fb-root\"><\/div>\n<p class=\"lead\">Patriarcha Kirill \u0159ekl, \u017ee \u201enebude p\u0159\u00edli\u0161 dlouho trvat\u201c, ne\u017e se c\u00edrkevn\u00ed rozkol na Ukrajin\u011b zastav\u00ed a jejich inici\u00e1to\u0159i budou potrest\u00e1ni.<\/p>\n<p><em><strong>\u201eBohu se nelze vysm\u00edvat a v\u0161ichni u\u010ditel\u00e9 schizmatu a tv\u016frci schizmat a v\u0161ichni ti mumrajov\u00e9 \u201abiskup\u016f\u2018, na kter\u00e9 se styd\u00ed pohled\u011bt, budou potrest\u00e1ni \u2013 dokonce i jejich vzhled neodpov\u00edd\u00e1 jejich hodnosti, \u201c\u00a0<span class=\"after-quote-inline\"> \u0159ekl patriarcha po liturgii v katedr\u00e1le moskevsk\u00e9ho Kremlu.<\/span><\/strong><\/em><\/p>\n<p>P\u0159edpov\u00edd\u00e1, \u017ee se zm\u011bn\u00ed i sekul\u00e1rn\u00ed ukrajinsk\u00e1 vl\u00e1da v zemi.<\/p>\n<p><em><strong>\u201eMysl\u00edte si, \u017ee jen my odsud m\u00e1me tuto vizi a pochopen\u00ed reality, kter\u00e1 se dnes rozvinula na ukrajinsk\u00e9 p\u016fd\u011b?\u00a0Ukrajinsk\u00fd lid s\u00e1m v\u0161echno vid\u00ed a rozum\u00ed,\u201c<span class=\"after-quote\"> &#8211; poznamenal.<\/span><\/strong><\/em><\/p>\n<p>Rusk\u00e1 c\u00edrkev dnes spolu s ukrajinsk\u00fdm lidem ji\u017e nese \u00fad\u011bl mu\u010dednictv\u00ed a vyznava\u010d\u016f, \u0159ekl patriarcha.<\/p>\n<p><em><strong>\u201eModl\u00edme se za ukrajinsk\u00fd episkop\u00e1t, v\u011brn\u00fd kanonick\u00e9 pravd\u011b, modl\u00edme se za ty, kte\u0159\u00ed jsou dnes vyh\u00e1n\u011bni z c\u00edrkv\u00ed, modl\u00edme se za v\u011b\u0159\u00edc\u00ed lid, aby si zachovali pravoslavnou v\u00edru, a v\u00edme jist\u011b, \u017ee stejn\u011b jako renovace zmizeli, schizmatici zmiz\u00ed, proto\u017ee politick\u00e9 t\u011b\u017ek\u00e9 \u010dasy byly zbity sov\u011btsk\u00fdmi v\u016fdci, kte\u0159\u00ed zvedli ruku proti c\u00edrkvi, tak\u017ee sou\u010dasn\u00e9 \u00fa\u0159ady nebudou vl\u00e1dnout Ukrajin\u011b,<span class=\"after-quote\">\u00a0\u0159ekl.<\/span><\/strong><\/em><\/p>\n<p>Patriarcha Kirill si na to komentoval \u201emaj\u00ed velmi m\u00e1lo \u010dasu\u201c. V\u0161echno se brzy zm\u011bn\u00ed, uzav\u0159el.<\/p>\n<p><img decoding=\"async\" loading=\"lazy\" class=\"alignnone size-full wp-image-1185\" src=\"http:\/\/www.infokuryr.cz\/n\/wp-content\/uploads\/2021\/04\/kuryr-podpis.png\" alt=\"\" width=\"84\" height=\"24\" \/><\/p>\n<p>&nbsp;<\/p>\n<p><img decoding=\"async\" loading=\"lazy\" class=\"wp-image-19187 aligncenter\" src=\"http:\/\/www.infokuryr.cz\/n\/wp-content\/uploads\/2022\/12\/1-PRO-300x36.jpg\" alt=\"\" width=\"1242\" height=\"149\" srcset=\"https:\/\/www.infokuryr.cz\/n\/wp-content\/uploads\/2022\/12\/1-PRO-300x36.jpg 300w, https:\/\/www.infokuryr.cz\/n\/wp-content\/uploads\/2022\/12\/1-PRO.jpg 699w\" sizes=\"(max-width: 1242px) 100vw, 1242px\" \/><\/p>\n<p>&nbsp;<\/p>\n","protected":false},"excerpt":{"rendered":"<p>Patriarcha Kirill \u0159ekl, \u017ee \u201enebude p\u0159\u00edli\u0161 dlouho trvat\u201c, ne\u017e se c\u00edrkevn\u00ed rozkol na Ukrajin\u011b zastav\u00ed&#8230;<\/p>\n","protected":false},"author":2,"featured_media":20923,"comment_status":"closed","ping_status":"closed","sticky":false,"template":"","format":"standard","meta":[],"categories":[7],"tags":[2254,1118,26],"_links":{"self":[{"href":"https:\/\/www.infokuryr.cz\/n\/wp-json\/wp\/v2\/posts\/20922"}],"collection":[{"href":"https:\/\/www.infokuryr.cz\/n\/wp-json\/wp\/v2\/posts"}],"about":[{"href":"https:\/\/www.infokuryr.cz\/n\/wp-json\/wp\/v2\/types\/post"}],"author":[{"embeddable":true,"href":"https:\/\/www.infokuryr.cz\/n\/wp-json\/wp\/v2\/users\/2"}],"replies":[{"embeddable":true,"href":"https:\/\/www.infokuryr.cz\/n\/wp-json\/wp\/v2\/comments?post=20922"}],"version-history":[{"count":1,"href":"https:\/\/www.infokuryr.cz\/n\/wp-json\/wp\/v2\/posts\/20922\/revisions"}],"predecessor-version":[{"id":20924,"href":"https:\/\/www.infokuryr.cz\/n\/wp-json\/wp\/v2\/posts\/20922\/revisions\/20924"}],"wp:featuredmedia":[{"embeddable":true,"href":"https:\/\/www.infokuryr.cz\/n\/wp-json\/wp\/v2\/media\/20923"}],"wp:attachment":[{"href":"https:\/\/www.infokuryr.cz\/n\/wp-json\/wp\/v2\/media?parent=20922"}],"wp:term":[{"taxonomy":"category","embeddable":true,"href":"https:\/\/www.infokuryr.cz\/n\/wp-json\/wp\/v2\/categories?post=20922"},{"taxonomy":"post_tag","embeddable":true,"href":"https:\/\/www.infokuryr.cz\/n\/wp-json\/wp\/v2\/tags?post=20922"}],"curies":[{"name":"wp","href":"https:\/\/api.w.org\/{rel}","templated":true}]}}