{"id":20893,"date":"2023-01-08T07:19:27","date_gmt":"2023-01-08T06:19:27","guid":{"rendered":"http:\/\/www.infokuryr.cz\/n\/?p=20893"},"modified":"2023-01-08T07:19:27","modified_gmt":"2023-01-08T06:19:27","slug":"jindrich-rajchl-uz-nejsme-jen-best-in-covid-uz-jsme-i-best-in-gas","status":"publish","type":"post","link":"https:\/\/www.infokuryr.cz\/n\/2023\/01\/08\/jindrich-rajchl-uz-nejsme-jen-best-in-covid-uz-jsme-i-best-in-gas\/","title":{"rendered":"Jind\u0159ich Rajchl: U\u017e nejsme jen best in covid. U\u017e jsme i best in gas"},"content":{"rendered":"<div id=\"fb-root\"><\/div>\n<p><span style=\"font-size: 18pt;\"><strong>U\u017e nejsme jen best in covid. U\u017e jsme i best in gas. <img decoding=\"async\" loading=\"lazy\" src=\"https:\/\/static.xx.fbcdn.net\/images\/emoji.php\/v9\/t8a\/3\/16\/1f642.png\" alt=\"\ud83d\ude42\" width=\"16\" height=\"16\" \/><\/strong><\/span><\/p>\n<p>Aneb kdy\u017e jeden obr\u00e1zek vyd\u00e1 za tis\u00edc slov.<\/p>\n<p><strong>D\u00e1m v\u00e1m takov\u00fd mal\u00fd kv\u00edz:<\/strong><\/p>\n<p>a)\u00a0tato vl\u00e1da je \u017ealostn\u011b nekompetentn\u00ed p\u0159i zaji\u0161\u0165ov\u00e1n\u00ed z\u00e1kladn\u00ed \u017eivotn\u00edch pot\u0159eb na\u0161ich ob\u010dan\u016f<\/p>\n<p>b) tato vl\u00e1da pln\u00ed na jedni\u010dku \u00fakol sv\u00fdch chlebod\u00e1rc\u016f, j\u00edm\u017e je naprost\u00e1 devastace \u010desk\u00e9ho podnikatelsk\u00e9ho sektoru, jako\u017e i rodinn\u00fdch rozpo\u010dt\u016f ni\u017e\u0161\u00ed a st\u0159edn\u00ed t\u0159\u00eddy.<\/p>\n<p><span style=\"font-size: 18pt;\"><strong>P.S<\/strong><\/span><strong>.:<\/strong> O tom, zda m\u00e1 tato vl\u00e1da okam\u017eit\u011b odstoupit, samoz\u0159ejm\u011b hlasovat ned\u00e1v\u00e1m. To je zcela nepochybn\u00e9, a\u0165 u\u017e plat\u00ed jak\u00e1koliv z v\u00fd\u0161e uveden\u00fdch mo\u017enost\u00ed.<\/p>\n<p>B\u00fdt v Japonsku, tak by m\u011bli v\u0161ichni minist\u0159i s Fialou v \u010dele sp\u00e1chat seppuku. Tady by mi pln\u011b posta\u010dilo, aby bezodkladn\u011b podali demisi.<\/p>\n<p>Selhali jste \u2013 odejd\u011bte!<\/p>\n<figure class=\"wp-block-image size-large\"><img decoding=\"async\" loading=\"lazy\" class=\"aligncenter\" src=\"https:\/\/scontent.fprg1-1.fna.fbcdn.net\/v\/t39.30808-6\/324410951_1116911465639647_7667751771077666189_n.jpg?_nc_cat=100&amp;ccb=1-7&amp;_nc_sid=730e14&amp;_nc_ohc=bucz-Oi6058AX8NrPl3&amp;_nc_ht=scontent.fprg1-1.fna&amp;oh=00_AfBNF60cRnx4ydTsaMNOG3pFFwN-8lYmOLTnGQUAkU7J6g&amp;oe=63BF582F\" alt=\"Selhali jste - odejd\u011bte!\" width=\"874\" height=\"579\" \/><\/figure>\n<p class=\"dpsp-share-text \">\n<p><img decoding=\"async\" loading=\"lazy\" class=\"wp-image-19187 aligncenter\" src=\"http:\/\/www.infokuryr.cz\/n\/wp-content\/uploads\/2022\/12\/1-PRO-300x36.jpg\" alt=\"\" width=\"1267\" height=\"152\" srcset=\"https:\/\/www.infokuryr.cz\/n\/wp-content\/uploads\/2022\/12\/1-PRO-300x36.jpg 300w, https:\/\/www.infokuryr.cz\/n\/wp-content\/uploads\/2022\/12\/1-PRO.jpg 699w\" sizes=\"(max-width: 1267px) 100vw, 1267px\" \/><\/p>\n<p>&nbsp;<\/p>\n","protected":false},"excerpt":{"rendered":"<p>U\u017e nejsme jen best in covid. U\u017e jsme i best in gas. Aneb kdy\u017e jeden&#8230;<\/p>\n","protected":false},"author":2,"featured_media":14709,"comment_status":"closed","ping_status":"closed","sticky":false,"template":"","format":"standard","meta":[],"categories":[6],"tags":[1042,2992,2663],"_links":{"self":[{"href":"https:\/\/www.infokuryr.cz\/n\/wp-json\/wp\/v2\/posts\/20893"}],"collection":[{"href":"https:\/\/www.infokuryr.cz\/n\/wp-json\/wp\/v2\/posts"}],"about":[{"href":"https:\/\/www.infokuryr.cz\/n\/wp-json\/wp\/v2\/types\/post"}],"author":[{"embeddable":true,"href":"https:\/\/www.infokuryr.cz\/n\/wp-json\/wp\/v2\/users\/2"}],"replies":[{"embeddable":true,"href":"https:\/\/www.infokuryr.cz\/n\/wp-json\/wp\/v2\/comments?post=20893"}],"version-history":[{"count":0,"href":"https:\/\/www.infokuryr.cz\/n\/wp-json\/wp\/v2\/posts\/20893\/revisions"}],"wp:featuredmedia":[{"embeddable":true,"href":"https:\/\/www.infokuryr.cz\/n\/wp-json\/wp\/v2\/media\/14709"}],"wp:attachment":[{"href":"https:\/\/www.infokuryr.cz\/n\/wp-json\/wp\/v2\/media?parent=20893"}],"wp:term":[{"taxonomy":"category","embeddable":true,"href":"https:\/\/www.infokuryr.cz\/n\/wp-json\/wp\/v2\/categories?post=20893"},{"taxonomy":"post_tag","embeddable":true,"href":"https:\/\/www.infokuryr.cz\/n\/wp-json\/wp\/v2\/tags?post=20893"}],"curies":[{"name":"wp","href":"https:\/\/api.w.org\/{rel}","templated":true}]}}