{"id":20892,"date":"2023-01-08T07:16:11","date_gmt":"2023-01-08T06:16:11","guid":{"rendered":"http:\/\/www.infokuryr.cz\/n\/?p=20892"},"modified":"2023-01-08T07:16:11","modified_gmt":"2023-01-08T06:16:11","slug":"nejvetsi-poprevratovy-politicky-proces-pred-finale-jan-urvalek-sott-si-hraje-na-soud","status":"publish","type":"post","link":"https:\/\/www.infokuryr.cz\/n\/2023\/01\/08\/nejvetsi-poprevratovy-politicky-proces-pred-finale-jan-urvalek-sott-si-hraje-na-soud\/","title":{"rendered":"Nejv\u011bt\u0161\u00ed pop\u0159evratov\u00fd politick\u00fd proces p\u0159ed fin\u00e1le: Jan &#8222;Urv\u00e1lek&#8220; \u0160ott si hraje na soud"},"content":{"rendered":"<div id=\"fb-root\"><\/div>\n<div id=\"ArticleTop\">\n<h2>Rozhodnuto je d\u00e1vno dop\u0159edu. Hn\u00edzdo pro v\u0161echny volby. Na Babi\u0161e nic nemaj\u00ed. A\u0165 v t\u00e9 fra\u0161ce padne jak\u00fdkoli v\u00fdrok, Kav\u00e1rna se st\u0159el\u00ed do vlastn\u00ed nohy<\/h2>\n<p class=\"clkPerex\"><strong><a class=\"clkAutor\" href=\"https:\/\/protiproud.info\/autor\/zdenek-jemelik.htm\">ZDEN\u011aK JEMEL\u00cdK<\/a> byl na v\u0161ech jedn\u00e1n\u00edch p\u0159i politick\u00e9m procesu s\u00a0Andrejem Babi\u0161em a nyn\u00ed p\u0159in\u00e1\u0161\u00ed zpr\u00e1vu o posledn\u00edm dni jedn\u00e1n\u00ed p\u0159ed v\u00fdrokem, jen\u017e m\u00e1 &#8222;politick\u00fd specialista&#8220; (ji\u017e skv\u011ble po\u0161kodil V\u011bci ve\u0159ejn\u00e9) pron\u00e9st v pond\u011bl\u00ed &#8211; jist\u011b jen \u010dirou n\u00e1hodou na za\u010d\u00e1tku posledn\u00edho t\u00fddne p\u0159ed volbami<\/strong><\/p>\n<\/div>\n<div id=\"Article\">\n<p>V\u00a0\u010dl\u00e1nc\u00edch \u201eP\u0159edv\u00e1no\u010dn\u00ed p\u0159ekvapen\u00ed v\u00a0kauze \u010cap\u00ed hn\u00edzdo\u201c a \u201eOsudov\u00e9 lednov\u00e9 ud\u00e1losti v\u00a0\u017eivot\u011b AB\u201c jsem vyslovil pochybnost o spln\u011bn\u00ed z\u00e1m\u011bru p\u0159edsedy sen\u00e1tu Jana \u0160otta v\u00a0t\u0159\u00eddenn\u00edm lednov\u00e9m bloku hlavn\u00edho l\u00ed\u010den\u00ed kauzy \u010cap\u00ed hn\u00edzdo dosp\u011bt k rozsudku. Do\u0161lo na m\u00e1 slova.<\/p>\n<h2>Na\u010dasov\u00e1n\u00ed soudu p\u0159ed volbami<\/h2>\n<p>K vynesen\u00ed rozsudku dojde a\u017e v\u00a0pond\u011bl\u00ed 9.ledna 2023. Bude to sv\u00e9r\u00e1zn\u00e9 o\u017eiven\u00ed spole\u010densk\u00e9 atmosf\u00e9ry p\u0159ed prvn\u00edm kolem volby prezidenta republiky. O\u010dek\u00e1v\u00e1 se velk\u00fd z\u00e1jem ve\u0159ejnosti, tak\u017ee vstup do soudn\u00ed s\u00edn\u011b bude op\u011bt na vstupenky. N\u00e1sledn\u011b budeme moci posoudit, zda trestn\u00ed st\u00edh\u00e1n\u00ed ovlivnilo nad\u011bji Andreje Babi\u0161e na dobyt\u00ed s\u00eddla \u010desk\u00fdch kr\u00e1l\u016f.<\/p>\n<p>K\u00a0prvostup\u0148ov\u00e9mu rozsudku tak dosp\u011bje zvl\u00e1\u0161tn\u00ed proces, vyvolan\u00fd z\u00a0politick\u00fdch d\u016fvod\u016f, jak\u00fd zde dosud nebyl. K\u00a0jeho zvl\u00e1\u0161tnostem pat\u0159\u00ed i skute\u010dnost, \u017ee ve\u0159ejnost jej vn\u00edm\u00e1 jako hon na Andreje Babi\u0161e, zat\u00edmco hlavn\u00ed ob\u017ealovanou je Jana Nagyov\u00e1 (nikoli b\u00fdval\u00e1 Ne\u010dasov\u00e1). K\u00a0domn\u011bl\u00fdm trestn\u00fdm \u010din\u016fm m\u011blo doj\u00edt v r. 2008. Trestn\u00ed ozn\u00e1men\u00ed poch\u00e1z\u00ed z\u00a0r. 2013, ob\u017ealoba napadla M\u011bstsk\u00e9mu soudu v\u00a0Praze v\u00a0b\u0159eznu r. 2022 a hlavn\u00ed l\u00ed\u010den\u00ed bylo zah\u00e1jeno ve dnech 12.-16. z\u00e1\u0159\u00ed 2022.<\/p>\n<p>D\u00e9lka \u0159\u00edzen\u00ed je zcela mimo\u0159\u00e1dn\u00e1. Z\u010d\u00e1sti ji ovlivnilo opakovan\u00e9 jedn\u00e1n\u00ed s\u00a0Poslaneckou sn\u011bmovnou o vyd\u00e1n\u00ed Andreje Babi\u0161e k\u00a0trestn\u00edmu st\u00edh\u00e1n\u00ed a \u201epomohl\u201c b\u00fdval\u00fd nejvy\u0161\u0161\u00ed st\u00e1tn\u00ed z\u00e1stupce Pavel Zeman, kter\u00fd zru\u0161il usnesen\u00ed st\u00e1tn\u00edho z\u00e1stupce Jaroslava \u0160arocha o zastaven\u00ed trestn\u00edho st\u00edh\u00e1n\u00ed Andreje Babi\u0161e a Jany Nagyov\u00e9.\u00a0 Krit\u00e9ria \u00fanosnosti d\u00e9lky trestn\u00edho \u0159\u00edzen\u00ed, nastolen\u00e1 Evropsk\u00fdm soudem pro lidsk\u00e1 pr\u00e1va, upadla v\u00a0zapomn\u011bn\u00ed.<\/p>\n<h2>\u010cap\u00ed hn\u00edzdo se prol\u00edn\u00e1 v\u0161emi druhy voleb<\/h2>\n<p>P\u0159edsedou sen\u00e1tu je Jan \u0160ott, jeho\u017e sv\u00e9r\u00e1zn\u00fd zp\u016fsob veden\u00ed hlavn\u00edho l\u00ed\u010den\u00ed v\u00a0procesu proti V\u00edtu B\u00e1rtovi mo\u017en\u00e1 po\u0161kodil hnut\u00ed V\u011bci ve\u0159ejn\u00e9. A hlavn\u00ed l\u00ed\u010den\u00ed v\u00a0kauze \u010cap\u00ed hn\u00edzdo \u010dist\u011b n\u00e1hodou se od za\u010d\u00e1tku prol\u00edn\u00e1 s\u00a0v\u00fdznamn\u00fdmi politick\u00fdmi ud\u00e1lostmi: s\u00a0komun\u00e1ln\u00edmi a sen\u00e1tn\u00edmi volbami a s\u00a0volbou prezidenta republiky.<\/p>\n<p>Z\u00e1ludnost procesu spo\u010d\u00edv\u00e1 i v korektn\u00edm veden\u00ed hlavn\u00edho l\u00ed\u010den\u00ed p\u0159edsedou sen\u00e1tu Janem \u0160ottem. Je vl\u00eddn\u00fd, usm\u011bvav\u00fd, obhajoba si nem\u016f\u017ee st\u011b\u017eovat na podjatost \u010di na kr\u00e1cen\u00ed jej\u00edch pr\u00e1v. Vynese-li nespravedliv\u00e9 rozsudky, mo\u017en\u00e1 se p\u0159i tom bude tv\u00e1\u0159it laskav\u011b. Jeho vst\u0159\u00edcnost v\u016f\u010di obhajob\u011b m\u00e1 sv\u016fj rub: bez odporu umo\u017enil opakovan\u00e9 projedn\u00e1v\u00e1n\u00ed sv\u011bdectv\u00ed Andreje Babi\u0161e ml. a \u00favah o jeho zdravotn\u00edm stavu a vztah\u016fm mezi otcem a synem. D\u016fkazn\u00ed situace se t\u00edm ve prosp\u011bch obhajoby p\u0159\u00edli\u0161 neposunula, ale jedn\u00e1n\u00ed zjevn\u011b zna\u010dn\u011b tr\u00e1pilo ob\u017e. Andreje Babi\u0161e.<\/p>\n<p>Pou\u017e\u00edv\u00e1n\u00ed Andreje Babi\u0161e ml. k\u00a0poni\u017eov\u00e1n\u00ed ob\u017e. Andreje Babi\u0161e je neoby\u010dejn\u00e1 hanebnost, Za tuto nehor\u00e1znost nelze ale odsuzovat p\u0159edsedu sen\u00e1tu, kter\u00fd mus\u00ed nechat prov\u00e9st sv\u011bdectv\u00ed dle n\u00e1vrh\u016f \u017ealobce a pr\u00e1v\u011b z\u00a0d\u016fvodu korektnosti p\u0159ipou\u0161t\u00ed r\u016fzn\u00e1 sv\u011bdectv\u00ed dle po\u017eadavk\u016f obhajoby.<\/p>\n<p>V\u00a0pond\u011bl\u00ed 4.ledna 2023 do\u0161lo kone\u010dn\u011b na v\u00fdslech ob\u017ealovan\u00fdch. Ob\u011btn\u00ed ove\u010dka ob\u017e. Jana Nagyov\u00e1 voln\u00fdm v\u00fdkladem t\u00e9m\u011b\u0159 dv\u011b hodiny p\u0159edv\u00e1d\u011bla s\u00a0\u00faspornou gestikulac\u00ed vystoupen\u00ed hodn\u00e9 d\u00edvky, p\u0159ekypuj\u00edc\u00ed dobr\u00fdmi \u00famysly a v\u017edy jednaj\u00edc\u00ed v\u00a0souladu s pr\u00e1vem, kter\u00e1 se nedopat\u0159en\u00edm dostala do pot\u00ed\u017e\u00ed, ani\u017e by po\u0159\u00e1dn\u011b v\u011bd\u011bla jak. V\u00fdpov\u011b\u010f op\u00edrala o pe\u010dlivou p\u00edsemnou p\u0159\u00edpravu. Upozornila na velk\u00fd \u010dasov\u00fd odstup od ud\u00e1lost\u00ed.<\/p>\n<h2>Vybudovan\u00fd komplex zlep\u0161il kvalitu \u017eivota v okol\u00ed<\/h2>\n<p>Vyj\u00e1d\u0159ila roz\u010darov\u00e1n\u00ed nad t\u00edm, \u017ee stoj\u00ed p\u0159ed soudem, a\u010d se ni\u010deho \u0161patn\u00e9ho nedopustila. Sna\u017eila se objasnit motivaci sv\u00e9ho p\u016fsoben\u00ed ve spole\u010dnosti Farma \u010cap\u00ed hn\u00edzdo. P\u0159ihl\u00e1sila se k\u00a0p\u0159\u00e1telsk\u00e9mu vztahu k\u00a0Monice Babi\u0161ov\u00e9, je\u017e ji poprv\u00e9 vzala na \u010cap\u00ed hn\u00edzdo v\u00a0jeho p\u016fvodn\u00ed podob\u011b. Byla p\u0159esv\u011bd\u010dena, \u017ee Farma \u010cap\u00ed hn\u00edzdo a.s. vyhovuje krit\u00e9ri\u00edm mal\u00e9ho podniku a k\u00a0prokazov\u00e1n\u00ed t\u00e9to skute\u010dnosti nebylo t\u0159eba nic skr\u00fdvat. Nem\u011bla chu\u0165 pokazit si nez\u00e1konn\u00fdm jedn\u00e1n\u00edm dobrou pov\u011bst. A byla to velk\u00e1 akce, kterou nebylo mo\u017en\u00e9 skr\u00fdt, tak\u017ee nebylo mo\u017en\u00e9 dopou\u0161t\u011bt se p\u0159i jej\u00edm uskute\u010dn\u011bn\u00ed n\u011bjak\u00fdch nepravost\u00ed. Projekt se realizoval mimo r\u00e1mec Agrofertu, proto\u017ee se nehodil do jeho portfolia.<\/p>\n<p>Pro \u010dinnost ve veden\u00ed spole\u010dnosti Farma \u010cap\u00ed hn\u00edzdo a z\u00edsk\u00e1n\u00ed dotace se rozhodla, proto\u017ee to byl jej\u00ed sv\u011bt a cht\u011bla si ji uzp\u016fsobit sv\u00e9mu obrazu. A\u017e do r.2009, tedy do z\u00edsk\u00e1n\u00ed prvn\u00ed platby, spole\u010dnost nekonala \u017e\u00e1dn\u00e9 \u010dinnosti, pouze prob\u00edhala v\u00fdstavba. \u010cili dle jej\u00edho n\u00e1zoru spole\u010dnost nemohla b\u00fdt propojena s\u00a0Agrofertem. Pod\u00edlela se r\u016fzn\u00fdm zp\u016fsobem na \u0159\u00edzen\u00ed spole\u010dnosti. Pohovo\u0159ila o p\u016fsoben\u00ed r\u016fzn\u00fdch dal\u0161\u00edch osob p\u0159i \u0159\u00edzen\u00ed spole\u010dnosti. Popsala r\u016fzn\u00e9 podrobnosti jedn\u00e1n\u00ed o bankovn\u00ed \u00fav\u011br a o dotaci.<\/p>\n<p>Zm\u00ednila se, \u017ee v\u011bd\u011bla, \u017ee akcion\u00e1\u0159i jsou nepodnikatelsk\u00e9 osoby, je\u017e nejsou akcion\u00e1\u0159i Agrofertu. Byla p\u0159esv\u011bd\u010dena, \u017ee spole\u010dnost Farma \u010cap\u00ed hn\u00edzdo nen\u00ed ovl\u00e1d\u00e1na \u017e\u00e1dn\u00fdm jin\u00fdm subjektem ani nen\u00ed propojena majetkov\u011b s\u00a0jin\u00fdm podnikem. Ale spole\u010dnost Agrofert byla jedn\u00edm ze smluvn\u011b zabezpe\u010den\u00fdch strategick\u00fdch partner\u016f. Zd\u016fraznila, \u017ee postupovala podle dobov\u00fdch p\u0159edpis\u016f a metodik.\u00a0 Mate\u0159stv\u00ed ji pozd\u011bji odvedlo od intenzivn\u011bj\u0161\u00ed \u010dinnosti ve spole\u010dnosti. Zm\u00ednila se, \u017ee spole\u010dnost Farma \u010cap\u00ed hn\u00edzdo pro\u0161la \u0159adou r\u016fzn\u00fdch kontrol, z\u00a0nich\u017e v\u011bt\u0161inou vych\u00e1zela velmi dob\u0159e. Vybudov\u00e1n\u00ed v\u00edce\u00fa\u010delov\u00e9ho st\u0159ediska \u010cap\u00ed hn\u00edzdo zvedlo kvalitu \u017eivota v p\u0159ilehl\u00e9 oblasti.<\/p>\n<h2>Absurdn\u00ed politick\u00fd proces<\/h2>\n<p>Na z\u00e1v\u011br upozornila, \u017ee v\u011bt\u0161ina sv\u011bdeck\u00fdch v\u00fdpov\u011bd\u00ed se t\u00fdkala d\u011bn\u00ed v\u00a0r.2013, kdy ji\u017e ve spole\u010dnosti Farma \u010cap\u00ed hn\u00edzdo nep\u016fsobila. V\u00a0dob\u011b sv\u00e9ho p\u016fsoben\u00ed se nedopustila \u017e\u00e1dn\u00e9ho utajov\u00e1n\u00ed \u00fadaj\u016f ani jin\u00fdch nepravost\u00ed. Nev\u00ed, pro\u010d se dostala p\u0159ed soud. Sen\u00e1t i st\u00e1tn\u00ed z\u00e1stupce j\u00ed naslouchali pozorn\u011b. Po skon\u010den\u00ed vzali na v\u011bdom\u00ed, \u017ee na radu obh\u00e1jc\u016f nebude odpov\u00eddat na ot\u00e1zky.<\/p>\n<p>Tak\u00e9 navazuj\u00edc\u00ed v\u00fdslech ob\u017e. Andreje Babi\u0161e m\u011bl formu voln\u00e9ho v\u00fdkladu. Pan ob\u017ealovan\u00fd byl podstatn\u011b stru\u010dn\u011bj\u0161\u00ed. \u00dakol zvl\u00e1dl za slabou p\u016flhodinu. Proces ozna\u010dil za absurdn\u00ed a zopakoval sv\u00e9 obvykl\u00e9 mantry o jeho politick\u00e9m pozad\u00ed, o procesu na objedn\u00e1vku. Zkritizoval rozhodnut\u00ed b\u00fdval\u00e9ho nejvy\u0161\u0161\u00edho st\u00e1tn\u00edho z\u00e1stupce Pavla Zemana o obnoven\u00ed trestn\u00edho st\u00edh\u00e1n\u00ed jeho a ob\u017e. Jany Nagyov\u00e9, d\u0159\u00edve zastaven\u00e9ho sou\u010dasn\u00fdm \u017ealobcem Pavlem \u0160arochem. Vyj\u00e1d\u0159il p\u0159esv\u011bd\u010den\u00ed o sv\u00e9 nevin\u011b a na radu obh\u00e1jc\u016f odm\u00edtl odpov\u00eddat na ot\u00e1zky.<\/p>\n<p>Po skon\u010den\u00ed v\u00fdslech\u016f sv\u011bdk\u016f p\u0159edseda sen\u00e1tu ve shod\u011b s\u00a0obh\u00e1jci zam\u00edtl nevy\u0159\u00edzen\u00e9 n\u00e1vrhy na dopln\u011bn\u00ed dokazov\u00e1n\u00ed, rozhodl o ukon\u010den\u00ed dokazov\u00e1n\u00ed a vyzval k\u00a0z\u00e1v\u011bre\u010dn\u00e9 \u0159e\u010di \u017ealobce Jaroslava \u0160arocha.\u00a0 Jeho vystoupen\u00ed trvalo t\u00e9m\u011b\u0159 dv\u011b hodiny a obsahem p\u0159ev\u00e1\u017en\u011b kop\u00edrovalo ob\u017ealobu. Jej\u00ed obsah \u201eobohatil\u201c o zpochybn\u011bn\u00ed procesu postupn\u00e9 transformace spole\u010dnosti ZZN Pelh\u0159imov s.r.o. na spole\u010dnost Farma \u010cap\u00ed hn\u00edzdo a.s.<\/p>\n<p>Z\u00a0jeho v\u00fdkladu vypl\u00fdv\u00e1, \u017ee neznal \u0159adu r\u016fzn\u00fdch podrobnost\u00ed, je\u017e ale na v\u00fdsledek transformace nem\u011bly v\u00fdznam.\u00a0 Jako laik soud\u00edm, \u017ee toto jeho sna\u017een\u00ed bylo neproduktivn\u00ed, proto\u017ee rejst\u0159\u00edkov\u00fd soud \u0159\u00e1dn\u011b zaregistroval spole\u010dnost Farma \u010cap\u00ed hn\u00edzdo a.s., je\u017e pak jednala b\u011b\u017en\u00fdm zp\u016fsobem. Ostatn\u011b s\u00e1m p\u0159ipustil, \u017ee jeho pochybnosti nemaj\u00ed v\u00fdznam pro posouzen\u00ed skutkov\u00e9 podstaty \u017ealovan\u00fdch skutk\u016f.<\/p>\n<h2>Kav\u00e1rna se ne\u0161t\u00edt\u00ed zneu\u017e\u00edt nemocn\u00e9ho syna<\/h2>\n<p>V\u00a0t\u00e9 souvislosti v\u00a0souladu s\u00a0nepovolenou z\u00e1sadou \u201ein dubio CONTRA reo\u201c p\u0159edlo\u017eil my\u0161lenku, \u017ee Andrej Babi\u0161 ml. skute\u010dn\u011b nep\u0159evzal akcie, kter\u00e9 pak z\u016fstaly v\u00a0majetku Agrofertu a t\u00edm se vytvo\u0159ila majetkov\u00e1 propojenost spole\u010dnosti Farma \u010cap\u00ed hn\u00edzdo a.s. s\u00a0holdingem Agrofert. Jako laik soud\u00edm, \u017ee takto vytvo\u0159en\u00e1 majetkov\u00e1 propojenost je pouze form\u00e1ln\u00ed a nem\u011bla \u017e\u00e1dn\u00fd vliv na \u010dinnost spole\u010dnosti Farma \u010cap\u00ed hn\u00edzdo a.s. Meditoval i nad podnikatelsk\u00fdm z\u00e1m\u011brem spole\u010dnosti Farma \u010cap\u00ed hn\u00edzdo a.s. Potvrdil p\u0159esv\u011bd\u010den\u00ed, \u017ee oba ob\u017ealovan\u00ed se dopustili \u017ealovan\u00fdch skutk\u016f. V\u00a0p\u0159\u00edpad\u011b ob\u017e. Andreje Babi\u0161e dle m\u00e9ho n\u00e1zoru si nev\u0161iml \u010dasov\u00e9ho pr\u016fb\u011bhu transformace v\u00fdchoz\u00ed spole\u010dnosti ve Farmu \u010cap\u00ed hn\u00edzdo a.s. a neuv\u011bdomil si, \u017ee v\u00a0dob\u011b spu\u0161t\u011bn\u00ed transformace nebyly vyps\u00e1ny dotace, tak\u017ee nelze vlo\u017eit Andreji Babi\u0161ovi do hlavy z\u00e1m\u011br umo\u017enit ob\u017e. Jan\u011b Nagyov\u00e9 n\u011bkdy v\u00a0budoucnosti, aby o n\u011b po\u017e\u00e1dala. Nakonec navrhl soudu, aby oba ob\u017ealovan\u00e9 potrestal podm\u00edn\u011bn\u00fdmi tresty v\u00a0trv\u00e1n\u00ed t\u0159\u00ed let s\u00a0odkladem na 5 let, a k tomu pro ob\u017e.Andreje Babi\u0161e po\u017eaduje pen\u011b\u017eit\u00fd trest ve v\u00fd\u0161i 10 mil. K\u010d, pro ob\u017e. Janu Nagyovou 500 tis. K\u010d.<\/p>\n<p>Z\u00a0obh\u00e1jc\u016f se jako prvn\u00ed ujal slova Josef Barton\u010d\u00edk, obh\u00e1jce ob\u017e. Jany Nagyov\u00e9. Jeho projev trval d\u00e9le ne\u017e 2 hod. Upozornil, \u017ee ob\u017ealoba n\u00e1sleduje po p\u016fvodn\u00edm zastaven\u00ed trestn\u00edho st\u00edh\u00e1n\u00ed a jeho zru\u0161en\u00ed nejvy\u0161\u0161\u00edm st\u00e1tn\u00edm z\u00e1stupcem. Pouk\u00e1zal na odli\u0161nost vymezen\u00ed skutku ve sd\u011blen\u00ed obvin\u011bn\u00ed a v\u00a0ob\u017ealob\u011b. Vyslovil n\u00e1zor, \u017ee \u017ealobce se \u0159\u00eddil z\u00e1sadou \u201enev\u00edme, \u010deho se ob\u017ealovan\u00fd dopustil, ale n\u011bco mus\u00edme naj\u00edt\u201c. Projevil pak pohor\u0161en\u00ed nad v\u00fd\u0161\u00ed navr\u017een\u00fdch trest\u016f. Upozornil na nedb\u00e1n\u00ed n\u011bkter\u00fdch z\u00e1kladn\u00edch princip\u016f trestn\u00edho pr\u00e1va, jako je z\u00e1kaz retroaktivity a dal\u0161\u00ed.<\/p>\n<p>Podm\u00ednkou napln\u011bn\u00ed \u017ealovan\u00e9ho skutku ob\u017ealovan\u00e9 by muselo b\u00fdt zp\u016fsobeno oklam\u00e1n\u00edm rozhoduj\u00edc\u00edho st\u00e1tn\u00edho \u00fa\u0159adu. K\u00a0tomu ale nedo\u0161lo. V\u00a0tom se ale pr\u00e1v\u011b rozch\u00e1z\u00ed ob\u017ealoba s\u00a0obhajobou. Z\u00e1le\u017e\u00ed na tom, kam se p\u0159iklon\u00ed sen\u00e1t. V\u00a0ka\u017ed\u00e9m p\u0159\u00edpad\u011b obh\u00e1jce navrhl zpro\u0161t\u011bn\u00ed sv\u00e9 mandantky ob\u017ealoby.<\/p>\n<p>Nav\u00e1zal na n\u011bj hodinov\u00fdm vystoupen\u00edm doc. Eduard Bruna, kter\u00fd preventivn\u011b \u010delil mo\u017enosti, \u017ee by do\u0161lo k\u00a0roz\u0161\u00ed\u0159en\u00ed ob\u017ealoby ob\u017e. Andreje Babi\u0161e o trestn\u00fd \u010din po\u0161kozov\u00e1n\u00ed finan\u010dn\u00edch z\u00e1jm\u016f Evropsk\u00e9 unie. Jeho \u0159e\u010d m\u011bla povahu dokonal\u00e9 vysoko\u0161kolsk\u00e9 p\u0159edn\u00e1\u0161ky. V\u00a0\u00favodu pochv\u00e1lil odbornou vysp\u011blost \u017ealobce Jaroslava \u0160arocha, ale pak s\u00a0matematickou p\u0159esnost\u00ed rozbil p\u0159edstavu, \u017ee by se snad ob\u017e. Andrej Babi\u0161 mohl dopustit zm\u00edn\u011bn\u00e9ho trestn\u00e9ho \u010dinu: nejen, \u017ee jej nesp\u00e1chal, ale ani by jej sp\u00e1chat nemohl, proto\u017ee s\u00e1m se \u017e\u00e1dn\u00fdch \u00fakon\u016f vyjedn\u00e1v\u00e1n\u00ed o dotace nez\u00fa\u010dastnil, a v\u00a0dob\u011b, kdy spustil kroky, jimi\u017e do\u0161lo k vytvo\u0159en\u00ed spole\u010dnosti Farma \u010cap\u00ed hn\u00edzdo, nemohl v\u011bd\u011bt, \u017ee ob\u017e. Jana Nagyov\u00e1 n\u011bkdy pojme \u00famysl po\u017e\u00e1dat o dotaci.<\/p>\n<h2>\u00dadajn\u00e9 po\u0161kozov\u00e1n\u00ed finan\u010dn\u00edch z\u00e1jm\u016f EU<\/h2>\n<p>Ostatn\u011b podobnou argumentaci pak uplatnil i obh\u00e1jce Michael Barton\u010d\u00edk, jen\u017e ve vystoupen\u00ed, trvaj\u00edc\u00edm cca 80 min., vyvracel tvrzen\u00ed, \u017ee jeho klient vytvo\u0159il spole\u010dnost Farma \u010cap\u00ed hn\u00edzdo a.s. se z\u00e1m\u011brem umo\u017enit n\u011bkdy v\u00a0budoucnosti ob\u017e. Jan\u011b Nagyov\u00e9 po\u017e\u00e1dat o dotaci. Zm\u00ednil se dokonce o nedostatku vybaven\u00ed klienta: nevlastnil k\u0159i\u0161\u0165\u00e1lov\u00e9 koule. Pouk\u00e1zal na skute\u010dnost, \u017ee soud neupozornil na mo\u017enost zm\u011bny pr\u00e1vn\u00ed kvalifikace skutku z\u00a0pomoci na \u00fa\u010dastenstv\u00ed, tak\u017ee kvalifikace pomoci nad\u00e1le plat\u00ed. Vylou\u010dil tedy mo\u017enost, \u017ee by jeho klient mohl b\u00fdt odsouzen pro \u00fa\u010dast na trestn\u00e9m \u010dinu po\u0161kozov\u00e1n\u00ed finan\u010dn\u00edch z\u00e1jm\u016f evropsk\u00e9 unie.<\/p>\n<p>Vysv\u011btlil d\u00e1le, \u017ee jeho mandant nemohl p\u016fsobit ani jako organiz\u00e1tor trestn\u00e9ho \u010dinu, kdy\u017e \u017ealovan\u00e1 podstata odpov\u00edd\u00e1 pomoci. A t\u00edm se ve prosp\u011bch ob\u017e. Andreje Babi\u0161e vr\u00e1til k\u00a0n\u00e1mitce, \u017ee nemohl v\u011bd\u011bt, \u017ee ob\u017e. Jana Nagyov\u00e1 bude n\u011bkdy \u017e\u00e1dat o dotaci. Jeho kroky, sm\u011b\u0159uj\u00edc\u00ed k\u00a0z\u0159\u00edzen\u00ed spole\u010dnosti Farma \u010cap\u00ed hn\u00edzdo a.s., m\u011bly \u00fapln\u011b jin\u00fd d\u016fvod ne\u017e vytvo\u0159en\u00ed podm\u00ednek pro uplatn\u011bn\u00ed \u017e\u00e1dosti o dotaci a za\u010daly podstatn\u011b d\u0159\u00edve, ne\u017e byly vyps\u00e1ny dotace. Na z\u00e1v\u011br vystoupen\u00ed navrhl zpro\u0161t\u011bn\u00ed ob\u017e. Andreje Babi\u0161e ob\u017ealoby.<\/p>\n<p>Ob\u017e. Jana Nagyov\u00e1 vystoupila s\u00a0p\u016flhodinovou z\u00e1v\u011bre\u010dnou \u0159e\u010d\u00ed, prov\u00e1zenou velmi intenzivn\u00ed gestikulac\u00ed, asi sv\u011bd\u010d\u00edc\u00ed o vnit\u0159n\u00edm neklidu. Na\u0159kla nep\u0159\u00e1telsk\u00e9 koment\u00e1tory jej\u00edho trestn\u00edho ozn\u00e1men\u00ed, \u017ee dob\u0159e v\u011bd\u011bli, \u017ee nemaj\u00ed pravdu, ale neinformovan\u00e1 ve\u0159ejnost byla proti jejich tvrzen\u00ed bezbrann\u00e1. Vyj\u00e1d\u0159ila se i k\u00a0postaven\u00ed st\u00e1tn\u00edho z\u00e1stupce, kter\u00e9ho ch\u00e1pe, ale na jeho\u017e m\u00edst\u011b by necht\u011bla b\u00fdt. Podle jej\u00edho n\u00e1zoru ob\u017ealoba stoj\u00ed na domn\u011bnk\u00e1ch, je\u017e nebyly dokazov\u00e1n\u00edm p\u0159em\u011bn\u011bny ve skute\u010dnost. Mrz\u00ed ji, \u017ee st\u00e1tn\u00ed z\u00e1stupce po skon\u010den\u00ed dokazov\u00e1n\u00ed ne\u0159ekl, \u017ee se \u017e\u00e1dn\u00fd trestn\u00fd \u010din nestal. V\u00a0jej\u00ed neprosp\u011bch v\u00a0argumentaci vytrh\u00e1v\u00e1 v\u011bty z\u00a0judikatury. P\u0159ipustila, \u017ee akcion\u00e1\u0159i zaplatili akcie po rozhodnut\u00ed Region\u00e1ln\u00ed rady o p\u0159i\u0159\u010den\u00ed dotace, ale bylo to je\u0161t\u011b p\u0159ed pod\u00e1n\u00edm prvn\u00ed \u017e\u00e1dosti o v\u00fdplatu.<\/p>\n<p>Z\u0159\u00edzen\u00ed spole\u010dnosti Farma \u010cap\u00ed hn\u00edzdo a.s. pova\u017euje za p\u0159irozen\u00fd zp\u016fsob organiza\u010dn\u00edho zaji\u0161t\u011bn\u00ed projektu, na n\u011bm\u017e nebylo co skr\u00fdvat. Odm\u00edtla argument \u017ealobce, \u017ee vy\u017e\u00e1d\u00e1n\u00ed dotace brala jako sv\u016fj osobn\u00ed z\u00e1jem, a proto se dopustila chyb. Bylo to opa\u010dn\u011b: pr\u00e1v\u011b proto, \u017ee brala projekt jako sv\u016fj, si d\u00e1vala pozor, aby nechybovala.<\/p>\n<h2>Nagyov\u00e1: Jen figurka na \u0161achovnici ur\u010den\u00e1 k likvidaci<\/h2>\n<p>Uvedla, \u017ee trestn\u00ed st\u00edh\u00e1n\u00ed nech\u00e1pe osobn\u011b, v\u00ed \u017ee je jednou z\u00a0figurek na \u0161achovnici. O\u010di j\u00ed otev\u0159el policista, kter\u00fd se j\u00ed p\u0159i p\u0159eb\u00edr\u00e1n\u00ed spisu omluvil. Pot\u011b\u0161ilo ji, \u017ee se v\u011bc kone\u010dn\u011b dostala p\u0159ed soud. Post\u011b\u017eovala si na zni\u010den\u00ed pov\u011bsti v\u00a0m\u00edst\u011b a naru\u0161en\u00ed rodinn\u00e9ho \u017eivota.<\/p>\n<p>Post\u011b\u017eovala si na vznik atmosf\u00e9ry strachu. Vyj\u00e1d\u0159ila v\u00edru, \u017ee snad sen\u00e1t pochopil, \u017ee nedo\u0161lo k\u00a0\u017e\u00e1dn\u00e9mu trestn\u00e9mu \u010dinu.<\/p>\n<p>Podle z\u00e1sady \u201efinis coronat opus\u201c vyvrcholen\u00edm z\u00e1v\u011bre\u010dn\u00fdch \u0159e\u0161\u00ed bylo dvouhodinov\u00e9 vystoupen\u00ed Andreje Babi\u0161e. Sv\u00e9r\u00e1znost\u00ed p\u0159ekonalo v\u0161e, co jsme od z\u00e1\u0159ijov\u00fdch jedn\u00e1n\u00ed sly\u0161eli. Pan ob\u017ealovan\u00fd za\u010dal obvykl\u00fdmi st\u00ed\u017enostmi na politickou objedn\u00e1vku, na absurditu procesu, upozornil na nesoulad ob\u017ealoby s\u00a0v\u00fdsledky vy\u0161et\u0159ov\u00e1n\u00ed slu\u017eby OLAF. Pak ale dal pr\u016fchod posedlosti zlobou na manipul\u00e1tory se sv\u011bdectv\u00edm jeho syna a s\u00a0jeho p\u0159\u00edb\u011bhem. Vyst\u0159eloval do prostoru negativn\u00ed energii. Jeho rozho\u0159\u010den\u00ed ch\u00e1pu a sd\u00edl\u00edm jeho n\u00e1zor, \u017ee do\u0161lo k\u00a0velk\u00e9mu dareb\u00e1ctv\u00ed. Nem\u011bn\u00ed to nic na tom, \u017ee jako n\u00e1stroj obhajoby byla jeho \u0159e\u010d pouhou ztr\u00e1tou \u010dasu, proto\u017ee skutkovou podstatou obvin\u011bn\u00ed se nezab\u00fdval, a pro p\u0159\u00edtomn\u00e9 v\u00a0soudn\u00ed s\u00edni mo\u017en\u00e1 byla i nep\u0159\u00edjemn\u00fdm z\u00e1\u017eitkem.<\/p>\n<p>Nem\u011bn\u00ed to nic na m\u00e9m laick\u00e9m n\u00e1zoru, \u017ee ob\u017e. Andreje Babi\u0161e by m\u011bl soud zprostit ob\u017ealoby. V\u00a0p\u0159\u00edpad\u011b ob\u017e. Jany Nagyov\u00e9 si nejsem tak jist\u00fd, i kdy\u017e mi je j\u00ed l\u00edto: do pekla ji p\u0159ivedly dobr\u00e9 \u00famysly. Neboj\u00edm se, \u017ee t\u00edmto n\u00e1zorem ovlivn\u00edm rozsudek, i kdyby snad m\u016fj \u010dl\u00e1nek \u010detl n\u011bkdo z\u00a0\u010dlen\u016f sen\u00e1tu, proto\u017ee soudce Jan \u0160ott m\u00e1 ur\u010dit\u011b ji\u017e dnes jasno.<\/p>\n<p>Nemohu si odpustit pozn\u00e1mku k\u00a0\u010dinnosti \u017ealobce Jaroslava \u0160arocha. Jsem p\u0159esv\u011bd\u010den, \u017ee ob\u017e. Jana Nagyov\u00e1 by nebyla \u00fasp\u011b\u0161n\u00e1 s\u00a0\u017e\u00e1dost\u00ed o dotaci, pokud by neselhal kontroln\u00ed syst\u00e9m st\u00e1tu. Nevylu\u010duji, \u017ee vedle ob\u017e. Jany Nagyov\u00e9 m\u011bl na lavici ob\u017ealovan\u00fdch sed\u011bt odpov\u011bdn\u00fd st\u00e1tn\u00ed \u00fa\u0159edn\u00edk. Policie ale p\u0159i vy\u0161et\u0159ov\u00e1n\u00ed postupovala jednostrann\u011b, podjat\u011b v\u016f\u010di ob\u017ealovan\u00fdm a Jaroslav \u0160aroch ji jako dozorov\u00fd st\u00e1tn\u00ed z\u00e1stupce z\u00a0tohoto postoje nevyvedl.<\/p>\n<p>Domn\u00edv\u00e1m se, \u017ee mo\u017en\u00e9 selh\u00e1n\u00ed st\u00e1tu je argumentem pro shov\u00edvav\u00e9 posouzen\u00ed jedn\u00e1n\u00ed ob\u017ealovan\u00e9 Jany Nagyov\u00e9.<\/p>\n<p><a href=\"https:\/\/www.jemelikzdenek.cz\/2023\/01\/capi-hnizdo-pred-rozsudkem.html\">Zdroj<\/a><\/p>\n<\/div>\n<p><a href=\"https:\/\/protiproud.info\/politika\/6939-nejvetsi-poprevratovy-politicky-proces-pred-finale-jan-urvalek-sott-si-hraje-na-soud-rozhodnuto-je-davno-dopredu-hnizdo-pro-vsechny-volby-na-babise-nic-nemaji-at-v-te-frasce-padne-jakykoli-vyrok-kavarna-se-streli-do-vlastni-nohy.htm\">PROTIPROUD<\/a><\/p>\n<p>&nbsp;<\/p>\n<p><img decoding=\"async\" loading=\"lazy\" class=\"wp-image-19187 aligncenter\" src=\"http:\/\/www.infokuryr.cz\/n\/wp-content\/uploads\/2022\/12\/1-PRO-300x36.jpg\" alt=\"\" width=\"1267\" height=\"152\" srcset=\"https:\/\/www.infokuryr.cz\/n\/wp-content\/uploads\/2022\/12\/1-PRO-300x36.jpg 300w, https:\/\/www.infokuryr.cz\/n\/wp-content\/uploads\/2022\/12\/1-PRO.jpg 699w\" sizes=\"(max-width: 1267px) 100vw, 1267px\" \/><\/p>\n<p>&nbsp;<\/p>\n","protected":false},"excerpt":{"rendered":"<p>Rozhodnuto je d\u00e1vno dop\u0159edu. Hn\u00edzdo pro v\u0161echny volby. Na Babi\u0161e nic nemaj\u00ed. A\u0165 v t\u00e9&#8230;<\/p>\n","protected":false},"author":2,"featured_media":15131,"comment_status":"closed","ping_status":"closed","sticky":false,"template":"","format":"standard","meta":[],"categories":[6],"tags":[1042,126,3322,520],"_links":{"self":[{"href":"https:\/\/www.infokuryr.cz\/n\/wp-json\/wp\/v2\/posts\/20892"}],"collection":[{"href":"https:\/\/www.infokuryr.cz\/n\/wp-json\/wp\/v2\/posts"}],"about":[{"href":"https:\/\/www.infokuryr.cz\/n\/wp-json\/wp\/v2\/types\/post"}],"author":[{"embeddable":true,"href":"https:\/\/www.infokuryr.cz\/n\/wp-json\/wp\/v2\/users\/2"}],"replies":[{"embeddable":true,"href":"https:\/\/www.infokuryr.cz\/n\/wp-json\/wp\/v2\/comments?post=20892"}],"version-history":[{"count":0,"href":"https:\/\/www.infokuryr.cz\/n\/wp-json\/wp\/v2\/posts\/20892\/revisions"}],"wp:featuredmedia":[{"embeddable":true,"href":"https:\/\/www.infokuryr.cz\/n\/wp-json\/wp\/v2\/media\/15131"}],"wp:attachment":[{"href":"https:\/\/www.infokuryr.cz\/n\/wp-json\/wp\/v2\/media?parent=20892"}],"wp:term":[{"taxonomy":"category","embeddable":true,"href":"https:\/\/www.infokuryr.cz\/n\/wp-json\/wp\/v2\/categories?post=20892"},{"taxonomy":"post_tag","embeddable":true,"href":"https:\/\/www.infokuryr.cz\/n\/wp-json\/wp\/v2\/tags?post=20892"}],"curies":[{"name":"wp","href":"https:\/\/api.w.org\/{rel}","templated":true}]}}