{"id":20869,"date":"2023-01-07T07:18:57","date_gmt":"2023-01-07T06:18:57","guid":{"rendered":"http:\/\/www.infokuryr.cz\/n\/?p=20869"},"modified":"2023-01-07T07:27:28","modified_gmt":"2023-01-07T06:27:28","slug":"andrej-babis-skutecne-predstavuje-jistotu-to-ano-ze-se-nic-nezmeni","status":"publish","type":"post","link":"https:\/\/www.infokuryr.cz\/n\/2023\/01\/07\/andrej-babis-skutecne-predstavuje-jistotu-to-ano-ze-se-nic-nezmeni\/","title":{"rendered":"Andrej Babi\u0161 skute\u010dn\u011b p\u0159edstavuje jistotu. To ano, \u017ee se nic nezm\u011bn\u00ed"},"content":{"rendered":"<div id=\"fb-root\"><\/div>\n<p>Mnoho budouc\u00edch voli\u010d\u016f si d\u011bl\u00e1 velkou starost, zda Jaroslav Ba\u0161ta, zejm\u00e9na po sv\u00e9m \u00fasp\u011bchu na CNN Prima News, neubere Babi\u0161ovi p\u0159\u00edli\u0161 mnoho hlas\u016f. Ob\u00e1vaj\u00ed se, \u017ee by se Babi\u0161 nemusel dostat do druh\u00e9ho kola, n\u00e1sledkem \u010deho\u017e by se pr\u00fd pak jist\u011b o \u00fa\u0159ad nejvy\u0161\u0161\u00ed utkali Nerudov\u00e1 a Pavel. \u00davaha by to byla spr\u00e1vn\u00e1, kdyby nevych\u00e1zela z cel\u00e9 \u0159ady chybn\u00fdch p\u0159edpoklad\u016f.<\/p>\n<p><span style=\"font-size: 18pt;\"><strong>1) P\u0159edpoklad prvn\u00ed: \u010cesk\u00e1 vl\u00e1da je velmi\u00a0obl\u00edbena.<\/strong><\/span><\/p>\n<p>Proto kandid\u00e1ti podporovan\u00ed vl\u00e1dou Nerudov\u00e1 a Pavel dostanou nejv\u00edce hlas\u016f. Jen\u017ee i podle posledn\u00edho pr\u016fzkumu ve\u0159ejn\u00e9ho m\u00edn\u011bn\u00ed vl\u00e1du podporuje pouh\u00fdch 23% ob\u010dan\u016f. Pavel i Nerudov\u00e1 jsou ofici\u00e1ln\u00edmi kandid\u00e1ty koalice Spolu (ODS, TOP09, KDU-\u010cSL). Jejich dal\u0161\u00edm kandid\u00e1tem je i Pavel Fischer, kter\u00fd byl agenturami a m\u00e9dii za\u0159azen do ni\u017e\u0161\u00ed sout\u011b\u017ee, ale n\u011bjak\u00e9 procento tak\u00e9 z\u00edsk\u00e1. P\u0159edpokl\u00e1d\u00e1 se tedy, \u017ee nominanty vl\u00e1dn\u00edch stran podpo\u0159\u00ed i velmi mnoz\u00ed z on\u011bch 69% ob\u010dan\u016f, kte\u0159\u00ed ned\u016fv\u011b\u0159uj\u00ed vl\u00e1d\u011b? To n\u011bjak ned\u00e1v\u00e1 smysl\u2026<\/p>\n<p><strong><span style=\"font-size: 18pt;\">2) P\u0159edpoklad druh\u00fd: Andrej Babi\u0161 stoj\u00ed v opozici proti sou\u010dasn\u00e9 vl\u00e1d\u011b.<\/span><\/strong><\/p>\n<p>Toto snad lid\u00e9 usuzuj\u00ed z toho, \u017ee je za p\u016fsoben\u00ed t\u00e9to vl\u00e1dy vl\u00e1\u010den po soudech. Nemaj\u00ed ho tedy r\u00e1di, a proto ani on nem\u00e1 r\u00e1d je a nebude je podporovat. Hnut\u00ed ANO v\u0161ak, jak zn\u00e1mo, nem\u00e1 \u017e\u00e1dn\u00fd program. Nejvy\u0161\u0161\u00ed metou je blaho Babi\u0161ova Agrofertu. Ten je ale zraniteln\u00fd, a proto je Babi\u0161 vyd\u00edrateln\u00fd a mus\u00ed se chovat podle toho. Z\u00e1jem o blaho Agrofertu je to jedin\u00e9, v \u010dem se Babi\u0161 se sou\u010dasnou vl\u00e1dou rozch\u00e1z\u00ed. Boj o v\u011bt\u0161\u00ed blaho lidu to ur\u010dit\u011b nen\u00ed. AB a jeho hnut\u00ed ANO hlasuje pravideln\u011b ve shod\u011b s vl\u00e1dou, podporuje stejn\u00e1 zv\u011brstva a neprotestuje, nanejv\u00fd\u0161 se br\u00e1n\u00ed kritice v h\u00e1dce, kdo je v\u011bt\u0161\u00ed \u0161k\u016fdce, zda tato, nebo minul\u00e1 vl\u00e1da. Andrej Babi\u0161 je v perverzn\u00edm uskupen\u00ed Aspen institut stejn\u011b jako p\u0159edstavitel\u00e9 vl\u00e1dn\u00ed koalice a jejich kandid\u00e1ti, ale t\u0159eba i odborov\u00fd boss Josef St\u0159edula. V\u0161ichni t\u00e1hnou za jeden provaz, jen by ka\u017ed\u00fd z nich cht\u011bl t\u00e1hnout v \u010dele. To je ve skute\u010dnosti jedin\u00e9, co je rozd\u011bluje. Jedinou v\u00fdjimkou je Jaroslav Ba\u0161ta.<\/p>\n<p>Andrej Babi\u0161 tak\u00e9 opakovan\u011b nominoval V\u011bru Jourovou za \u010cR jako eurokomisa\u0159ku. Ta je nyn\u00ed dokonce m\u00edstop\u0159edsedkyn\u00ed Evropsk\u00e9 komise a m\u00e1 \u201ena starosti\u201c \u201eevropsk\u00e9 hodnoty\u201c, k t\u011bm pat\u0159\u00ed mimo jin\u00e9 zaji\u0161t\u011bn\u00ed p\u0159\u00edlivu imigrant\u016f a zaveden\u00ed cenzury pod z\u00e1minkou \u201eboje proti dezinformac\u00edm\u201c. Tento stroj na zni\u010den\u00ed demokracie a evropsk\u00e9 kultury je tedy d\u00edlem Andreje Babi\u0161e, i kdy\u017e se k n\u011bmu te\u010f nehl\u00e1s\u00ed a pr\u00fd s Jourovou nesouhlas\u00ed.<\/p>\n<p>Dal\u0161\u00edm d\u00edlem je m\u00edstop\u0159edsedkyn\u011b Evropsk\u00e9ho parlamentu Dita Charanzov\u00e1 zvolen\u00e1 za ANO, kter\u00e1 pr\u00fd pat\u0159\u00ed k nejvlivn\u011bj\u0161\u00edm politik\u016fm EU. Prosazuje zr\u016fdnosti jako Green deal, sankce, kter\u00e9 se obracej\u00ed proti n\u00e1m, atd.<\/p>\n<p>Tak\u017ee Andrej Babi\u0161 jako opozice?! Toho si vybraly agentury do trojice mo\u017en\u00fdch v\u00edt\u011bz\u016f jako n\u011bkoho, kdo v\u00edt\u011bzem b\u00fdt nem\u016f\u017ee, ale vezme hlasy naivn\u00edch voli\u010d\u016f jedin\u00e9mu oponentovi vl\u00e1dy mezi kandid\u00e1ty Jaroslavu Ba\u0161tovi\u2026<\/p>\n<p><span style=\"font-size: 18pt;\"><strong>3) P\u0159edpoklad t\u0159et\u00ed: Nerudov\u00e1 a Pavel jsou jist\u00fdmi finalisty tak\u00e9 proto, \u017ee si je vybraly agentury, podporuj\u00ed je m\u00e9dia a proti tomu se pr\u00fd stejn\u011b ned\u00e1 nic d\u011blat.<\/strong><\/span><\/p>\n<p>P\u0159edpokl\u00e1d\u00e1 se, \u017ee co voli\u010d, to blbec, kter\u00e9ho nenapadlo, \u017ee dlouho p\u0159edem uve\u0159ejn\u011bn\u00e9 preference nejsou nem\u011bnn\u00e9. Nanejv\u00fd\u0161 pochybn\u00e1 minulost gener\u00e1la Pavla se neutajila a ment\u00e1ln\u00ed slabost profesorky Nerudov\u00e9 se natolik provaluje ka\u017ed\u00fd den, \u017ee se j\u00ed u\u017e vzdala \u0159ada p\u016fvodn\u00edch podporovatel\u016f a soust\u0159edili se na podporu Pavla, aby se nestalo, \u017ee vl\u00e1da nakonec nebude m\u00edt ve fin\u00e1le \u017e\u00e1dn\u00e9 zastoupen\u00ed. Probl\u00e9m je, \u017ee pan\u00ed profesorka Nerudov\u00e1 nev\u00ed, \u017ee nev\u00ed, a tak vypou\u0161t\u00ed v\u00fdroky, z nich\u017e je to jasn\u011b patrno. Jej\u00ed v\u00fdmluvy p\u0159ipom\u00ednaj\u00ed lhan\u00ed \u0161kol\u00e1k\u016f. Gener\u00e1l v \u010dele st\u00e1tu p\u0159ipom\u00edn\u00e1 strukturu vl\u00e1dy po uchopen\u00ed moci vojenskou juntou. P\u0159evl\u00e9kl uniformu a slou\u017e\u00ed d\u00e1l. Pr\u00e1v\u011b takov\u00e9 talenty NATO p\u0159\u00edmo vyhled\u00e1v\u00e1.<\/p>\n<p>Jedin\u00fd z kandid\u00e1t\u016f, kter\u00fd nen\u00ed absolventem p\u0159\u00edpravky nadn\u00e1rodn\u00edch korporac\u00ed Aspen institut, je Jaroslav Ba\u0161ta. Snaha na n\u011bj vyt\u00e1hnout n\u011bco z minulosti selh\u00e1v\u00e1. Proto se m\u00e9dia a aktivist\u00e9 soust\u0159ed\u00ed na tvrzen\u00ed, \u017ee je ohro\u017een\u00edm demokracie. Ozn\u00e1mil toti\u017e, \u017ee by odvolal tuto vl\u00e1du n\u00e1rodn\u00ed zk\u00e1zy. Je to v souladu s \u010d. 62 \u00dastavy, ale pr\u00fd to neodpov\u00edd\u00e1 \u201educhu \u00dastavy\u201c a kdesi \u2013 cosi. Tak\u017ee, kdy\u017e se dareb\u00e1ci proderou k moci, je nutn\u00e9 je tam ponechat cel\u00e9 \u010dty\u0159i roky, aby mohli upevnit moc a zru\u0161it demokracii pomoc\u00ed cenzury a trestat projevy nesouhlasu. To je pr\u00fd jedin\u00e9 spr\u00e1vn\u00e9.<\/p>\n<p>\u017de z\u00edskal Ba\u0161ta takovou podporu v televizn\u00ed diskuzi? To pr\u00fd nic neznamen\u00e1, proto\u017ee nemusel \u010delit du\u0161evn\u00edm gigant\u016fm Nerudov\u00e9 a Pavlovi.<\/p>\n<p><span style=\"font-size: 18pt;\"><strong>V\u011b\u0159te m\u00e9di\u00edm! P\u0159ece by n\u00e1m nelhala!<\/strong><\/span><\/p>\n<p><em>ze s\u00edt\u00ed: Ivan David<\/em><\/p>\n<p>&nbsp;<\/p>\n<p><img decoding=\"async\" loading=\"lazy\" class=\"wp-image-19187 aligncenter\" src=\"http:\/\/www.infokuryr.cz\/n\/wp-content\/uploads\/2022\/12\/1-PRO-300x36.jpg\" alt=\"\" width=\"1283\" height=\"154\" srcset=\"https:\/\/www.infokuryr.cz\/n\/wp-content\/uploads\/2022\/12\/1-PRO-300x36.jpg 300w, https:\/\/www.infokuryr.cz\/n\/wp-content\/uploads\/2022\/12\/1-PRO.jpg 699w\" sizes=\"(max-width: 1283px) 100vw, 1283px\" \/><\/p>\n<p>&nbsp;<\/p>\n","protected":false},"excerpt":{"rendered":"<p>Mnoho budouc\u00edch voli\u010d\u016f si d\u011bl\u00e1 velkou starost, zda Jaroslav Ba\u0161ta, zejm\u00e9na po sv\u00e9m \u00fasp\u011bchu na&#8230;<\/p>\n","protected":false},"author":2,"featured_media":363,"comment_status":"closed","ping_status":"closed","sticky":false,"template":"","format":"standard","meta":[],"categories":[6],"tags":[126,4203,29,165],"_links":{"self":[{"href":"https:\/\/www.infokuryr.cz\/n\/wp-json\/wp\/v2\/posts\/20869"}],"collection":[{"href":"https:\/\/www.infokuryr.cz\/n\/wp-json\/wp\/v2\/posts"}],"about":[{"href":"https:\/\/www.infokuryr.cz\/n\/wp-json\/wp\/v2\/types\/post"}],"author":[{"embeddable":true,"href":"https:\/\/www.infokuryr.cz\/n\/wp-json\/wp\/v2\/users\/2"}],"replies":[{"embeddable":true,"href":"https:\/\/www.infokuryr.cz\/n\/wp-json\/wp\/v2\/comments?post=20869"}],"version-history":[{"count":0,"href":"https:\/\/www.infokuryr.cz\/n\/wp-json\/wp\/v2\/posts\/20869\/revisions"}],"wp:featuredmedia":[{"embeddable":true,"href":"https:\/\/www.infokuryr.cz\/n\/wp-json\/wp\/v2\/media\/363"}],"wp:attachment":[{"href":"https:\/\/www.infokuryr.cz\/n\/wp-json\/wp\/v2\/media?parent=20869"}],"wp:term":[{"taxonomy":"category","embeddable":true,"href":"https:\/\/www.infokuryr.cz\/n\/wp-json\/wp\/v2\/categories?post=20869"},{"taxonomy":"post_tag","embeddable":true,"href":"https:\/\/www.infokuryr.cz\/n\/wp-json\/wp\/v2\/tags?post=20869"}],"curies":[{"name":"wp","href":"https:\/\/api.w.org\/{rel}","templated":true}]}}