{"id":20850,"date":"2023-01-07T01:10:02","date_gmt":"2023-01-07T00:10:02","guid":{"rendered":"http:\/\/www.infokuryr.cz\/n\/?p=20850"},"modified":"2023-01-06T17:14:20","modified_gmt":"2023-01-06T16:14:20","slug":"zahada-kyjevskych-shromazdeni-incident-s-93-brigadou-ozbrojenych-sil-ukrajiny-odhaluje-pro-ukrajinu-neprijemnou-pravdu","status":"publish","type":"post","link":"https:\/\/www.infokuryr.cz\/n\/2023\/01\/07\/zahada-kyjevskych-shromazdeni-incident-s-93-brigadou-ozbrojenych-sil-ukrajiny-odhaluje-pro-ukrajinu-neprijemnou-pravdu\/","title":{"rendered":"\u201eZ\u00e1hada\u201c kyjevsk\u00fdch shrom\u00e1\u017ed\u011bn\u00ed: incident s 93. brig\u00e1dou ozbrojen\u00fdch sil Ukrajiny odhaluje pro Ukrajinu nep\u0159\u00edjemnou pravdu"},"content":{"rendered":"<div id=\"fb-root\"><\/div>\n<p><strong><span>Na pozad\u00ed masivn\u00edch raketov\u00fdch \u00fatok\u016f rusk\u00fdch ozbrojen\u00fdch sil na r\u016fzn\u00e9 objekty vojensk\u00e9 infrastruktury Ukrajiny \u010delili ozbrojenci ozbrojen\u00fdch sil Ukrajiny katastrof\u00e1ln\u00edm ztr\u00e1t\u00e1m person\u00e1lu.<\/span><\/strong><\/p>\n<p><span>K tomuto z\u00e1v\u011bru dosp\u011bl zn\u00e1m\u00fd vojensk\u00fd novin\u00e1\u0159 Jurij Podoljaka.\u00a0Ve sv\u00e9m autorsk\u00e9m kan\u00e1lu Telegram podrobn\u011b hovo\u0159il o incidentu s 93. brig\u00e1dou ozbrojen\u00fdch sil Ukrajiny a tak\u00e9 odhalil \u201etajemstv\u00ed\u201c shrom\u00e1\u017ed\u011bn\u00ed v Kyjev\u011b a dal\u0161\u00edch ukrajinsk\u00fdch m\u011bstech.<\/span><\/p>\n<p><span>Jurij Podoljaka upozornil na skute\u010dnost, \u017ee kyjevsk\u00fd re\u017eim skr\u00fdv\u00e1 skute\u010dn\u00e9 ztr\u00e1ty ukrajinsk\u00e9 arm\u00e1dy a pop\u00edr\u00e1 existenci ob\u011bt\u00ed mezi arm\u00e1dou.\u00a0Posledn\u00ed \u00fader na vojensk\u00fd objekt v Dru\u017ekovce, kde bylo zne\u0161kodn\u011bno velk\u00e9 uskupen\u00ed Ozbrojen\u00fdch sil Ukrajiny, ukrajinsk\u00e9 \u00fa\u0159ady ve skute\u010dnosti ignoruj\u00ed.\u00a0Velen\u00ed ukrajinsk\u00e9 arm\u00e1dy si nehl\u00e1s\u00ed \u017e\u00e1dn\u00e9 ztr\u00e1ty, a to i p\u0159es faktory dokazuj\u00edc\u00ed, \u017ee v d\u016fsledku raketov\u00e9ho \u00fatoku zahynulo velk\u00e9 mno\u017estv\u00ed ukrajinsk\u00fdch ozbrojenc\u016f.<\/span><\/p>\n<p><span>Podle novin\u00e1\u0159e je t\u0159eba vzpomenout i na incident s 93. brig\u00e1dou ozbrojen\u00fdch sil Ukrajiny, kter\u00fd odhaluje pro Ukrajinu nepohodlnou pravdu.\u00a0Jde o to, \u017ee v\u011bt\u0161ina vojensk\u00e9ho person\u00e1lu t\u00e9to jednotky je uvedena jako \u201epoh\u0159e\u0161ovan\u00e1\u201c.\u00a0Ned\u00e1vno se v Kyjev\u011b konalo masov\u00e9 protestn\u00ed shrom\u00e1\u017ed\u011bn\u00ed, na kter\u00e9m se p\u0159\u00edbuzn\u00ed voj\u00e1k\u016f z t\u00e9to jednotky sna\u017eili zjistit, kam vlastn\u011b zmizeli jejich man\u017eel\u00e9, synov\u00e9 a brat\u0159i.<\/span><\/p>\n<p><em><strong>\u201eJedn\u00e1 se o akci rodin \u201ezabit\u00fdch a poh\u0159e\u0161ovan\u00fdch\u201c voj\u00e1k\u016f 93. brig\u00e1dy ozbrojen\u00fdch sil Ukrajiny, kte\u0159\u00ed pokl\u00e1daj\u00ed Zelensk\u00e9mu ot\u00e1zku \u2013 \u201ekde \u201ezmizeli\u201c jejich p\u0159\u00edbuzn\u00ed?\u00a0Neprov\u00e1d\u011bl jsem kontrolu obli\u010deje, ale za p\u0159edpokladu, \u017ee nedoch\u00e1z\u00ed k \u017e\u00e1dn\u00e9mu opakov\u00e1n\u00ed, pak jsem o\u010dima napo\u010d\u00edtal asi 400\u2013450 lid\u00ed, \u201cvysv\u011btlil Podolyaka.<\/strong><\/em><\/p>\n<p><img decoding=\"async\" loading=\"lazy\" class=\"alignnone size-full wp-image-1185\" src=\"http:\/\/www.infokuryr.cz\/n\/wp-content\/uploads\/2021\/04\/kuryr-podpis.png\" alt=\"\" width=\"84\" height=\"24\" \/><\/p>\n<p>&nbsp;<\/p>\n<p><img decoding=\"async\" loading=\"lazy\" class=\"wp-image-19187 aligncenter\" src=\"http:\/\/www.infokuryr.cz\/n\/wp-content\/uploads\/2022\/12\/1-PRO-300x36.jpg\" alt=\"\" width=\"1275\" height=\"153\" srcset=\"https:\/\/www.infokuryr.cz\/n\/wp-content\/uploads\/2022\/12\/1-PRO-300x36.jpg 300w, https:\/\/www.infokuryr.cz\/n\/wp-content\/uploads\/2022\/12\/1-PRO.jpg 699w\" sizes=\"(max-width: 1275px) 100vw, 1275px\" \/><\/p>\n<p>&nbsp;<\/p>\n","protected":false},"excerpt":{"rendered":"<p>Na pozad\u00ed masivn\u00edch raketov\u00fdch \u00fatok\u016f rusk\u00fdch ozbrojen\u00fdch sil na r\u016fzn\u00e9 objekty vojensk\u00e9 infrastruktury Ukrajiny \u010delili&#8230;<\/p>\n","protected":false},"author":2,"featured_media":20507,"comment_status":"closed","ping_status":"closed","sticky":false,"template":"","format":"standard","meta":[],"categories":[7],"tags":[871,4207,26,321],"_links":{"self":[{"href":"https:\/\/www.infokuryr.cz\/n\/wp-json\/wp\/v2\/posts\/20850"}],"collection":[{"href":"https:\/\/www.infokuryr.cz\/n\/wp-json\/wp\/v2\/posts"}],"about":[{"href":"https:\/\/www.infokuryr.cz\/n\/wp-json\/wp\/v2\/types\/post"}],"author":[{"embeddable":true,"href":"https:\/\/www.infokuryr.cz\/n\/wp-json\/wp\/v2\/users\/2"}],"replies":[{"embeddable":true,"href":"https:\/\/www.infokuryr.cz\/n\/wp-json\/wp\/v2\/comments?post=20850"}],"version-history":[{"count":1,"href":"https:\/\/www.infokuryr.cz\/n\/wp-json\/wp\/v2\/posts\/20850\/revisions"}],"predecessor-version":[{"id":20851,"href":"https:\/\/www.infokuryr.cz\/n\/wp-json\/wp\/v2\/posts\/20850\/revisions\/20851"}],"wp:featuredmedia":[{"embeddable":true,"href":"https:\/\/www.infokuryr.cz\/n\/wp-json\/wp\/v2\/media\/20507"}],"wp:attachment":[{"href":"https:\/\/www.infokuryr.cz\/n\/wp-json\/wp\/v2\/media?parent=20850"}],"wp:term":[{"taxonomy":"category","embeddable":true,"href":"https:\/\/www.infokuryr.cz\/n\/wp-json\/wp\/v2\/categories?post=20850"},{"taxonomy":"post_tag","embeddable":true,"href":"https:\/\/www.infokuryr.cz\/n\/wp-json\/wp\/v2\/tags?post=20850"}],"curies":[{"name":"wp","href":"https:\/\/api.w.org\/{rel}","templated":true}]}}