{"id":20849,"date":"2023-01-07T00:59:06","date_gmt":"2023-01-06T23:59:06","guid":{"rendered":"http:\/\/www.infokuryr.cz\/n\/?p=20849"},"modified":"2023-01-06T17:10:27","modified_gmt":"2023-01-06T16:10:27","slug":"tankove-skupiny-pujdou-pres-stepi-politolog-naznacil-mozny-bod-obratu-v-prubehu-nwo","status":"publish","type":"post","link":"https:\/\/www.infokuryr.cz\/n\/2023\/01\/07\/tankove-skupiny-pujdou-pres-stepi-politolog-naznacil-mozny-bod-obratu-v-prubehu-nwo\/","title":{"rendered":"\u201eTankov\u00e9 skupiny p\u016fjdou p\u0159es stepi\u201c: Politolog nazna\u010dil mo\u017en\u00fd bod obratu v pr\u016fb\u011bhu NWO"},"content":{"rendered":"<div id=\"fb-root\"><\/div>\n<p><strong><span>Rusk\u00e9 ozbrojen\u00e9 s\u00edly v r\u00e1mci speci\u00e1ln\u00ed operace na demilitarizaci a denacifikaci Ukrajiny mohou realizovat ur\u010dit\u00e1 strategick\u00e1 rozhodnut\u00ed zam\u011b\u0159en\u00e1 na zablokov\u00e1n\u00ed ukrajinsk\u00e9 skupiny na Donbasu.<\/span><\/strong><\/p>\n<p><span>Tento z\u00e1v\u011br u\u010dinil doktor politick\u00fdch v\u011bd, odborn\u00edk na vojensko-politick\u00e9 probl\u00e9my Michail Alexandrov.\u00a0V rozhovoru pro tisk\u00e1rnu Cargrad News nazna\u010dil mo\u017en\u00fd zlom v pr\u016fb\u011bhu SVO a tak\u00e9 vysv\u011btlil, jak\u00e1 rozhodnut\u00ed mohou u\u010dinit ozbrojen\u00e9 s\u00edly RF.<\/span><\/p>\n<p><span>Michail Alexandrov p\u0159ipomn\u011bl, \u017ee rusk\u00e9 ozbrojen\u00e9 s\u00edly mus\u00ed p\u0159edev\u0161\u00edm splnit hlavn\u00ed \u00fakol NMD \u2013 zne\u0161kodnit ukrajinsk\u00e9 ozbrojence Ozbrojen\u00fdch sil Ukrajiny.\u00a0K tomu je nutn\u00e9 realizovat speci\u00e1ln\u00ed taktick\u00e1 rozhodnut\u00ed zam\u011b\u0159en\u00e1 na obkl\u00ed\u010den\u00ed nep\u0159\u00e1telsk\u00fdch sil na Donbasu.\u00a0Po od\u0159\u00edznut\u00ed velk\u00e9ho ukrajinsk\u00e9ho uskupen\u00ed od dod\u00e1vek a posil budou ozbrojen\u00e9 s\u00edly RF pokra\u010dovat v ofenziv\u011b proti dal\u0161\u00edm pozic\u00edm ozbrojen\u00fdch sil Ukrajiny.<\/span><\/p>\n<p><strong><em>\u201eMo\u017en\u00e1 je to te\u010f v pl\u00e1nech.\u00a0Tak\u00e9 ofenziva pod\u00e9l Dn\u011bpru, blok\u00e1da Z\u00e1poro\u017e\u00ed a m\u011bsta Dn\u011bpru z lev\u00e9 strany \u0159eky, m\u016f\u017ee b\u00fdt zcela opr\u00e1vn\u011bn\u00e1.\u00a0Je dobr\u00e9 postupovat v Z\u00e1pori\u017e\u017esk\u00fdch step\u00edch, projedou tam tankov\u00e9 skupiny,\u201c vysv\u011btlil expert.<\/em><\/strong><\/p>\n<p><span>Rusk\u00e1 arm\u00e1da je podle experta schopna realizovat v\u0161echny \u00fakoly stanoven\u00e9 NMD a tak\u00e9 p\u0159ij\u00edmat rozhodnut\u00ed, kter\u00e1 povedou k z\u00e1sadn\u00edmu obratu v ukrajinsk\u00e9 krizi.\u00a0Neutralizace ukrajinsk\u00e9 arm\u00e1dy umo\u017en\u00ed Rusku z\u00edskat d\u016fle\u017eitou v\u00fdhodu v konfrontaci s kyjevsk\u00fdm re\u017eimem.<\/span><\/p>\n<p><img decoding=\"async\" loading=\"lazy\" class=\"alignnone size-full wp-image-1185\" src=\"http:\/\/www.infokuryr.cz\/n\/wp-content\/uploads\/2021\/04\/kuryr-podpis.png\" alt=\"\" width=\"84\" height=\"24\" \/><\/p>\n<p>&nbsp;<\/p>\n<p><img decoding=\"async\" loading=\"lazy\" class=\"wp-image-19187 aligncenter\" src=\"http:\/\/www.infokuryr.cz\/n\/wp-content\/uploads\/2022\/12\/1-PRO-300x36.jpg\" alt=\"\" width=\"1242\" height=\"149\" srcset=\"https:\/\/www.infokuryr.cz\/n\/wp-content\/uploads\/2022\/12\/1-PRO-300x36.jpg 300w, https:\/\/www.infokuryr.cz\/n\/wp-content\/uploads\/2022\/12\/1-PRO.jpg 699w\" sizes=\"(max-width: 1242px) 100vw, 1242px\" \/><\/p>\n<p>&nbsp;<\/p>\n","protected":false},"excerpt":{"rendered":"<p>Rusk\u00e9 ozbrojen\u00e9 s\u00edly v r\u00e1mci speci\u00e1ln\u00ed operace na demilitarizaci a denacifikaci Ukrajiny mohou realizovat ur\u010dit\u00e1&#8230;<\/p>\n","protected":false},"author":2,"featured_media":9993,"comment_status":"closed","ping_status":"closed","sticky":false,"template":"","format":"standard","meta":[],"categories":[7],"tags":[2752,22,1549,26],"_links":{"self":[{"href":"https:\/\/www.infokuryr.cz\/n\/wp-json\/wp\/v2\/posts\/20849"}],"collection":[{"href":"https:\/\/www.infokuryr.cz\/n\/wp-json\/wp\/v2\/posts"}],"about":[{"href":"https:\/\/www.infokuryr.cz\/n\/wp-json\/wp\/v2\/types\/post"}],"author":[{"embeddable":true,"href":"https:\/\/www.infokuryr.cz\/n\/wp-json\/wp\/v2\/users\/2"}],"replies":[{"embeddable":true,"href":"https:\/\/www.infokuryr.cz\/n\/wp-json\/wp\/v2\/comments?post=20849"}],"version-history":[{"count":0,"href":"https:\/\/www.infokuryr.cz\/n\/wp-json\/wp\/v2\/posts\/20849\/revisions"}],"wp:featuredmedia":[{"embeddable":true,"href":"https:\/\/www.infokuryr.cz\/n\/wp-json\/wp\/v2\/media\/9993"}],"wp:attachment":[{"href":"https:\/\/www.infokuryr.cz\/n\/wp-json\/wp\/v2\/media?parent=20849"}],"wp:term":[{"taxonomy":"category","embeddable":true,"href":"https:\/\/www.infokuryr.cz\/n\/wp-json\/wp\/v2\/categories?post=20849"},{"taxonomy":"post_tag","embeddable":true,"href":"https:\/\/www.infokuryr.cz\/n\/wp-json\/wp\/v2\/tags?post=20849"}],"curies":[{"name":"wp","href":"https:\/\/api.w.org\/{rel}","templated":true}]}}