{"id":20831,"date":"2023-01-06T11:51:39","date_gmt":"2023-01-06T10:51:39","guid":{"rendered":"http:\/\/www.infokuryr.cz\/n\/?p=20831"},"modified":"2023-01-06T11:51:39","modified_gmt":"2023-01-06T10:51:39","slug":"sef-ukrajinske-rozvedky-predpovida-dalsi-utoky-hluboko-v-rusku","status":"publish","type":"post","link":"https:\/\/www.infokuryr.cz\/n\/2023\/01\/06\/sef-ukrajinske-rozvedky-predpovida-dalsi-utoky-hluboko-v-rusku\/","title":{"rendered":"\u0160\u00e9f ukrajinsk\u00e9 rozv\u011bdky p\u0159edpov\u00edd\u00e1 dal\u0161\u00ed \u00fatoky hluboko v Rusku"},"content":{"rendered":"<div id=\"fb-root\"><\/div>\n<div class=\"elementor-element elementor-element-1fb4c2c elementor-widget elementor-widget-theme-post-content\" data-id=\"1fb4c2c\" data-element_type=\"widget\" data-widget_type=\"theme-post-content.default\">\n<div class=\"elementor-widget-container\">\n<p><strong>Kyrylo Budanov v\u011b\u0159\u00ed, \u017ee Ukronacist\u00e9 mohou z\u00edskat zp\u011bt Krym a Donbas.<\/strong><\/p>\n<p><span>Kyrylo Budanov, \u0161\u00e9f ukrajinsk\u00e9 vojensk\u00e9 rozv\u011bdky, \u0159ekl v\u00e1le\u010dn\u00e9mu propagandistick\u00e9mu kan\u00e1lu ABC News, \u017ee po \u00fatoku 26. prosince na leteckou z\u00e1kladnu Engels, v\u00edce ne\u017e 800 mil od hranic, budou dal\u0161\u00ed \u00fatoky hluboce zasahovat do Ruska.\u00a0Budanov odm\u00edtl komentovat, zda je za \u00fatoky odpov\u011bdn\u00e1 Ukrajina.\u00a0Dodal, \u017ee Ukrajina p\u0159evezme odpov\u011bdnost za \u00fatoky pot\u00e9, co vyhraje v\u00e1lku a z\u00edsk\u00e1 zp\u011bt sv\u00e9 \u201eanektovan\u00e9\u201c \u00fazem\u00ed.<\/span><\/p>\n<p><span>Je mo\u017en\u00e9, \u017ee Budanov bude zajat a p\u0159evezen do Ruska, kde bude \u010delit tribun\u00e1lu pro v\u00e1le\u010dn\u00e9 zlo\u010diny, pokud nebude poh\u0159ben zohavenou mrtvolu pod oho\u0159el\u00fdmi troskami zni\u010den\u00e9ho ministerstva obrany na ulici Povitroflotskyi 6 v Kyjev\u011b.<\/span><\/p>\n<p><span>Budanov si namlouval, \u017ee Ukronacist\u00e9 jsou schopni dob\u00fdt zp\u011bt Krym a oblasti Don\u011bck, Charkov, Cherson, Luhansk, Mykolajiv a Z\u00e1poro\u017e\u00ed.<\/span><\/p>\n<p><strong><em>A na dotaz ohledn\u011b \u00fatok\u016f na Krym, kter\u00fd Rusko v roce 2014 nez\u00e1konn\u011b anektovalo, Budanov \u0159ekl: &#8222;Krym je ukrajinsk\u00e9 \u00fazem\u00ed, na na\u0161em \u00fazem\u00ed m\u016f\u017eeme pou\u017e\u00edt jakoukoliv zbra\u0148.&#8220;<\/em><\/strong><\/p>\n<p><span>Nezm\u00edn\u011bn\u00e1 je skute\u010dnost, \u017ee v\u011bt\u0161ina etnick\u00fdch Rus\u016f v t\u011bchto oblastech hlasovala pro odchod ze zkorumpovan\u00e9ho a chudobou posti\u017een\u00e9ho ukrajinsk\u00e9ho st\u00e1tu pot\u00e9, co dal jasn\u011b najevo \u2013 nejdramati\u010dt\u011bji po p\u0159evratu na Majdanu \u2013 \u017ee pl\u00e1nuje vyst\u011bhovat v\u0161echny Rusy etnicky vy\u010di\u0161t\u011bn\u00e9 a nahnan\u00e9 do koncentrace. t\u00e1borech, uvedl ukrajinsk\u00fd zpravodajsk\u00fd web.<\/span><\/p>\n<p><span>Mo\u017en\u00e1 s t\u00edm mohou pomoci Britov\u00e9, kte\u0159\u00ed byli pr\u016fkopn\u00edky z\u0159izov\u00e1n\u00ed smrt\u00edc\u00edch koncentra\u010dn\u00edch t\u00e1bor\u016f, kter\u00e9 m\u011bly za n\u00e1sledek smrt tis\u00edc\u016f (v\u011bt\u0161inou \u017een a d\u011bt\u00ed) b\u011bhem b\u00farsk\u00e9 v\u00e1lky v Ji\u017en\u00ed Africe.<\/span><\/p>\n<p><span>Nev\u00edm, jestli ukrajinsk\u00e9 koncentra\u010dn\u00ed t\u00e1bory skute\u010dn\u011b existuj\u00ed.\u00a0Nen\u00ed v\u0161ak tajemstv\u00edm, \u017ee pop\u0159evratov\u00e1 kyjevsk\u00e1 vl\u00e1da nechov\u00e1 nic jin\u00e9ho ne\u017e jedovat\u00e9 nep\u0159\u00e1telstv\u00ed v\u016f\u010di etnick\u00fdm Rus\u016fm, rusk\u00e9mu jazyku (kter\u00fdm mluv\u00ed polovina zem\u011b), rusk\u00e9 kultu\u0159e a dokonce i rusk\u00e9 pravoslavn\u00e9 c\u00edrkvi.<\/span><\/p>\n<p><span>Kr\u00e1tce po americk\u00e9m vl\u00e1dn\u00edm p\u0159evratu v Kyjev\u011b vyzval premi\u00e9r Arsenij Jace\u0148uk, kter\u00e9ho vybrala Victoria Nuland a americk\u00fd velvyslanec Geoffrey Pyatt, k \u201evyhlazen\u00ed\u201c \u201ebezprs\u00fdch\u201c (etnick\u00fdch Rus\u016f) a \u201eo\u010di\u0161t\u011bn\u00ed na\u0161\u00ed zem\u011b od zla\u201c, jin\u00fdmi slovy, etnick\u00e9 \u010distky.<\/span><\/p>\n<p><span>Ale neberte m\u011b za slovo.\u00a0P\u0159e\u010dt\u011bte si \u201e\u00a0<\/span><a href=\"https:\/\/www.voltairenet.org\/IMG\/pdf\/White_Book_Voltaire_Network_-2.pdf\" data-type=\"URL\" data-id=\"https:\/\/www.voltairenet.org\/IMG\/pdf\/White_Book_Voltaire_Network_-2.pdf\"><span>B\u00edlou knihu: o poru\u0161ov\u00e1n\u00ed lidsk\u00fdch pr\u00e1v a pr\u00e1vn\u00edho st\u00e1tu na Ukrajin\u011b<\/span><\/a><span>\u00a0\u201c.<\/span><\/p>\n<p><span>Dokument obsahuje d\u016fkazy o opakovan\u00e9m a z\u00e1va\u017en\u00e9m poru\u0161ov\u00e1n\u00ed V\u0161eobecn\u00e9 deklarace lidsk\u00fdch pr\u00e1v (1948), \u00damluvy o ochran\u011b lidsk\u00fdch pr\u00e1v a z\u00e1kladn\u00edch svobod (1950), Mezin\u00e1rodn\u00edho paktu o ob\u010dansk\u00fdch a politick\u00fdch pr\u00e1vech (1966) a R\u00e1mcov\u00e9 \u00famluvy pro ochranu n\u00e1rodnostn\u00edch men\u0161in (1995).<\/span><\/p>\n<p><span>The Washington Post (kl\u00ed\u010dov\u00fd propagandistick\u00fd akt\u00e9r, operace CIA Mockingbird) trv\u00e1 na tom, \u017ee Ukrajina je demokraci\u00ed.\u00a0Jak ukazuje v\u00fd\u0161e uveden\u00fd dokument, \u201edemokrati\u010dt\u00ed\u201c Ukronacist\u00e9 obt\u011b\u017eovali, ml\u00e1tili, unesli, mu\u010dili a zab\u00edjeli novin\u00e1\u0159e a aktivisty, kte\u0159\u00ed byli proti ukrajinsk\u00e9mu p\u0159evratu podporovan\u00e9mu americkou vl\u00e1dou s c\u00edlem svrhnout zvolen\u00e9ho prezidenta Viktora Janukovy\u010de v roce 2014.<\/span><\/p>\n<p><strong><em>Ukrajina vykazuje mnoho aspekt\u016f demokracie.\u00a0Prezident, kter\u00fd je hlavou st\u00e1tu a vrchn\u00edm velitelem, je zvolen lidov\u00fdm hlasov\u00e1n\u00edm.\u00a0V z\u00e1konod\u00e1rn\u00e9m sboru se m\u00eds\u00ed individu\u00e1ln\u00ed a pom\u011brn\u00e9 zastoupen\u00ed.\u00a0P\u0159edseda vl\u00e1dy je volen v\u011bt\u0161inou z\u00e1konod\u00e1rn\u00e9ho sboru a je p\u0159edsedou vl\u00e1dy.\u00a0Nejvy\u0161\u0161\u00ed soud jmenuje prezident na n\u00e1vrh Nejvy\u0161\u0161\u00ed rady soudnictv\u00ed.<\/em><\/strong><\/p>\n<p><span>Jak je mo\u017en\u00e9, \u017ee n\u00e1siln\u00e9 svr\u017een\u00ed zvolen\u00e9 vl\u00e1dy, postaven\u00ed mimo z\u00e1kon a pron\u00e1sledov\u00e1n\u00ed politick\u00e9 opozice, redukce rusky mluv\u00edc\u00edch ob\u010dan\u016f na druho\u0159ad\u00e9 ob\u010danstv\u00ed, z\u00e1kaz n\u00e1bo\u017eensk\u00e9 svobody a \u010detn\u00e9 v\u00e1le\u010dn\u00e9 zlo\u010diny proti civilist\u016fm a v\u00e1le\u010dn\u00fdm zajatc\u016fm lze nazvat demokraci\u00ed?<\/span><\/p>\n<p><span>Apologeti Ukronazi v americk\u00fdch vl\u00e1dn\u00edch propagandistick\u00fdch m\u00e9di\u00edch, kte\u0159\u00ed se ozna\u010duj\u00ed za profesion\u00e1ln\u00ed novin\u00e1\u0159e, tvrd\u00ed, \u017ee Ukrajina zavedla stann\u00e9 pr\u00e1vo v reakci na rusk\u00e9 SMO, \u010d\u00edm\u017e prakticky pozastavila demokracii, dokud v\u00e1lka neskon\u010d\u00ed a Ukrajina nezv\u00edt\u011bz\u00ed.<\/span><\/p>\n<p><span>N\u011bkte\u0159\u00ed \u0159\u00edkaj\u00ed, \u017ee Ukronacist\u00e9 jednali roky p\u0159edt\u00edm, ne\u017e se Rusov\u00e9 rozhodli napadnout Ukrajinu a odzbrojit Ukronacisty.\u00a0Pro m\u00e9dia st\u00e1tn\u00ed propagandy st\u00e1tn\u00ed bezpe\u010dnosti vl\u00e1dy USA jsou historick\u00e1 fakta z\u00e1ke\u0159nou dezinformac\u00ed propagovanou Putinem, nov\u00fdm Hitlerem, a pokud v\u011b\u0159\u00edte n\u011b\u010demu, co poch\u00e1z\u00ed z Ruska, jste rusk\u00fd hlup\u00e1k, n\u00e1rodn\u00ed bezpe\u010dnostn\u00ed hrozba pro americkou vl\u00e1du. Tucker Carlson z\u0159ejm\u011b ano, proto\u017ee se odv\u00e1\u017eil mluvit pravdu o Ukrajin\u011b.<\/span><\/p>\n<p><span>Jak jsem pouk\u00e1zal ve Smrt\u00edc\u00ed \u201estrategii nap\u011bt\u00ed\u201c CIA k zni\u010den\u00ed Ruska, americk\u00e1 vl\u00e1da nem\u00e1 \u017e\u00e1dn\u00fd z\u00e1jem na prosazov\u00e1n\u00ed demokracie ve zkorumpovan\u00e9 pekeln\u00e9 d\u00ed\u0159e, kterou provozuj\u00ed ukrajinsk\u00ed terorist\u00e9 a oligarchov\u00e9.\u00a0Tohle je dobr\u00e9 PR, z\u00e1minka k eskalaci v\u00e1lky.<\/span><\/p>\n<p><span>Hlavn\u00edm c\u00edlem je \u201eoslabit\u201c Rusko, svrhnout jeho vl\u00e1du a, jak po\u017eadoval \u0161\u00edlen\u00fd v\u00e1le\u010dn\u00fd \u0161tv\u00e1\u010d Lindsay Graham, zavra\u017edit Vladimira Putina.<\/span><\/p>\n<p><span>Americk\u00e1 vl\u00e1da a jej\u00ed CIA str\u00e1vily des\u00edtky let p\u0159\u00edpravou Ukrajiny na to, aby se stala p\u0159edn\u00ed lini\u00ed ve v\u00e1lce za odstran\u011bn\u00ed Ruska a jeho zvolen\u00e9ho v\u016fdce.\u00a0To je norm\u00e1ln\u00ed chov\u00e1n\u00ed americk\u00e9 vl\u00e1dy a jej\u00edch psychopatick\u00fdch \u00fa\u0159edn\u00edk\u016f.<\/span><\/p>\n<p><span>Kyrylo Budanov v\u00ed, \u017ee Ukrajina nen\u00ed schopna samohybn\u00fdch \u00fatok\u016f uvnit\u0159 Ruska, stovky kilometr\u016f od hranic.\u00a0V\u00ed, \u017ee tyto \u00fatoky jsou d\u00edlem vl\u00e1dy USA, jej\u00ed CIA (kter\u00e1 je v zemi des\u00edtky let), speci\u00e1ln\u00edch jednotek Pentagonu, britsk\u00fdch zpravodajsk\u00fdch slu\u017eeb a soukrom\u00fdch \u017eold\u00e1ck\u00fdch spole\u010dnost\u00ed odpov\u011bdn\u00fdch za tolik smrti a ne\u0161t\u011bst\u00ed v Ir\u00e1ku a Afgh\u00e1nist\u00e1nu.<\/span><\/p>\n<p><span>Po \u00fatoku na Makivku, kter\u00fd zabil nezn\u00e1m\u00fd po\u010det rusk\u00fdch voj\u00e1k\u016f, si m\u016f\u017eeme b\u00fdt jisti, \u017ee Putin a jeho gener\u00e1lov\u00e9 urychl\u00ed svou pl\u00e1novanou zimn\u00ed ofenz\u00edvu, aby kone\u010dn\u011b zbavili doutnaj\u00edc\u00ed zadek posledn\u00edch neonacist\u016f.\u00a0Rusk\u00fd lid to po\u017eaduje a trest\u00e1 arm\u00e1du, kter\u00e1 ohrozila jejich voj\u00e1ky.<\/span><\/p>\n<p><span>V\u00e1lka v\u0161ak zdaleka nekon\u010d\u00ed.\u00a0Americk\u00e1 vl\u00e1da se p\u0159ipravila na partyz\u00e1nskou v\u00e1lku proti rusk\u00e9 \u201eokupaci\u201c Krymu a Donbasu a pl\u00e1nuje exilovou vl\u00e1du.\u00a0Zelenskyj, pokud je st\u00e1le na\u017eivu, se tak m\u016f\u017ee st\u00e1t nov\u00fdm Juanem Guaid\u00f3, vyhl\u00e1\u0161en\u00fdm prezidentem Venezuely americkou vl\u00e1dou, i kdyby si Venezuelan\u00e9 vybrali n\u011bkoho jin\u00e9ho.<\/span><\/p>\n<p><span>Guaid\u00f3 byl nakonec hozen p\u0159ed autobus.\u00a0Takov\u00fd bude tak\u00e9 osud Zelensk\u00e9ho nebo toho, kdo se prohl\u00e1s\u00ed za v\u016fdce zhroucen\u00e9ho a zdevastovan\u00e9ho ukrajinsk\u00e9ho st\u00e1tu.<\/span><\/p>\n<\/div>\n<\/div>\n<div class=\"elementor-element elementor-element-8c57238 quelle dc-has-condition dc-condition-empty elementor-widget elementor-widget-heading\" data-id=\"8c57238\" data-element_type=\"widget\" data-widget_type=\"heading.default\">\n<div class=\"elementor-widget-container\">\n<h3 class=\"elementor-heading-title elementor-size-default\"><span style=\"font-size: 8pt;\"><a href=\"https:\/\/kurtnimmo.substack.com\/p\/ukraines-intelligence-boss-predicts?utm_source=post-email-title&amp;publication_id=312109&amp;post_id=94697722&amp;isFreemail=true&amp;utm_medium=email\" target=\"_blank\" rel=\"nofollow noopener\">ZDROJ<\/a><\/span><\/h3>\n<\/div>\n<\/div>\n<p>&nbsp;<\/p>\n<p><img decoding=\"async\" loading=\"lazy\" class=\"wp-image-19187 aligncenter\" src=\"http:\/\/www.infokuryr.cz\/n\/wp-content\/uploads\/2022\/12\/1-PRO-300x36.jpg\" alt=\"\" width=\"1233\" height=\"148\" srcset=\"https:\/\/www.infokuryr.cz\/n\/wp-content\/uploads\/2022\/12\/1-PRO-300x36.jpg 300w, https:\/\/www.infokuryr.cz\/n\/wp-content\/uploads\/2022\/12\/1-PRO.jpg 699w\" sizes=\"(max-width: 1233px) 100vw, 1233px\" \/><\/p>\n<p>&nbsp;<\/p>\n","protected":false},"excerpt":{"rendered":"<p>Kyrylo Budanov v\u011b\u0159\u00ed, \u017ee Ukronacist\u00e9 mohou z\u00edskat zp\u011bt Krym a Donbas. Kyrylo Budanov, \u0161\u00e9f ukrajinsk\u00e9&#8230;<\/p>\n","protected":false},"author":2,"featured_media":20832,"comment_status":"closed","ping_status":"closed","sticky":false,"template":"","format":"standard","meta":[],"categories":[7],"tags":[220,664,22,26],"_links":{"self":[{"href":"https:\/\/www.infokuryr.cz\/n\/wp-json\/wp\/v2\/posts\/20831"}],"collection":[{"href":"https:\/\/www.infokuryr.cz\/n\/wp-json\/wp\/v2\/posts"}],"about":[{"href":"https:\/\/www.infokuryr.cz\/n\/wp-json\/wp\/v2\/types\/post"}],"author":[{"embeddable":true,"href":"https:\/\/www.infokuryr.cz\/n\/wp-json\/wp\/v2\/users\/2"}],"replies":[{"embeddable":true,"href":"https:\/\/www.infokuryr.cz\/n\/wp-json\/wp\/v2\/comments?post=20831"}],"version-history":[{"count":0,"href":"https:\/\/www.infokuryr.cz\/n\/wp-json\/wp\/v2\/posts\/20831\/revisions"}],"wp:featuredmedia":[{"embeddable":true,"href":"https:\/\/www.infokuryr.cz\/n\/wp-json\/wp\/v2\/media\/20832"}],"wp:attachment":[{"href":"https:\/\/www.infokuryr.cz\/n\/wp-json\/wp\/v2\/media?parent=20831"}],"wp:term":[{"taxonomy":"category","embeddable":true,"href":"https:\/\/www.infokuryr.cz\/n\/wp-json\/wp\/v2\/categories?post=20831"},{"taxonomy":"post_tag","embeddable":true,"href":"https:\/\/www.infokuryr.cz\/n\/wp-json\/wp\/v2\/tags?post=20831"}],"curies":[{"name":"wp","href":"https:\/\/api.w.org\/{rel}","templated":true}]}}