{"id":20830,"date":"2023-01-06T11:49:32","date_gmt":"2023-01-06T10:49:32","guid":{"rendered":"http:\/\/www.infokuryr.cz\/n\/?p=20830"},"modified":"2023-01-06T11:49:32","modified_gmt":"2023-01-06T10:49:32","slug":"lula-da-silva-zrizuje-v-brazilii-ministerstvo-pravdy-ktere-ma-pronasledovat-odpurce","status":"publish","type":"post","link":"https:\/\/www.infokuryr.cz\/n\/2023\/01\/06\/lula-da-silva-zrizuje-v-brazilii-ministerstvo-pravdy-ktere-ma-pronasledovat-odpurce\/","title":{"rendered":"Lula da Silva z\u0159izuje v Braz\u00edlii \u201eministerstvo pravdy\u201c, kter\u00e9 m\u00e1 pron\u00e1sledovat odp\u016frce"},"content":{"rendered":"<div id=\"fb-root\"><\/div>\n<div class=\"elementor-element elementor-element-1fb4c2c elementor-widget elementor-widget-theme-post-content\" data-id=\"1fb4c2c\" data-element_type=\"widget\" data-widget_type=\"theme-post-content.default\">\n<div class=\"elementor-widget-container\">\n<p><span style=\"font-size: 18pt;\"><strong>Ned\u00e1vno inaugurovan\u00fd prezident neztr\u00e1cel \u010das p\u0159i vytv\u00e1\u0159en\u00ed mechanismu pro st\u00edh\u00e1n\u00ed pravicov\u00fdch aktivist\u016f hodn\u00fdch knihy George Orwella 1984.\u00a0Braz\u00edlie brzy upadne do diktatury.<\/strong><\/span><\/p>\n<p><span>B\u00fdval\u00fd trestanec Lula da Silva, mnoh\u00fdmi spr\u00e1vn\u011b \u010di nepr\u00e1vem p\u0159ezd\u00edvan\u00fd jako \u201esou\u010dasn\u00fd nelegitimn\u00ed prezident\u201c, vytvo\u0159il 1. ledna dekret o \u0159ad\u011b st\u00e1tn\u00edch \u00fa\u0159ad\u016f, kter\u00e9 maj\u00ed st\u00edhat, trestat a zat\u00fdkat kritiky nov\u00e9 vl\u00e1dy.<\/span><\/p>\n<p><span>Dekret \u010d. 11.328 z\u0159izuje v \u010dl\u00e1nku 47 nov\u00fd \u00da\u0159ad prokuratury Unie na obranu demokracie v r\u00e1mci gener\u00e1ln\u00edho prokur\u00e1tora Unie (AGU).<\/span><\/p>\n<p><span>Krom\u011b toho \u010dl\u00e1nek 24 dekretu \u010d. 11.362 z\u0159izuje odbor pro podporu svobody projevu v r\u00e1mci Sekretari\u00e1tu pro soci\u00e1ln\u00ed komunikace (Secom) Prezidia republiky.<\/span><\/p>\n<p><span>PT pr\u00e1v\u011b p\u0159evzala moc a u\u017e se sna\u017e\u00ed prom\u011bnit Braz\u00edlii v rom\u00e1n George Orwella 1984 vytvo\u0159en\u00edm \u201eMinisterstva pravdy\u201c, aby uml\u010delo pravicovou opozici.<\/span><\/p>\n<p><span>N\u00e1rodn\u00ed advok\u00e1t Unie na obranu demokracie bude org\u00e1nem, kter\u00fd bude m\u00edt za \u00fakol udr\u017eovat opozici online.<\/span><\/p>\n<p><span>Bude m\u00edt z\u00e1konnou pravomoc st\u00edhat ty, kdo \u0161\u00ed\u0159\u00ed \u201edezinformace o ve\u0159ejn\u00fdch politik\u00e1ch\u201c, a to jak na soci\u00e1ln\u00edch s\u00edt\u00edch, tak v m\u00e9di\u00edch.<\/span><\/p>\n<p><span>Podle dokumentu m\u016f\u017ee tato gener\u00e1ln\u00ed prokuratura mimo jin\u00e9 \u201ezastupovat Unii p\u0159ed soudem i mimo n\u011bj v soudn\u00edch a reaktivn\u00edch \u0159\u00edzen\u00edch a tak\u00e9 p\u0159i konfrontaci s dezinformacemi o ve\u0159ejn\u00fdch politik\u00e1ch\u201c.<\/span><\/p>\n<p><span style=\"font-size: 18pt;\"><strong>To je opravdu d\u011bsiv\u00e9.<\/strong><\/span><\/p>\n<p><span>Dokument nevysv\u011btluje, jak\u00e1 krit\u00e9ria budou pou\u017eita k definov\u00e1n\u00ed toho, co p\u0159edstavuje legitimn\u00ed informace nebo \u201efale\u0161n\u00e9 zpr\u00e1vy\u201c.<\/span><\/p>\n<p><span>Z\u00e1rove\u0148 neup\u0159es\u0148uje, jak bude vypadat nov\u00e1 struktura st\u00e1tn\u00edho zastupitelstv\u00ed a jakou metodikou bude sledov\u00e1n fakt, umo\u017e\u0148uj\u00edc\u00ed zneu\u017eit\u00ed pravomoci a cenzura ze strany \u00fa\u0159ad\u016f.<\/span><\/p>\n<p><span>Nov\u00fd gener\u00e1ln\u00ed prokur\u00e1tor Unie, Jorge Messias, p\u0159i sv\u00e9 inauguraci varoval, \u017ee \u201e\u00fatoky na \u00fa\u0159ady, kter\u00fdch jsme byli sv\u011bdky v posledn\u00edch letech, ji\u017e nebudou tolerov\u00e1ny\u201c, zjevn\u011b s odkazem na jednoduch\u00e9 \u00fatoky, nikoli fyzickou kritiku jeho postav.<\/span><\/p>\n<p><span>Jde o sou\u010d\u00e1st fale\u0161n\u00e9ho narativu vytvo\u0159en\u00e9ho levic\u00ed a m\u00e9dii sp\u0159\u00edzn\u011bn\u00fdmi s re\u017eimem PT, kter\u00e1 propaguj\u00ed, \u017ee Bolsonarovi p\u0159\u00edznivci pat\u0159\u00ed k n\u00e1siln\u00e9 a antidemokratick\u00e9 pravici, zat\u00edmco oni byli t\u011bmi, kdo cht\u011bli tehdej\u0161\u00edmu prezidentovi zak\u00e1zat \u017ee nem\u016f\u017ee b\u00fdt p\u0159\u00edtomen, pak to byli oni, kdo odm\u00edtli ov\u011b\u0159it volby, a te\u010f jsou to oni, kdo cht\u011bj\u00ed zatknout b\u00fdval\u00e9ho prezidenta.<\/span><\/p>\n<p><span>Na druhou stranu bude vrchn\u00edmu st\u00e1tn\u00edmu zastupitelstv\u00ed pom\u00e1hat nov\u00fd odbor propagace svobody slova, kter\u00fd bude d\u011blat cokoli, jen ne propagovat svobodu slova.<\/span><\/p>\n<p><span>Mezi povinnosti tohoto odd\u011blen\u00ed pat\u0159\u00ed \u201enavrhov\u00e1n\u00ed a formulov\u00e1n\u00ed ve\u0159ejn\u00fdch politik na podporu svobody projevu a p\u0159\u00edstupu k informac\u00edm a na boj proti dezinformac\u00edm a nen\u00e1vistn\u00fdm projev\u016fm online\u201c.<\/span><\/p>\n<p><span>Jin\u00fdmi slovy, bude spolupracovat s ministerstvem spravedlnosti a ve\u0159ejnou bezpe\u010dnost\u00ed na regulaci toho, co se zve\u0159ej\u0148uje na soci\u00e1ln\u00edch s\u00edt\u00edch a digit\u00e1ln\u00edch m\u00e9di\u00edch.<\/span><\/p>\n<p><span>Pod z\u00e1minkou p\u00e9\u010de o svobodu projevu se rozpout\u00e1 brut\u00e1ln\u00ed cenzura projevu hodn\u00e1 teorie \u201edoublethink\u201c, kterou kritizoval George Orwell ve sv\u00e9m d\u00edle \u201e1984\u201c.<\/span><\/p>\n<p><span>Tato opat\u0159en\u00ed maj\u00ed za c\u00edl p\u0159iv\u00e9st Braz\u00edlii v rekordn\u00edm \u010dase do situace podobn\u00e9 t\u00e9 ve Venezuele a Nikaragui, ke kter\u00e9 m\u00ed\u0159\u00ed tak\u00e9 Bol\u00edvie a Kolumbie.\u00a0V\u0161echny levicov\u00e9 vl\u00e1dy spojen\u00e9 s F\u00f3rem v S\u00e3o Paulu se\u0161l\u00e1ply sm\u011brem ke Kub\u011b plynov\u00fd ped\u00e1l.<\/span><\/p>\n<\/div>\n<\/div>\n<div class=\"elementor-element elementor-element-8c57238 quelle dc-has-condition dc-condition-empty elementor-widget elementor-widget-heading\" data-id=\"8c57238\" data-element_type=\"widget\" data-widget_type=\"heading.default\">\n<div class=\"elementor-widget-container\">\n<h3 class=\"elementor-heading-title elementor-size-default\"><span style=\"font-size: 8pt;\"><a href=\"https:\/\/www.riotimesonline.com\/brazil-news\/modern-day-censorship\/lula-da-silva-installs-a-ministry-of-truth-in-brazil-to-persecute-opponents\/\" target=\"_blank\" rel=\"nofollow noopener\">ZDROJ<\/a><\/span><\/h3>\n<\/div>\n<\/div>\n<p>&nbsp;<\/p>\n<p><img decoding=\"async\" loading=\"lazy\" class=\"wp-image-19187 aligncenter\" src=\"http:\/\/www.infokuryr.cz\/n\/wp-content\/uploads\/2022\/12\/1-PRO-300x36.jpg\" alt=\"\" width=\"1283\" height=\"154\" srcset=\"https:\/\/www.infokuryr.cz\/n\/wp-content\/uploads\/2022\/12\/1-PRO-300x36.jpg 300w, https:\/\/www.infokuryr.cz\/n\/wp-content\/uploads\/2022\/12\/1-PRO.jpg 699w\" sizes=\"(max-width: 1283px) 100vw, 1283px\" \/><\/p>\n<p>&nbsp;<\/p>\n","protected":false},"excerpt":{"rendered":"<p>Ned\u00e1vno inaugurovan\u00fd prezident neztr\u00e1cel \u010das p\u0159i vytv\u00e1\u0159en\u00ed mechanismu pro st\u00edh\u00e1n\u00ed pravicov\u00fdch aktivist\u016f hodn\u00fdch knihy George&#8230;<\/p>\n","protected":false},"author":2,"featured_media":17805,"comment_status":"closed","ping_status":"closed","sticky":false,"template":"","format":"standard","meta":[],"categories":[7],"tags":[288,2719,4201,165,48],"_links":{"self":[{"href":"https:\/\/www.infokuryr.cz\/n\/wp-json\/wp\/v2\/posts\/20830"}],"collection":[{"href":"https:\/\/www.infokuryr.cz\/n\/wp-json\/wp\/v2\/posts"}],"about":[{"href":"https:\/\/www.infokuryr.cz\/n\/wp-json\/wp\/v2\/types\/post"}],"author":[{"embeddable":true,"href":"https:\/\/www.infokuryr.cz\/n\/wp-json\/wp\/v2\/users\/2"}],"replies":[{"embeddable":true,"href":"https:\/\/www.infokuryr.cz\/n\/wp-json\/wp\/v2\/comments?post=20830"}],"version-history":[{"count":0,"href":"https:\/\/www.infokuryr.cz\/n\/wp-json\/wp\/v2\/posts\/20830\/revisions"}],"wp:featuredmedia":[{"embeddable":true,"href":"https:\/\/www.infokuryr.cz\/n\/wp-json\/wp\/v2\/media\/17805"}],"wp:attachment":[{"href":"https:\/\/www.infokuryr.cz\/n\/wp-json\/wp\/v2\/media?parent=20830"}],"wp:term":[{"taxonomy":"category","embeddable":true,"href":"https:\/\/www.infokuryr.cz\/n\/wp-json\/wp\/v2\/categories?post=20830"},{"taxonomy":"post_tag","embeddable":true,"href":"https:\/\/www.infokuryr.cz\/n\/wp-json\/wp\/v2\/tags?post=20830"}],"curies":[{"name":"wp","href":"https:\/\/api.w.org\/{rel}","templated":true}]}}