{"id":20823,"date":"2023-01-06T08:18:15","date_gmt":"2023-01-06T07:18:15","guid":{"rendered":"http:\/\/www.infokuryr.cz\/n\/?p=20823"},"modified":"2023-01-06T08:18:29","modified_gmt":"2023-01-06T07:18:29","slug":"rakusanovy-mluvici-hlavy-drabova-a-policejni-prezident-co-delaji-machri-v-kritu","status":"publish","type":"post","link":"https:\/\/www.infokuryr.cz\/n\/2023\/01\/06\/rakusanovy-mluvici-hlavy-drabova-a-policejni-prezident-co-delaji-machri-v-kritu\/","title":{"rendered":"Raku\u0161anovy mluv\u00edc\u00ed hlavy: Dr\u00e1bov\u00e1 a policejn\u00ed prezident. Co d\u011blaj\u00ed mach\u0159i v KRITU?"},"content":{"rendered":"<div id=\"fb-root\"><\/div>\n<div class=\"f2c-introarticle\">\n<div class=\"f2c-introtext\">\n<p>V\u00edte, \u017ee pro Raku\u0161anovo ministerstvo jsou policejn\u00ed prezident nebo \u0161\u00e9fka \u00fa\u0159adu pro jadernou bezpe\u010dnost Dr\u00e1bov\u00e1 v souvislosti s taktick\u00fdmi jadern\u00fdmi zbran\u011bmi mluv\u00edc\u00ed hlavy? V\u00edte, \u017ee nebezpe\u010dn\u00e1 postava dezinforma\u010dn\u00ed sc\u00e9ny se pozn\u00e1 podle toho, \u017ee \u010dte horoskopy nebo odm\u00edt\u00e1 proticovidov\u00e1 opat\u0159en\u00ed? A v\u00edte, \u017ee na podporu protiputinovsk\u00e9ho postoje<br \/>\nu ve\u0159ejnosti doporu\u010duje ministerstvo vnitra uspo\u0159\u00e1dat v\u00fdstavu ukrajinsk\u00fdch zni\u010den\u00fdch traktor\u016f a videoprojekce na obiln\u00e1 sila? Poj\u010fme na to.<\/p>\n<p>&nbsp;<\/p>\n<\/div>\n<\/div>\n<div class=\"f2c-maintext\">\n<p><iframe loading=\"lazy\" title=\"Raku\u0161anovy mluv\u00edc\u00ed hlavy: Dr\u00e1bov\u00e1 a policejn\u00ed prezident. Co d\u011blaj\u00ed mach\u0159i v KRITU?\" src=\"https:\/\/www.youtube.com\/embed\/NJ4FMg4GGRI\" width=\"700\" height=\"390\" frameborder=\"0\" allowfullscreen=\"allowfullscreen\" data-mce-fragment=\"1\"><\/iframe>\u00a0<ins class=\"adsbygoogle\" data-ad-client=\"ca-pub-3629013881997344\" data-ad-slot=\"7205508512\" data-adsbygoogle-status=\"done\" data-ad-status=\"filled\"><\/ins><\/p>\n<div id=\"aswift_2_host\" tabindex=\"0\" title=\"Advertisement\" aria-label=\"Advertisement\"><\/div>\n<p><iframe loading=\"lazy\" title=\"Volebn\u00ed kalkula\u010dka pro prezidentsk\u00e9 volby: matematick\u00e1 chyba. Plat\u00ed Soros. A politi\u010dka ze STANu?\" src=\"https:\/\/www.youtube.com\/embed\/ck31Aayi3Jw\" width=\"700\" height=\"390\" frameborder=\"0\" allowfullscreen=\"allowfullscreen\" data-mce-fragment=\"1\"><\/iframe><\/p>\n<\/div>\n<p>&nbsp;<\/p>\n<div class=\"article-share\">\n<div id=\"module221\" class=\"module\">\n<div class=\"module-body\">\n<div id=\"phoca-facebook-comments\">\n<div class=\"pfbcl\"><img decoding=\"async\" loading=\"lazy\" class=\"wp-image-19187 aligncenter\" src=\"http:\/\/www.infokuryr.cz\/n\/wp-content\/uploads\/2022\/12\/1-PRO-300x36.jpg\" alt=\"\" width=\"1317\" height=\"158\" srcset=\"https:\/\/www.infokuryr.cz\/n\/wp-content\/uploads\/2022\/12\/1-PRO-300x36.jpg 300w, https:\/\/www.infokuryr.cz\/n\/wp-content\/uploads\/2022\/12\/1-PRO.jpg 699w\" sizes=\"(max-width: 1317px) 100vw, 1317px\" \/><\/div>\n<div><\/div>\n<\/div>\n<\/div>\n<\/div>\n<\/div>\n","protected":false},"excerpt":{"rendered":"<p>V\u00edte, \u017ee pro Raku\u0161anovo ministerstvo jsou policejn\u00ed prezident nebo \u0161\u00e9fka \u00fa\u0159adu pro jadernou bezpe\u010dnost Dr\u00e1bov\u00e1&#8230;<\/p>\n","protected":false},"author":2,"featured_media":20824,"comment_status":"closed","ping_status":"closed","sticky":false,"template":"","format":"standard","meta":[],"categories":[6],"tags":[63,29,86,1032,889],"_links":{"self":[{"href":"https:\/\/www.infokuryr.cz\/n\/wp-json\/wp\/v2\/posts\/20823"}],"collection":[{"href":"https:\/\/www.infokuryr.cz\/n\/wp-json\/wp\/v2\/posts"}],"about":[{"href":"https:\/\/www.infokuryr.cz\/n\/wp-json\/wp\/v2\/types\/post"}],"author":[{"embeddable":true,"href":"https:\/\/www.infokuryr.cz\/n\/wp-json\/wp\/v2\/users\/2"}],"replies":[{"embeddable":true,"href":"https:\/\/www.infokuryr.cz\/n\/wp-json\/wp\/v2\/comments?post=20823"}],"version-history":[{"count":0,"href":"https:\/\/www.infokuryr.cz\/n\/wp-json\/wp\/v2\/posts\/20823\/revisions"}],"wp:featuredmedia":[{"embeddable":true,"href":"https:\/\/www.infokuryr.cz\/n\/wp-json\/wp\/v2\/media\/20824"}],"wp:attachment":[{"href":"https:\/\/www.infokuryr.cz\/n\/wp-json\/wp\/v2\/media?parent=20823"}],"wp:term":[{"taxonomy":"category","embeddable":true,"href":"https:\/\/www.infokuryr.cz\/n\/wp-json\/wp\/v2\/categories?post=20823"},{"taxonomy":"post_tag","embeddable":true,"href":"https:\/\/www.infokuryr.cz\/n\/wp-json\/wp\/v2\/tags?post=20823"}],"curies":[{"name":"wp","href":"https:\/\/api.w.org\/{rel}","templated":true}]}}