{"id":20821,"date":"2023-01-06T08:14:20","date_gmt":"2023-01-06T07:14:20","guid":{"rendered":"http:\/\/www.infokuryr.cz\/n\/?p=20821"},"modified":"2023-01-06T08:14:20","modified_gmt":"2023-01-06T07:14:20","slug":"basta-v-debate-tv-prima-rozdrtil-sve-soupere-vlady-a-kavarny","status":"publish","type":"post","link":"https:\/\/www.infokuryr.cz\/n\/2023\/01\/06\/basta-v-debate-tv-prima-rozdrtil-sve-soupere-vlady-a-kavarny\/","title":{"rendered":"Ba\u0161ta v debat\u011b TV Prima rozdrtil sv\u00e9 soupe\u0159e vl\u00e1dy a Kav\u00e1rny"},"content":{"rendered":"<div id=\"fb-root\"><\/div>\n<div id=\"ArticleTop\">\n<h2>T\u00e9m\u011b\u0159 50 % hlasuj\u00edc\u00edch mu vyj\u00e1d\u0159ilo podporu. V p\u0159\u00edpad\u011b zvolen\u00ed odvol\u00e1 Fialovou zk\u00e1zu. EU je klon SSSR. M\u00e1me \u0161anci na st\u00e1t bez cenzury, bez b\u00eddy a bez v\u00e1lky?<\/h2>\n<p class=\"clkPerex\"><strong><a class=\"clkAutor\" href=\"https:\/\/protiproud.info\/autor\/radek-pokorny-.htm\">RADEK POKORN\u00dd\u00a0<\/a>sledoval v\u010derej\u0161\u00ed debatu prezidentsk\u00fdch kandid\u00e1t\u016f na TV Prima, kter\u00e1 vyvrcholila &#8222;\u0161okuj\u00edc\u00edm&#8220; hlasov\u00e1n\u00edm div\u00e1k\u016f &#8211; jednozna\u010dn\u011b ve prosp\u011bch &#8222;\u010dern\u00e9ho kon\u011b&#8220; prezidentsk\u00e9ho kl\u00e1n\u00ed<\/strong><\/p>\n<\/div>\n<div id=\"Article\">\n<p>Prvn\u00ed televizn\u00ed debata kandid\u00e1t\u016f na prezidenta, kterou v\u010dera odvys\u00edlala TV Prima, mus\u00ed b\u00fdt pro manipul\u00e1tory prezidentsk\u00e9 volby (korpor\u00e1tn\u00ed m\u00e9dia a agentury pro &#8222;v\u00fdzkum ve\u0159ejn\u00e9ho m\u00edn\u011bn\u00ed) \u0161ok. V\u00a0hlasov\u00e1n\u00ed div\u00e1k\u016f pomoc\u00ed SMS suver\u00e9nn\u011b zv\u00edt\u011bzil opozi\u010dn\u00ed kandid\u00e1t podporovan\u00fd celou vlasteneckou sc\u00e9nou od leva do prava Jaroslav Ba\u0161ta.<\/p>\n<p>V\u00a0hlasov\u00e1n\u00ed div\u00e1k\u016f nezv\u00edt\u011bzil o parn\u00edk, ale o parn\u00edky dva. Ostatn\u00ed soupe\u0159i jen pab\u011brkovali &#8211; a to v\u010detn\u011b t\u011bch kter\u00fdm cinknut\u00e9 volebn\u00ed pr\u016fzkumy, kter\u00e9 televize prezentovala p\u0159ed za\u010d\u00e1tkem diskuse, p\u0159izn\u00e1valy mnohem v\u011bt\u0161\u00ed podporu, ne\u017e Jaroslavu Ba\u0161tovi. Podle t\u011bchto zfal\u0161ovan\u00fdch pr\u016fzkum\u016f m\u011bl m\u00edt podporu \u00fadajn\u011b jen 3,5 procenta.<\/p>\n<h2>Bezm\u00e1la polovina hlasuj\u00edc\u00edch pro Ba\u0161tu!<\/h2>\n<p>V\u00fdsledky hlasov\u00e1n\u00ed div\u00e1k\u016f napov\u00eddaj\u00ed, jak daleko jsou tyto pr\u016fzkumy vzd\u00e1leny realit\u011b. Jist\u011b, televizn\u00ed hlasov\u00e1n\u00ed nen\u00ed reprezentativn\u00ed pro celou spole\u010dnost, ale i tak lze \u0159\u00edci, \u017ee p\u0159inejmen\u0161\u00edm n\u011bco nazna\u010duje. \u00a0Jaroslav Ba\u0161ta z\u00edskal od t\u011bch, kte\u0159\u00ed diskusi sledovali 47,37 % hlas\u016f. Na druh\u00e9m m\u00edst\u011b se um\u00edstil kandid\u00e1t podporovan\u00fd vl\u00e1dn\u00ed p\u011btikoalic\u00ed, sen\u00e1tor Pavel Fischer s\u00a0propastn\u00fdm rozd\u00edlem 27,56 %.<\/p>\n<p>Na t\u0159et\u00edm m\u00edst\u011b skon\u010dil, b\u00fdval\u00fd sportovn\u00ed redaktor a podnikatel Karel Divi\u0161 (11,62 procent). Odborov\u00fd p\u0159ed\u00e1k Josef St\u0159edula se ziskem 6,24 % v podstat\u011b propadl. A je\u0161t\u011b h\u016f\u0159e dopadl sen\u00e1tor a aktivista Kav\u00e1rny Marek Hil\u0161er, kter\u00e9mu dalo sv\u00e9 hlasy jen 5,45 hlasuj\u00edc\u00edch. \u00dapln\u00e9 Waterloo bylo hlasov\u00e1n\u00ed pro rektora Karlovy univerzity Tom\u00e1\u0161e Zimu, kter\u00e9ho podpo\u0159ilo jen 1,76 % div\u00e1k\u016f.<\/p>\n<p>O \u010dem to vypov\u00edd\u00e1? P\u0159edev\u0161\u00edm o naprost\u00e9 manipulaci hlavn\u00edch m\u00e9di\u00ed a pr\u016fzkumn\u00fdch agentur, kter\u00e9 ji\u017e ani nep\u0159edst\u00edraj\u00ed, \u017ee nejsou jen prodlou\u017eenou rukou vl\u00e1dn\u00ed sorosovsk\u00e9 p\u011btikoalice a jejich bruselsk\u00fdch protektor\u016f. Ostatn\u011b pr\u00e1v\u011b proto jim chce vl\u00e1da platit z na\u0161ich dan\u00ed stamili\u00f3ny, p\u0159i\u010dem\u017e svobodn\u00e1 m\u00e9dia bude cenzurovat, blokovat a vyp\u00ednat.<\/p>\n<p>Bylo to vlastn\u011b docela komiick\u00e9: Drtiv\u00e9 v\u00edt\u011bzstv\u00ed Jaroslav Ba\u0161ty natolik vykolejilo moder\u00e1torskou dvojici Terezii Tom\u00e1nkovou a Petra Suchon\u011b, \u017ee p\u0159i vyhla\u0161ov\u00e1n\u00ed v\u00fdsledk\u016f se zmohli pouze na konstatov\u00e1n\u00ed, \u017ee v\u00a0hlasov\u00e1n\u00ed div\u00e1k\u016f zv\u00edt\u011bzil Jaroslav Ba\u0161ta a na druh\u00e9m m\u00edst\u011b skon\u010dil Marek Hil\u0161er. To byl zjevn\u00fd nesmysl,\u00a0 Petr Sucho\u0148, si Hil\u0161era &#8222;spletl&#8220; s\u00a0Pavlem Fischerem, kter\u00fd obsadil druh\u00e9 m\u00edsto. Moder\u00e1to\u0159i pro jistotu ani nep\u0159edstavili kone\u010dn\u00e9 v\u00fdsledky, a re\u017eie pak rychle ukon\u010dila p\u0159enos.<\/p>\n<h2>Sjednocen\u00ed vlasteneck\u00e9 sc\u00e9ny za Ba\u0161tou<\/h2>\n<p>Televizn\u00ed p\u0159edvolebn\u00ed debata na Prim\u011b v\u0161ak nazna\u010dila tak\u00e9 n\u011bco je\u0161t\u011b podstatn\u011bj\u0161\u00edho: Toti\u017e, \u017ee pokud se vlasteneck\u00e1 sc\u00e9na opravdu kone\u010dn\u011b sjednot\u00ed, m\u016f\u017ee docela re\u00e1ln\u011b ve volb\u00e1ch doj\u00edt k p\u0159ekvapen\u00ed. St\u00e1le existuje v\u00edce ne\u017e t\u0159etina nerozhodnut\u00fdch voli\u010d\u016f. Tak\u017ee kdy\u017e mnoz\u00ed uvid\u00ed, \u017ee Jaroslav Ba\u0161ta m\u00e1 re\u00e1lnou \u0161anci na druh\u00e9 kolo, m\u016f\u017ee to jejich rozhodov\u00e1n\u00ed ovlivnit. I proto v mainstreamu dnes nenajdete skoro jedinou zm\u00ednku o Ba\u0161tov\u011b &#8222;z\u00e1zraku&#8220; na Prim\u011b.<\/p>\n<p>Nemluv\u011b o tom, \u017ee podpora tentokr\u00e1t prozm\u011bnu rozh\u00e1dan\u00fdch vl\u00e1dn\u00edch kandid\u00e1t\u016f Petra Pavla a Danu\u0161e Nerudov\u00e9 setrvale kles\u00e1. A vzhledem k\u00a0tomu, \u017ee Andrej Babi\u0161 (p\u0159edm\u011bt aktu\u00e1ln\u00edho politick\u00e9ho procesu napl\u00e1novan\u00e9ho &#8222;nez\u00e1vislou justic\u00ed&#8220; skand\u00e1ln\u011b t\u011bsn\u011b p\u0159ed volby) nemus\u00ed u\u017e hnout ani prstem, aby mobilizoval sv\u016fj velmi pevn\u00fd elektor\u00e1t, a dostal se v podstat\u011b pohodln\u011b do druh\u00e9ho kola, doprovodit jej tam m\u016f\u017ee pr\u00e1v\u011b &#8222;\u010dern\u00fd k\u016f\u0148&#8220; Jaroslav Ba\u0161ta. N\u011bco takov\u00e9ho by pro bruselskou Fialovu vl\u00e1du bylo za\u010d\u00e1tkem cesty k\u00a0jej\u00edmu p\u00e1du.<\/p>\n<p>U\u017e proto, \u017ee Ba\u0161ta na Prim\u011b zopakoval slib, \u017ee po sv\u00e9m p\u0159\u00edpadn\u00e9m zvolen\u00ed prezidentem Fialovu vl\u00e1du odvol\u00e1 &#8211; tak, jak mu to umo\u017e\u0148uje \u00fastava. Ozn\u00e1mil to u\u017e ve sv\u00e9m &#8222;novoro\u010dn\u00edm projevu&#8220;, kter\u00fd &#8222;kupodivu&#8220; korpor\u00e1tn\u00ed m\u00e9dia zcela ignorovala.<\/p>\n<h2>EU je jako Sov\u011btsk\u00fd svaz<\/h2>\n<p>Ba\u0161ta na Prim\u011b znovu p\u0159irovnal Evropskou unii k\u00a0Sov\u011btsk\u00e9mu svazu a Evropskou komisi k\u00a0sov\u011btsk\u00e9mu politbyru &#8211; tak jak to u\u010dinil tento t\u00fdden v\u00a0rozhovoru pro agenturu RIA Novosti, kde mimo jin\u00e9 \u0159ekl:<\/p>\n<p>\u201eSou\u010dasn\u00e1 EU je paradoxn\u011b nevyda\u0159enou kopi\u00ed SSSR Bre\u017en\u011bvov\u00fdch dob. Evropsk\u00fd parlament bez z\u00e1konod\u00e1rn\u00e9 iniciativy je p\u0159\u00edmou analogi\u00ed Nejvy\u0161\u0161\u00edho sov\u011btu, Evropsk\u00e1 komise se sv\u00fdmi komisa\u0159i odpov\u00edd\u00e1 Politbyru, proto\u017ee jej\u00ed \u010dlenov\u00e9 se tak\u00e9 sp\u00ed\u0161e vol\u00ed navz\u00e1jem, nav\u00edc se rekrutuj\u00ed z ne\u00fasp\u011b\u0161n\u00fdch politik\u016f na n\u00e1rodn\u00ed \u00farovni. V\u0161emu dominuje snaha o vytvo\u0159en\u00ed nov\u00e9ho evropsk\u00e9ho \u010dlov\u011bka. S jedin\u00fdm rozd\u00edlem \u2013 m\u00e1 vzniknout nejen v\u00fdchovou, ale tak\u00e9 dovozem z nejchud\u0161\u00edch zem\u00ed Asie a Afriky. Historie se opravdu opakuje aspo\u0148 dvakr\u00e1t \u2013 jednou jako trag\u00e9die, podruh\u00e9 jako fra\u0161ka\u201c, uvedl Jaroslav Ba\u0161ta.<\/p>\n<p>A z\u00e1vazek odvolat v p\u0159\u00edpad\u011b zvolen\u00ed Fialovu vl\u00e1du vysv\u011btlil na Prim\u011b takto:<\/p>\n<p>\u201ePrezident m\u016f\u017ee &#8211; na z\u00e1klad\u011b pravomoc\u00ed dan\u00fdch \u00fastavou &#8211; dok\u00e1zat v\u00edc, ne\u017e stotis\u00edcov\u00e1 shrom\u00e1\u017ed\u011bn\u00ed pr\u00e1vem rozho\u0159\u010den\u00fdch ob\u010dan\u016f, pokud mu nechyb\u00ed v\u016fle a v\u011bdom\u00ed povinnosti k lidu vlastn\u00ed zem\u011b. Ano, budu-li zvolen, odvol\u00e1m tuto vl\u00e1du, jmenuji vl\u00e1du skute\u010dn\u00fdch odborn\u00edk\u016f a vyhl\u00e1s\u00edm nov\u00e9 volby.\u201c A v z\u00e1v\u011bre\u010dn\u00e9m slov\u011b pak sd\u011blil div\u00e1k\u016fm, \u017ee chce \u010ceskou republiku bez cenzury, bez b\u00eddy a bez v\u00e1lky.<\/p>\n<p>To nejcenn\u011bj\u0161\u00ed, co v\u010derej\u0161\u00ed debata (a p\u0159edev\u0161\u00edm v\u00fdsledky hlasov\u00e1n\u00ed) uk\u00e1zaly, \u017ee neform\u00e1ln\u00ed hnut\u00ed nepodvolen\u00fdch, kter\u00e9 se p\u0159i podpo\u0159e u televizn\u00edch obrazovek p\u0159\u00edmo demonstrativn\u011b sjednotilo, m\u00e1 potenci\u00e1l a odhodl\u00e1n\u00ed sehr\u00e1t rozhoduj\u00edc\u00ed \u00falohu v\u00a0osvobozen\u00ed na\u0161e zem\u011b od Fialovy vl\u00e1dy a jejich bruselsk\u00fdch a washingtonsk\u00fdch protektor\u016f.<\/p>\n<p>Jist\u011b\u017ee to nelze p\u0159ece\u0148ovat. U dal\u0161\u00edch televizn\u00edch debat kandid\u00e1t\u016f si ji\u017e jist\u011b daj\u00ed organiz\u00e1to\u0159i pozor, aby se n\u011bco podobn\u00e9ho neopakovalo. Ale zabl\u00fdsklo se.<\/p>\n<p>Jestli &#8222;na \u010dasy&#8220; &#8211; to pozn\u00e1me brzy.<\/p>\n<\/div>\n<p><a href=\"https:\/\/protiproud.info\/politika\/6933-basta-vdebate-tv-prima-rozdrtil-sve-soupere-vlady-a-kavarny-temer-50-hlasujicich-mu-vyjadrilo-podporu-v-pripade-zvoleni-odvola-fialovou-zkazu-eu-je-klonsssr-mame-sanci-na-stat-bez-cenzury-bez-bidy-a-bez-valky.htm\">PROTIPROUD<\/a><\/p>\n<p>&nbsp;<\/p>\n<p><img decoding=\"async\" loading=\"lazy\" class=\"wp-image-19187 aligncenter\" src=\"http:\/\/www.infokuryr.cz\/n\/wp-content\/uploads\/2022\/12\/1-PRO-300x36.jpg\" alt=\"\" width=\"1283\" height=\"154\" srcset=\"https:\/\/www.infokuryr.cz\/n\/wp-content\/uploads\/2022\/12\/1-PRO-300x36.jpg 300w, https:\/\/www.infokuryr.cz\/n\/wp-content\/uploads\/2022\/12\/1-PRO.jpg 699w\" sizes=\"(max-width: 1283px) 100vw, 1283px\" \/><\/p>\n<p>&nbsp;<\/p>\n","protected":false},"excerpt":{"rendered":"<p>T\u00e9m\u011b\u0159 50 % hlasuj\u00edc\u00edch mu vyj\u00e1d\u0159ilo podporu. V p\u0159\u00edpad\u011b zvolen\u00ed odvol\u00e1 Fialovou zk\u00e1zu. EU je&#8230;<\/p>\n","protected":false},"author":2,"featured_media":20822,"comment_status":"closed","ping_status":"closed","sticky":false,"template":"","format":"standard","meta":[],"categories":[6],"tags":[4203,29,27],"_links":{"self":[{"href":"https:\/\/www.infokuryr.cz\/n\/wp-json\/wp\/v2\/posts\/20821"}],"collection":[{"href":"https:\/\/www.infokuryr.cz\/n\/wp-json\/wp\/v2\/posts"}],"about":[{"href":"https:\/\/www.infokuryr.cz\/n\/wp-json\/wp\/v2\/types\/post"}],"author":[{"embeddable":true,"href":"https:\/\/www.infokuryr.cz\/n\/wp-json\/wp\/v2\/users\/2"}],"replies":[{"embeddable":true,"href":"https:\/\/www.infokuryr.cz\/n\/wp-json\/wp\/v2\/comments?post=20821"}],"version-history":[{"count":0,"href":"https:\/\/www.infokuryr.cz\/n\/wp-json\/wp\/v2\/posts\/20821\/revisions"}],"wp:featuredmedia":[{"embeddable":true,"href":"https:\/\/www.infokuryr.cz\/n\/wp-json\/wp\/v2\/media\/20822"}],"wp:attachment":[{"href":"https:\/\/www.infokuryr.cz\/n\/wp-json\/wp\/v2\/media?parent=20821"}],"wp:term":[{"taxonomy":"category","embeddable":true,"href":"https:\/\/www.infokuryr.cz\/n\/wp-json\/wp\/v2\/categories?post=20821"},{"taxonomy":"post_tag","embeddable":true,"href":"https:\/\/www.infokuryr.cz\/n\/wp-json\/wp\/v2\/tags?post=20821"}],"curies":[{"name":"wp","href":"https:\/\/api.w.org\/{rel}","templated":true}]}}