{"id":20820,"date":"2023-01-06T07:57:10","date_gmt":"2023-01-06T06:57:10","guid":{"rendered":"http:\/\/www.infokuryr.cz\/n\/?p=20820"},"modified":"2023-01-06T07:57:10","modified_gmt":"2023-01-06T06:57:10","slug":"eva-hrindova-od-ceho-odvadeji-pozornost","status":"publish","type":"post","link":"https:\/\/www.infokuryr.cz\/n\/2023\/01\/06\/eva-hrindova-od-ceho-odvadeji-pozornost\/","title":{"rendered":"Eva Hrindov\u00e1: Od \u010deho odv\u00e1d\u011bj\u00ed pozornost?"},"content":{"rendered":"<div id=\"fb-root\"><\/div>\n<div class=\"anotace\">\n<div class=\"field field-name-field-anotace field-type-text-long field-label-hidden\">\n<div class=\"field-items\">\n<div class=\"field-item even\"><strong>Situace okolo prezidentsk\u00fdch voleb na m\u011b p\u016fsob\u00ed jako odv\u00e1d\u011bn\u00ed pozornosti. Povrchn\u00ed t\u00e9mata p\u0159eb\u00edjej\u00ed ta skute\u010dn\u011b d\u016fle\u017eit\u00e1. A hork\u00e9 hlavy samoz\u0159ejm\u011b konaj\u00ed tak, jak vl\u00e1dnouc\u00ed moci vyhovuje. Je\u0161t\u011b n\u00e1m zcela nedo\u0161lo, \u017ee syst\u00e9m je u\u017e nevratn\u011b pok\u0159iven a zm\u011bn\u011bn a nelze v n\u011bm hr\u00e1t podle star\u00fdch, u\u017e nefunguj\u00edc\u00edch, pravidel.<\/strong><\/div>\n<\/div>\n<\/div>\n<\/div>\n<div class=\"text\">\n<div class=\"field field-name-body field-type-text-with-summary field-label-hidden\">\n<div class=\"field-items\">\n<div class=\"field-item even\">\n<p>Jist\u011b, p\u0159i ka\u017ed\u00e9m hloup\u00e9m v\u00fdroku \u00fastavn\u00edho \u010dinitele m\u016f\u017eete \u0159v\u00e1t a protestovat, jak je v\u00e1m libo. Ale je to tak v\u0161echno, co s\u00a0t\u00edm m\u016f\u017eete d\u011blat. M\u016f\u017eete poukazovat na podvody, na v\u011brolomnost, pokrytectv\u00ed a dvoj\u00ed metry do aleluja. Ale to je tak v\u0161e, co s\u00a0t\u00edm m\u016f\u017eete d\u011blat. Je hotovo, je to u\u017e ud\u011bl\u00e1no. Moc je v\u00a0rukou t\u011bch, kte\u0159\u00ed pravidla nect\u00ed a za dvoj\u00ed metry se nestyd\u00ed a nijak se s\u00a0nimi neskr\u00fdvaj\u00ed. U\u017e jim chyb\u00ed jen posledn\u00ed meta, ta prezidentsk\u00e1.<\/p>\n<p>Ze v\u0161eho nejv\u00edc n\u00e1s to skute\u010dn\u011b vy\u010derp\u00e1v\u00e1, frustruje a dost\u00e1v\u00e1 do defenz\u00edvy. Prvn\u00edm krokem, kter\u00fd bychom v\u0161ichni m\u011bli ud\u011blat, je \u017ee to p\u0159ijmeme a p\u0159estaneme to \u0159e\u0161it. V\u00a0pok\u0159iven\u00e9m hrac\u00edm prostoru t\u011b\u017eko vyhrajete dodr\u017eov\u00e1n\u00edm pravidel a upozor\u0148ov\u00e1n\u00edm na jejich nedodr\u017eov\u00e1n\u00ed. Zvl\u00e1\u0161t\u011b za situace, kdy i div\u00e1ci nov\u00e1 pravidla-nepravidla akceptuj\u00ed. Dokonce je obt\u011b\u017euj\u00ed ti, kte\u0159\u00ed si p\u0159ej\u00ed n\u00e1vrat k\u00a0f\u00e9rov\u011bj\u0161\u00edm podm\u00ednk\u00e1m.<\/p>\n<p>Nastal \u010das na nov\u00e9 strategie. Je nutn\u00e9 formulovat nov\u00e9 postupy, jak v\u00edt\u011bzit na h\u0159i\u0161ti, kde vlastn\u011b \u017e\u00e1dn\u00e1 pravidla neplat\u00ed. V\u00a0minul\u00fdch letech se m\u016f\u017eeme pochlubit jen n\u011bkolik m\u00e1lo v\u00edt\u011bzstv\u00edmi, kter\u00e9 se poda\u0159ilo vyd\u0159\u00edt i za nef\u00e9rov\u00fdch podm\u00ednek.<\/p>\n<ul>\n<li>Poda\u0159ilo se dvakr\u00e1t zvolit Milo\u0161e Zemana za prezidenta, i kdy\u017e si ho mainstream nep\u0159\u00e1l.<\/li>\n<li>Do sen\u00e1tu proklouzly dv\u011b nez\u00e1visl\u00e9 kandid\u00e1tky, i kdy\u017e proti nim byla vedena kampa\u0148.<\/li>\n<li>SPD obh\u00e1jila svou pozici parlamentn\u00ed strany.<\/li>\n<li>Poda\u0159ilo se zorganizovat jednu skute\u010dn\u011b silnou protivl\u00e1dn\u00ed demonstraci.<\/li>\n<li>ANO a Andrej Babi\u0161 maj\u00ed pevn\u00e9 voli\u010dsk\u00e9 j\u00e1dro, i kdy\u017e se proti nim stav\u00ed mainstream a cel\u00fd politick\u00fd syst\u00e9m.<\/li>\n<\/ul>\n<p>To je dost \u00fasp\u011bch\u016f na to, abychom mohli analyzovat d\u016fvody, kter\u00e9 k\u00a0t\u011bm v\u00edt\u011bzstv\u00edm vedly. Z\u00a0toho je nutn\u00e9 vyj\u00edt. Chce-li b\u00fdt n\u011bkdo \u00fasp\u011b\u0161n\u00fd, mus\u00ed se logicky d\u00edvat na to, co k\u00a0\u00fasp\u011bchu vedlo a vede i p\u0159es nep\u0159\u00edze\u0148 rozhod\u010d\u00edch a zfanatizovan\u00fdch div\u00e1k\u016f\/voli\u010d\u016f.<\/p>\n<ul>\n<li>Dlouhodob\u011b budovan\u00e1 a jasn\u011b definovan\u00e1 zna\u010dka a zn\u00e1most.<\/li>\n<li>Trp\u011bliv\u00e1 a mraven\u010d\u00ed pr\u00e1ce.<\/li>\n<li>Siln\u00e1 t\u00e9mata.<\/li>\n<li>Profesionalita.<\/li>\n<li>Osobn\u00ed charisma nositel\u016f t\u00e9mat.<\/li>\n<\/ul>\n<p>Nesta\u010d\u00ed jen t\u0159i body z\u00a0p\u011bti, nebo dokonce \u010dty\u0159i z\u00a0p\u011bti. Kdo chce \u00fasp\u011bch, mus\u00ed spl\u0148ovat v\u0161ech p\u011bt bod\u016f ne na 100 %, ale na 150 %. J\u00e1 v\u00edm, je to nef\u00e9r, proto\u017ee na\u0161im protivn\u00edk\u016fm sta\u010d\u00ed m\u00e9n\u011b jak 50 %, n\u011bkdy maj\u00ed \u010distou nulu a p\u0159esto v\u00edt\u011bz\u00ed. Ale takov\u00e1 je realita. Bu\u010f ji p\u0159ijmete a p\u0159izp\u016fsob\u00edte se nebo se vy\u010derp\u00e1te na neust\u00e1l\u00e9m vyk\u0159ikov\u00e1n\u00ed, jak rozhod\u010d\u00ed p\u00edsk\u00e1 fale\u0161. Podle m\u00e9ho soudu je to vlastn\u011b i zp\u016fsob, jak n\u00e1s zam\u011bstnat a zabavit. Jak n\u00e1s zabrzdit od toho, abychom se soust\u0159edili na d\u016fsledn\u00e9 budov\u00e1n\u00ed s\u00edly ve v\u00fd\u0161e uveden\u00fdch p\u011bti bodech. Prezidentsk\u00e1 volba je toho d\u016fkazem. \u0158e\u0161\u00edme nesmysly, hled\u00e1me na kandid\u00e1tech \u0161kraloupy v\u00a0jejich minulosti, hodnot\u00edme jejich r\u00e9torick\u00e9 schopnosti a \u0159e\u0161\u00edme, kdo m\u00e1 lep\u0161\u00ed t\u00e9ma ne\u017e druh\u00fd. Nic z\u00a0toho volbu nerozhodne. Ostatn\u011b jedin\u00fd \u201evlasteneck\u00fd\u201c kandid\u00e1t v\u0161ech p\u011bt bod\u016f nespl\u0148uje ani n\u00e1hodou, proto neusp\u011bje.<\/p>\n<p>Na pozad\u00ed prezidentsk\u00e9 volby b\u011b\u017e\u00ed skute\u010dn\u00fd politick\u00fd proces, kter\u00fd nem\u00e1 s\u00a0pr\u00e1vem nic spole\u010dn\u00e9ho. Opozice k\u00a0n\u011bmu ml\u010d\u00ed, proto\u017ee se nechce \u201enamo\u010dit\u201c a nechce b\u00fdt obvin\u011bna z\u00a0podpory Babi\u0161e. Vykonstruovan\u00fd p\u0159\u00edb\u011bh s\u00a0\u010cap\u00edm hn\u00edzdem m\u00e1 ale jedin\u00fd c\u00edl \u2013 zlikvidovat jedin\u00e9ho politick\u00e9ho l\u00eddra, kter\u00fd nen\u00ed pln\u011b podvolen. Proto bychom m\u011bli b\u00edt na poplach! A\u0165 u\u017e je v\u00e1m Babi\u0161 mil\u00fd \u010di nemil\u00fd, pr\u016fhlednost d\u016fkaz\u016f by v\u00e1s nem\u011bla nechat v\u00a0klidu. Pokud bude Babi\u0161 odsouzen, znamen\u00e1 to, \u017ee skute\u010dn\u00e1 opozice u n\u00e1s nem\u00e1 \u0161anci nikdy vzniknout. Bude odstavena a zni\u010dena. Bez ohledu na program, bez ohledu na to, \u017ee bude d\u011blat v\u0161e spr\u00e1vn\u011b. Kdo chce psa b\u00edt, h\u016fl si v\u017edy najde.<\/p>\n<p>O to v\u00edc je smutn\u00e9, \u017ee to nech\u00e1pe v\u011bt\u0161ina lid\u00ed, \u017ee to nech\u00e1pe ani SPD. Po odsouzen\u00ed Babi\u0161e skon\u010d\u00ed nad\u011bje na zm\u011bnu. Pokud jim projde tento aktivistick\u00fd proces, projde jim v\u0161echno. Ned\u011blejme si iluze, \u017ee si nov\u011b nabytou absolutn\u00ed moc po prezidentsk\u00fdch volb\u00e1ch nechaj\u00ed vz\u00edt. Antibabi\u0161ismus se hod\u00ed do kr\u00e1mu p\u0159edev\u0161\u00edm t\u011bm, kte\u0159\u00ed pot\u0159ebuj\u00ed m\u00edt kontrolu nad v\u0161\u00edm, co se u n\u00e1s d\u011bje. S\u00a0l\u00edtost\u00ed sleduju, jak se vlastenci \u0161ikuj\u00ed za SPD a jejich kandid\u00e1tem a t\u00edm likviduj\u00ed posledn\u00ed \u0161anci na zastaven\u00ed v\u00edt\u011bzstv\u00ed absolutn\u00edho zla. Pro m\u011b to znamen\u00e1 definitivn\u00ed ztr\u00e1tu d\u016fv\u011bry v\u00a0tuto stranu.<\/p>\n<p>Je to vlastn\u011b tak, \u017ee ka\u017ed\u00fd m\u00e1 takovou vl\u00e1du, jakou si zaslou\u017e\u00ed. Podle v\u0161eho si zasluhujeme tot\u00e1ln\u00ed peklo, v\u00a0kter\u00e9m budeme tak dlouho, dokud se okoln\u00ed sv\u011bt nevzpamatuje a nedonut\u00ed n\u00e1s se p\u0159ipojit k\u00a0t\u011bm, kte\u0159\u00ed zavel\u00ed k\u00a0n\u00e1vratu k rozumu. Mohli jsme m\u00edt o\u010distec, ale budeme m\u00edt peklo.<\/p>\n<p><a href=\"https:\/\/www.evahrindova.cz\/od-ceho-odvadeji-pozornost\">Eva Hrindov\u00e1<\/a><\/p>\n<\/div>\n<\/div>\n<\/div>\n<\/div>\n<p>&nbsp;<\/p>\n<p><img decoding=\"async\" loading=\"lazy\" class=\"wp-image-19187 aligncenter\" src=\"http:\/\/www.infokuryr.cz\/n\/wp-content\/uploads\/2022\/12\/1-PRO-300x36.jpg\" alt=\"\" width=\"1267\" height=\"152\" srcset=\"https:\/\/www.infokuryr.cz\/n\/wp-content\/uploads\/2022\/12\/1-PRO-300x36.jpg 300w, https:\/\/www.infokuryr.cz\/n\/wp-content\/uploads\/2022\/12\/1-PRO.jpg 699w\" sizes=\"(max-width: 1267px) 100vw, 1267px\" \/><\/p>\n<p>&nbsp;<\/p>\n<p>&nbsp;<\/p>\n","protected":false},"excerpt":{"rendered":"<p>Situace okolo prezidentsk\u00fdch voleb na m\u011b p\u016fsob\u00ed jako odv\u00e1d\u011bn\u00ed pozornosti. Povrchn\u00ed t\u00e9mata p\u0159eb\u00edjej\u00ed ta skute\u010dn\u011b&#8230;<\/p>\n","protected":false},"author":2,"featured_media":14988,"comment_status":"closed","ping_status":"closed","sticky":false,"template":"","format":"standard","meta":[],"categories":[6],"tags":[126,29,4202,27],"_links":{"self":[{"href":"https:\/\/www.infokuryr.cz\/n\/wp-json\/wp\/v2\/posts\/20820"}],"collection":[{"href":"https:\/\/www.infokuryr.cz\/n\/wp-json\/wp\/v2\/posts"}],"about":[{"href":"https:\/\/www.infokuryr.cz\/n\/wp-json\/wp\/v2\/types\/post"}],"author":[{"embeddable":true,"href":"https:\/\/www.infokuryr.cz\/n\/wp-json\/wp\/v2\/users\/2"}],"replies":[{"embeddable":true,"href":"https:\/\/www.infokuryr.cz\/n\/wp-json\/wp\/v2\/comments?post=20820"}],"version-history":[{"count":0,"href":"https:\/\/www.infokuryr.cz\/n\/wp-json\/wp\/v2\/posts\/20820\/revisions"}],"wp:featuredmedia":[{"embeddable":true,"href":"https:\/\/www.infokuryr.cz\/n\/wp-json\/wp\/v2\/media\/14988"}],"wp:attachment":[{"href":"https:\/\/www.infokuryr.cz\/n\/wp-json\/wp\/v2\/media?parent=20820"}],"wp:term":[{"taxonomy":"category","embeddable":true,"href":"https:\/\/www.infokuryr.cz\/n\/wp-json\/wp\/v2\/categories?post=20820"},{"taxonomy":"post_tag","embeddable":true,"href":"https:\/\/www.infokuryr.cz\/n\/wp-json\/wp\/v2\/tags?post=20820"}],"curies":[{"name":"wp","href":"https:\/\/api.w.org\/{rel}","templated":true}]}}