{"id":20812,"date":"2023-01-06T07:35:56","date_gmt":"2023-01-06T06:35:56","guid":{"rendered":"http:\/\/www.infokuryr.cz\/n\/?p=20812"},"modified":"2023-01-06T07:35:56","modified_gmt":"2023-01-06T06:35:56","slug":"ceskou-zahranicni-a-bezpecnostni-politiku-povede-zidovsky-neziskovkar-cenzuru-a-postih-jinych-nazoru-bude-mit-na-starosti-zidovsky-intelektual","status":"publish","type":"post","link":"https:\/\/www.infokuryr.cz\/n\/2023\/01\/06\/ceskou-zahranicni-a-bezpecnostni-politiku-povede-zidovsky-neziskovkar-cenzuru-a-postih-jinych-nazoru-bude-mit-na-starosti-zidovsky-intelektual\/","title":{"rendered":"\u010ceskou zahrani\u010dn\u00ed a bezpe\u010dnostn\u00ed politiku povede \u017eidovsk\u00fd neziskovk\u00e1\u0159, cenzuru a postih jin\u00fdch n\u00e1zor\u016f bude m\u00edt na starosti \u017eidovsk\u00fd intelektu\u00e1l"},"content":{"rendered":"<div id=\"fb-root\"><\/div>\n<h2 class=\"entry-title\">Kdo vlastn\u011b v \u010cesku vl\u00e1dce? Nejlep\u0161\u00edm n\u00e1strojem proti l\u017ei je \u0159\u00edkat pravdu! Kdo se pravdy boj\u00ed nejv\u00edc?<\/h2>\n<p><strong>\u010cesko se rychl\u00fdm tempem st\u00e1v\u00e1 liber\u00e1ln\u011b l\u017eidokratickou totalitou a masky padaj\u00ed. U\u017e nikdo nep\u0159edst\u00edr\u00e1, \u017ee by \u010ce\u0161i m\u011bli ve sv\u00e9 zemi o n\u011b\u010dem rozhodovat<\/strong>. S bl\u00ed\u017e\u00edc\u00edm zata\u017een\u00ed zem\u011b do v\u00e1lky s Ruskem, kde se bojuje za z\u00e1jmy americk\u00fdch korporac\u00ed a \u017eidovsk\u00fdch (chazarsk\u00fdch) majitel\u016f zem\u011b zvan\u00e9 form\u00e1ln\u011b Ukrajina a otev\u0159en\u00fdm nastolov\u00e1n\u00edm liber\u00e1ln\u011b l\u017eidokratick\u00e9 totality, zaznamen\u00e1v\u00e1 \u010desk\u00e1 politika neuv\u011b\u0159iteln\u00e9 jevy.<\/p>\n<p><strong>Do kl\u00ed\u010dov\u00e9ho postu \u201en\u00e1rodn\u00edho koordin\u00e1tora pro bezpe\u010dnostn\u00ed politiku\u201c byl jmenov\u00e1n\u00a0<a href=\"https:\/\/ceskavec.com\/2022\/12\/poradcem-pro-ceskou-narodni-bezpecnost-se-stane-globalisticky-neziskovkar-z-prominentni-zidovske-rodiny-suverenita-ceska-poklesla-na-uroven-bantustanu\">b\u00fdval\u00fd neziskovk\u00e1\u0159 T. Pojar<\/a>\u00a0z prominentn\u00ed \u017eidovsk\u00e9 rodiny, kter\u00fd zcela otev\u0159en\u011b preferuje \u017eidovsk\u00e9 a \u201eukrajinsk\u00e9\u201c z\u00e1jmy nad t\u011bmi \u010desk\u00fdmi. A to nen\u00ed v\u0161echno! \u017d\u00e1dn\u00e1 totalita se pochopiteln\u011b neobejde bez cenzury a represe v\u016f\u010di jin\u00fdm n\u00e1zor\u016fm. Tam nastupuje j<a href=\"https:\/\/www.parlamentnilisty.cz\/arena\/monitor\/Hnuly-se-ledy-s-cenzurou-50-milionu-neziskovkam-100-mediim-A-ridit-to-bude-Klima-724536\">ako hlavn\u00ed garant \u017eidovsk\u00fd intelektu\u00e1l<\/a>\u00a0M. Kl\u00edma (Kauders).\u00a0<\/strong>S omezov\u00e1n\u00edm svobody slova a cenzurou maj\u00ed \u017eidov\u0161t\u00ed aktivist\u00e9 v\u016fbec hodn\u011b zku\u0161enost\u00ed, znalec historie tedy p\u0159ekvapen nebude (<a href=\"https:\/\/ceskavec.com\/2022\/05\/zidovsti-intelektualove-opet-v-cele-omezovani-svobody-slova-a-zavadeni-cenzury-kdo-je-michal-klima-kauders\">psali jsme zde<\/a>).<\/p>\n<p>To p\u0159irozen\u011b vyvol\u00e1v\u00e1 mnoh\u00e9 ot\u00e1zky. Nap\u0159\u00edklad,\u00a0<strong>kdo skute\u010dn\u011b v \u010cesku vl\u00e1dne? \u010ce\u0161i to nejsou! Kdo tedy? D\u00e1le, co p\u0159esn\u011b maj\u00ed tito p\u00e1nov\u00e9 a jejich zahrani\u010dn\u00ed kump\u00e1ni za lubem? Vypad\u00e1 to na otev\u0159en\u00e9 zapojen\u00ed \u010ceska do v\u00e1lky s Ruskem. To nebude znamenat nic men\u0161\u00edho ne\u017e velk\u00e9 ztr\u00e1ty \u010desk\u00fdch \u017eivot\u016f a definitivn\u00ed zb\u00edda\u010den\u00ed a n\u00e1sledn\u00e9 otro\u010den\u00ed \u010desk\u00e9ho obyvatelstva.<\/strong>\u00a0Jeho majetek pak p\u0159evezmou zahrani\u010dn\u00ed mecen\u00e1\u0161i sv\u00e9 m\u00edstn\u00ed p\u00e1t\u00e9 kolony z \u0159ad glob\u00e1ln\u00ed finan\u010dn\u00ed oligarchie.<\/p>\n<p>Bohu\u017eel v \u010desk\u00e9 politice se nejedn\u00e1 o nov\u00fd jev.\u00a0<strong>Odstupuj\u00edc\u00ed prezident se prohla\u0161uje za \u017eida (a\u010d j\u00edm nen\u00ed) a Izrael je pr\u00fd jeho druh\u00fdm domovem. \u010ce\u0161t\u00ed loutkov\u00ed politici se klan\u00ed p\u0159ed chanukou a na v\u00e1no\u010dn\u00ed betl\u00e9m nemaj\u00ed \u010das.<\/strong><\/p>\n<p>\u010cesko se v\u00a0<strong>sou\u010dasnosti nach\u00e1z\u00ed v takov\u00e9m koloni\u00e1ln\u00edm postaven\u00ed, \u017ee i omezen\u00e1 suverenita Ukrajince Bre\u017en\u011bva, byla vedle toho velkou dobou \u010desk\u00e9 st\u00e1tnosti<\/strong>.<\/p>\n<p>Dneska u\u017e\u00a0<strong>nejsou dokonce ani do kl\u00ed\u010dov\u00fdch pozic instalov\u00e1ny gojimsk\u00e9 loutky jako d\u0159\u00edve, Co to znamen\u00e1, \u017ee p\u0159ijde slo\u017eit\u00e9 obdob\u00ed a loutk\u00e1m-goj\u016fm se \u0159\u00edzen\u00ed ned\u00e1 sv\u011b\u0159it, dojde k nastolen\u00ed tis\u00edce let pl\u00e1novan\u00e9 vl\u00e1dy Sionu a zotro\u010den\u00ed v\u0161ech n\u00e1rod\u016f, nebo bou\u0159\u00edc\u00ed se \u010cechy \u201eosvobod\u00ed<\/strong>\u201e<strong>\u00a0<\/strong>\u201e<strong>zahrani\u010dn\u00ed arm\u00e1dy jako t\u0159eba Ir\u00e1k v z\u00e1jmu globalist\u016f?<\/strong><\/p>\n<p><strong>Je na \u010ce\u0161\u00edch u n\u00e1s doma, zda takov\u00fd sc\u00e9n\u00e1\u0159 dopust\u00ed!<\/strong><\/p>\n<p><strong>Jak\u00fd je nejlep\u0161\u00ed prost\u0159edkem boje proti l\u017ei? Pravda! Proto nemusely z\u00e1padn\u00ed zem\u011b zav\u00e1d\u011bt po 2, sv\u011btov\u00e9 v\u00e1lce cenzuru, proto\u017ee si mohly dovolit \u0159\u00edkat svoj\u00ed pravdu!<\/strong>\u00a0Liber\u00e1ln\u00ed l\u017ei-dokracie je zalo\u017een\u00e1 na podvodech a l\u017e\u00edch a proto se bez cenzury a represe neobejde. Kdo se boj\u00ed pravdy nejv\u00edc, \u017ee\u00a0<strong>mus\u00ed do rol\u00ed cenzor\u016f nasazovat lidi jako M. Kl\u00edma?<\/strong> To je ot\u00e1zka, kter\u00e1 vy\u017eaduje ve\u0159ejnou debatu. Ta bohu\u017eel v sou\u010dasn\u00e9m \u010cesku nen\u00ed mo\u017en\u00e1.<\/p>\n<p><strong>\u201eAutorit\u00e1\u0159sk\u00e9\u201c Ma\u010farsko \u201ep\u0159ekvapiv\u011b\u201c cenzuru a kriminalizaci jin\u00fdch n\u00e1zor\u016f zav\u00e1d\u011bt nehodl\u00e1!<\/strong>\u00a0\u010c\u00edm to asi bude, vedou to tam snad Ma\u010fa\u0159i?PS. Nemyslete si, \u017ee u n\u00e1s v Americe je to lep\u0161\u00ed, jen zde zat\u00edm m\u016f\u017eeme pojmenov\u00e1vat v\u011bci prav\u00fdm jm\u00e9nem a b\u011b\u017en\u00fd Ameri\u010dan se tak\u00e9 moc do totality nehrne a ve sk\u0159\u00edni mu le\u017e\u00ed cel\u00fd zbrojn\u00ed arzen\u00e1l.\u00a8\u00a8<\/p>\n<figure class=\"wp-block-image size-full\"><img decoding=\"async\" loading=\"lazy\" class=\"wp-image-12839\" src=\"https:\/\/ceskavec.com\/wp-content\/uploads\/2022\/04\/lzid.jpg\" sizes=\"(max-width: 662px) 100vw, 662px\" srcset=\"https:\/\/ceskavec.com\/wp-content\/uploads\/2022\/04\/lzid.jpg 662w, https:\/\/ceskavec.com\/wp-content\/uploads\/2022\/04\/lzid-243x300.jpg 243w\" alt=\"\" width=\"662\" height=\"818\" \/><figcaption class=\"wp-element-caption\">Mnoho alternativn\u00edch medi\u00ed v USA zve\u0159ej\u0148uje v souvislosti s cenzurou antisemitsk\u00e9 vtipy<\/figcaption><\/figure>\n<p>John Panek, Texas, USA<\/p>\n<p><a href=\"https:\/\/ceskavec.com\/2023\/01\/ceskou-zahranicni-a-bezpecnostni-politiku-povede-zidovsky-neziskovkar-cenzuru-a-postih-jinych-nazoru-bude-mit-na-starosti-zidovsky-intelektual-kdo-vlastne-v-cesku-vladce-nejlepsim-prostredkem-boje\">\u010cesk\u00e1 v\u011bc<\/a><\/p>\n<p>&nbsp;<\/p>\n<p><img decoding=\"async\" loading=\"lazy\" class=\"wp-image-19187 aligncenter\" src=\"http:\/\/www.infokuryr.cz\/n\/wp-content\/uploads\/2022\/12\/1-PRO-300x36.jpg\" alt=\"\" width=\"1275\" height=\"153\" srcset=\"https:\/\/www.infokuryr.cz\/n\/wp-content\/uploads\/2022\/12\/1-PRO-300x36.jpg 300w, https:\/\/www.infokuryr.cz\/n\/wp-content\/uploads\/2022\/12\/1-PRO.jpg 699w\" sizes=\"(max-width: 1275px) 100vw, 1275px\" \/><\/p>\n<p>&nbsp;<\/p>\n","protected":false},"excerpt":{"rendered":"<p>Kdo vlastn\u011b v \u010cesku vl\u00e1dce? Nejlep\u0161\u00edm n\u00e1strojem proti l\u017ei je \u0159\u00edkat pravdu! Kdo se pravdy&#8230;<\/p>\n","protected":false},"author":2,"featured_media":20488,"comment_status":"closed","ping_status":"closed","sticky":false,"template":"","format":"standard","meta":[],"categories":[6],"tags":[76,873,122,92],"_links":{"self":[{"href":"https:\/\/www.infokuryr.cz\/n\/wp-json\/wp\/v2\/posts\/20812"}],"collection":[{"href":"https:\/\/www.infokuryr.cz\/n\/wp-json\/wp\/v2\/posts"}],"about":[{"href":"https:\/\/www.infokuryr.cz\/n\/wp-json\/wp\/v2\/types\/post"}],"author":[{"embeddable":true,"href":"https:\/\/www.infokuryr.cz\/n\/wp-json\/wp\/v2\/users\/2"}],"replies":[{"embeddable":true,"href":"https:\/\/www.infokuryr.cz\/n\/wp-json\/wp\/v2\/comments?post=20812"}],"version-history":[{"count":0,"href":"https:\/\/www.infokuryr.cz\/n\/wp-json\/wp\/v2\/posts\/20812\/revisions"}],"wp:featuredmedia":[{"embeddable":true,"href":"https:\/\/www.infokuryr.cz\/n\/wp-json\/wp\/v2\/media\/20488"}],"wp:attachment":[{"href":"https:\/\/www.infokuryr.cz\/n\/wp-json\/wp\/v2\/media?parent=20812"}],"wp:term":[{"taxonomy":"category","embeddable":true,"href":"https:\/\/www.infokuryr.cz\/n\/wp-json\/wp\/v2\/categories?post=20812"},{"taxonomy":"post_tag","embeddable":true,"href":"https:\/\/www.infokuryr.cz\/n\/wp-json\/wp\/v2\/tags?post=20812"}],"curies":[{"name":"wp","href":"https:\/\/api.w.org\/{rel}","templated":true}]}}